{"id":3317,"date":"2025-06-25T17:03:48","date_gmt":"2025-06-25T17:03:48","guid":{"rendered":"https:\/\/pasahoy.com.ar\/ph\/?p=3317"},"modified":"2025-06-25T17:03:48","modified_gmt":"2025-06-25T17:03:48","slug":"la-rioja-promociono-sus-rutas-y-productos-turisticos-en-el-norte-de-cordoba","status":"publish","type":"post","link":"https:\/\/pasahoy.com.ar\/ph\/la-rioja-promociono-sus-rutas-y-productos-turisticos-en-el-norte-de-cordoba\/","title":{"rendered":"La Rioja promocion\u00f3 sus rutas y productos tur\u00edsticos en el Norte de C\u00f3rdoba"},"content":{"rendered":"\n<p><em>La Casa de La Rioja en C\u00f3rdoba particip\u00f3 del lanzamiento del Corredor Tur\u00edstico del Norte Cordob\u00e9s con una muestra de sabores y destinos de la provincia. La iniciativa busca fortalecer los lazos culturales y proyectar a La Rioja como un destino tur\u00edstico federal de calidad.<\/em><\/p>\n\n\n\n<figure class=\"wp-block-gallery has-nested-images columns-default is-cropped wp-block-gallery-1 is-layout-flex wp-block-gallery-is-layout-flex\">\n<figure class=\"wp-block-image size-large\"><img loading=\"lazy\" decoding=\"async\" width=\"1024\" height=\"575\" data-id=\"3318\" src=\"https:\/\/pasahoy.com.ar\/ph\/wp-content\/uploads\/2025\/06\/1000451088-1024x575.jpg\" alt=\"\" class=\"wp-image-3318\" srcset=\"https:\/\/pasahoy.com.ar\/ph\/wp-content\/uploads\/2025\/06\/1000451088-1024x575.jpg 1024w, https:\/\/pasahoy.com.ar\/ph\/wp-content\/uploads\/2025\/06\/1000451088-300x168.jpg 300w, https:\/\/pasahoy.com.ar\/ph\/wp-content\/uploads\/2025\/06\/1000451088-768x431.jpg 768w, https:\/\/pasahoy.com.ar\/ph\/wp-content\/uploads\/2025\/06\/1000451088-1536x862.jpg 1536w, https:\/\/pasahoy.com.ar\/ph\/wp-content\/uploads\/2025\/06\/1000451088.jpg 1600w\" sizes=\"auto, (max-width: 1024px) 100vw, 1024px\" \/><\/figure>\n\n\n\n<figure class=\"wp-block-image size-large\"><img loading=\"lazy\" decoding=\"async\" width=\"1024\" height=\"575\" data-id=\"3319\" src=\"https:\/\/pasahoy.com.ar\/ph\/wp-content\/uploads\/2025\/06\/1000451092-1024x575.jpg\" alt=\"\" class=\"wp-image-3319\" srcset=\"https:\/\/pasahoy.com.ar\/ph\/wp-content\/uploads\/2025\/06\/1000451092-1024x575.jpg 1024w, https:\/\/pasahoy.com.ar\/ph\/wp-content\/uploads\/2025\/06\/1000451092-300x168.jpg 300w, https:\/\/pasahoy.com.ar\/ph\/wp-content\/uploads\/2025\/06\/1000451092-768x431.jpg 768w, https:\/\/pasahoy.com.ar\/ph\/wp-content\/uploads\/2025\/06\/1000451092-1536x862.jpg 1536w, https:\/\/pasahoy.com.ar\/ph\/wp-content\/uploads\/2025\/06\/1000451092.jpg 1600w\" sizes=\"auto, (max-width: 1024px) 100vw, 1024px\" \/><\/figure>\n\n\n\n<figure class=\"wp-block-image size-large\"><img loading=\"lazy\" decoding=\"async\" width=\"1024\" height=\"575\" data-id=\"3321\" src=\"https:\/\/pasahoy.com.ar\/ph\/wp-content\/uploads\/2025\/06\/1000451094-1024x575.jpg\" alt=\"\" class=\"wp-image-3321\" srcset=\"https:\/\/pasahoy.com.ar\/ph\/wp-content\/uploads\/2025\/06\/1000451094-1024x575.jpg 1024w, https:\/\/pasahoy.com.ar\/ph\/wp-content\/uploads\/2025\/06\/1000451094-300x168.jpg 300w, https:\/\/pasahoy.com.ar\/ph\/wp-content\/uploads\/2025\/06\/1000451094-768x431.jpg 768w, https:\/\/pasahoy.com.ar\/ph\/wp-content\/uploads\/2025\/06\/1000451094-1536x862.jpg 1536w, https:\/\/pasahoy.com.ar\/ph\/wp-content\/uploads\/2025\/06\/1000451094.jpg 1600w\" sizes=\"auto, (max-width: 1024px) 100vw, 1024px\" \/><\/figure>\n\n\n\n<figure class=\"wp-block-image size-large\"><img loading=\"lazy\" decoding=\"async\" width=\"1024\" height=\"575\" data-id=\"3320\" src=\"https:\/\/pasahoy.com.ar\/ph\/wp-content\/uploads\/2025\/06\/1000451096-1024x575.jpg\" alt=\"\" class=\"wp-image-3320\" srcset=\"https:\/\/pasahoy.com.ar\/ph\/wp-content\/uploads\/2025\/06\/1000451096-1024x575.jpg 1024w, https:\/\/pasahoy.com.ar\/ph\/wp-content\/uploads\/2025\/06\/1000451096-300x168.jpg 300w, https:\/\/pasahoy.com.ar\/ph\/wp-content\/uploads\/2025\/06\/1000451096-768x431.jpg 768w, https:\/\/pasahoy.com.ar\/ph\/wp-content\/uploads\/2025\/06\/1000451096-1536x862.jpg 1536w, https:\/\/pasahoy.com.ar\/ph\/wp-content\/uploads\/2025\/06\/1000451096.jpg 1600w\" sizes=\"auto, (max-width: 1024px) 100vw, 1024px\" \/><\/figure>\n<\/figure>\n\n\n\n<p>El pasado 18 de junio, en el marco del lanzamiento del Corredor Tur\u00edstico del Norte Cordob\u00e9s, la Casa de La Rioja en C\u00f3rdoba llev\u00f3 adelante una destacada jornada de promoci\u00f3n tur\u00edstica y gastron\u00f3mica en el Museo Octavio Pinto, ubicado en la localidad de Villa del Totoral.<br>Durante la actividad, se ofrecieron degustaciones de vinos, aceitunas, aceites de oliva, dulces y otros productos t\u00edpicos de la provincia, provistos por reconocidas firmas riojanas como Valle de La Puerta, El Matucho y El Buen Olivo. Adem\u00e1s, se brind\u00f3 informaci\u00f3n sobre los principales destinos tur\u00edsticos de La Rioja, con el objetivo de fortalecer el v\u00ednculo cultural y tur\u00edstico entre ambas regiones.<br>El evento cont\u00f3 con la participaci\u00f3n de autoridades locales y provinciales, entre ellas la intendenta de Villa del Totoral, Cecilia Garay; los intendentes Federico Z\u00e1rate (Jes\u00fas Mar\u00eda) y Carlos Cipri\u00e1n (Sinsacate); los legisladores Sebasti\u00e1n Peralta (Tulumba) y V\u00edctor Molina (Villa del Totoral); la directora de Productos Tur\u00edsticos de la Secretar\u00eda de Turismo del Gobierno de La Rioja, Lic. Mar\u00eda Celia Pizarro; la coordinadora de Turismo Gastron\u00f3mico, Lic. Hayd\u00e9e Quiroga; la coordinadora del \u00e1rea de Turismo y Culturas de la Casa de La Rioja en C\u00f3rdoba, Claudia Cabrera; y el director del Museo Nacional Jesu\u00edtico, Mgtr. Carlos Ferreyra.<\/p>\n\n\n\n<p><em>Identidad riojana<\/em><br>Al respecto, el secretario de la Casa de La Rioja en C\u00f3rdoba, Pedro S\u00e1nchez, destac\u00f3 que \u00abestos espacios de encuentro permiten visibilizar la identidad riojana a trav\u00e9s de sus sabores, paisajes y propuestas tur\u00edsticas. Desde la Casa, acompa\u00f1amos cada instancia que contribuya a generar lazos estrat\u00e9gicos con C\u00f3rdoba y a proyectar nuestra provincia como un destino de calidad en todo el pa\u00eds.\u201d<br>La jornada marc\u00f3 un nuevo paso en la integraci\u00f3n regional, consolidando el trabajo conjunto entre municipios, provincias e instituciones para el desarrollo de un turismo verdaderamente federal.<\/p>\n","protected":false},"excerpt":{"rendered":"<p>La Casa de La Rioja en C\u00f3rdoba particip\u00f3 del lanzamiento del Corredor Tur\u00edstico del Norte Cordob\u00e9s con una muestra de sabores y destinos de la provincia. La iniciativa busca fortalecer los lazos culturales y proyectar a La Rioja como un destino tur\u00edstico federal de calidad. El pasado 18 de junio, en el marco del lanzamiento [&hellip;]<\/p>\n","protected":false},"author":3,"featured_media":3318,"comment_status":"open","ping_status":"open","sticky":false,"template":"","format":"standard","meta":{"_jetpack_memberships_contains_paid_content":false,"footnotes":""},"categories":[1],"tags":[],"class_list":["post-3317","post","type-post","status-publish","format-standard","has-post-thumbnail","hentry","category-local"],"jetpack_featured_media_url":"https:\/\/pasahoy.com.ar\/ph\/wp-content\/uploads\/2025\/06\/1000451088.jpg","jetpack_sharing_enabled":true,"_links":{"self":[{"href":"https:\/\/pasahoy.com.ar\/ph\/wp-json\/wp\/v2\/posts\/3317","targetHints":{"allow":["GET"]}}],"collection":[{"href":"https:\/\/pasahoy.com.ar\/ph\/wp-json\/wp\/v2\/posts"}],"about":[{"href":"https:\/\/pasahoy.com.ar\/ph\/wp-json\/wp\/v2\/types\/post"}],"author":[{"embeddable":true,"href":"https:\/\/pasahoy.com.ar\/ph\/wp-json\/wp\/v2\/users\/3"}],"replies":[{"embeddable":true,"href":"https:\/\/pasahoy.com.ar\/ph\/wp-json\/wp\/v2\/comments?post=3317"}],"version-history":[{"count":1,"href":"https:\/\/pasahoy.com.ar\/ph\/wp-json\/wp\/v2\/posts\/3317\/revisions"}],"predecessor-version":[{"id":3322,"href":"https:\/\/pasahoy.com.ar\/ph\/wp-json\/wp\/v2\/posts\/3317\/revisions\/3322"}],"wp:featuredmedia":[{"embeddable":true,"href":"https:\/\/pasahoy.com.ar\/ph\/wp-json\/wp\/v2\/media\/3318"}],"wp:attachment":[{"href":"https:\/\/pasahoy.com.ar\/ph\/wp-json\/wp\/v2\/media?parent=3317"}],"wp:term":[{"taxonomy":"category","embeddable":true,"href":"https:\/\/pasahoy.com.ar\/ph\/wp-json\/wp\/v2\/categories?post=3317"},{"taxonomy":"post_tag","embeddable":true,"href":"https:\/\/pasahoy.com.ar\/ph\/wp-json\/wp\/v2\/tags?post=3317"}],"curies":[{"name":"wp","href":"https:\/\/api.w.org\/{rel}","templated":true}]}}