{"id":3314,"date":"2025-06-25T17:02:19","date_gmt":"2025-06-25T17:02:19","guid":{"rendered":"https:\/\/pasahoy.com.ar\/ph\/?p=3314"},"modified":"2025-06-25T17:02:34","modified_gmt":"2025-06-25T17:02:34","slug":"allanamiento-en-barrio-las-agaves-por-presunto-caso-de-trata-de-personas","status":"publish","type":"post","link":"https:\/\/pasahoy.com.ar\/ph\/allanamiento-en-barrio-las-agaves-por-presunto-caso-de-trata-de-personas\/","title":{"rendered":"Allanamiento en barrio Las Agaves por presunto caso de trata de personas"},"content":{"rendered":"\n<p>Personal de la Direcci\u00f3n de Trata de Personas de la Polic\u00eda llev\u00f3 a cabo un allanamiento en el barrio Las Agaves, en el marco de una causa iniciada hace m\u00e1s de un a\u00f1o, vinculada a un presunto caso de explotaci\u00f3n sexual de una menor de edad.<\/p>\n\n\n\n<p>La investigaci\u00f3n se origin\u00f3 a partir del testimonio de la propia v\u00edctima, quien logr\u00f3 escapar de su lugar de cautiverio y denunci\u00f3 que estaba siendo obligada a casarse con un hombre mucho mayor que ella, adem\u00e1s de ser sometida a trabajos vinculados a la explotaci\u00f3n sexual.<\/p>\n\n\n\n<p>En aquella oportunidad, fue un pastor evang\u00e9lico quien la puso a resguardo de forma inmediata, hasta que se dio intervenci\u00f3n a las distintas \u00e1reas del Estado que comenzaron a trabajar en el caso.<\/p>\n\n\n\n<p>Las l\u00edneas investigativas derivadas del testimonio de la joven llevaron a que en las \u00faltimas horas se determinara el allanamiento del domicilio se\u00f1alado en el barrio Las Agaves, donde se habr\u00edan producido hechos clave para el avance de la causa.<\/p>\n\n\n\n<p>El operativo fue coordinado con el Ministerio P\u00fablico Fiscal y se llev\u00f3 a cabo con la participaci\u00f3n de personal especializado en delitos de trata. En el lugar, se procedi\u00f3 a recolectar elementos de prueba que ser\u00e1n incorporados al expediente judicial.<\/p>\n\n\n\n<p>La investigaci\u00f3n contin\u00faa en curso y bajo estricto hermetismo, dada la gravedad del caso y la condici\u00f3n de vulnerabilidad de la v\u00edctima. Desde la Direcci\u00f3n de Trata de Personas reiteraron la importancia de la denuncia temprana y recordaron que existen canales confidenciales para intervenir en situaciones de abuso o explotaci\u00f3n.<\/p>\n\n\n\n<figure class=\"wp-block-gallery has-nested-images columns-default is-cropped wp-block-gallery-1 is-layout-flex wp-block-gallery-is-layout-flex\">\n<figure class=\"wp-block-image size-large\"><img loading=\"lazy\" decoding=\"async\" width=\"1024\" height=\"760\" data-id=\"3315\" src=\"https:\/\/pasahoy.com.ar\/ph\/wp-content\/uploads\/2025\/06\/1000451286-1024x760.png\" alt=\"\" class=\"wp-image-3315\" srcset=\"https:\/\/pasahoy.com.ar\/ph\/wp-content\/uploads\/2025\/06\/1000451286-1024x760.png 1024w, https:\/\/pasahoy.com.ar\/ph\/wp-content\/uploads\/2025\/06\/1000451286-300x223.png 300w, https:\/\/pasahoy.com.ar\/ph\/wp-content\/uploads\/2025\/06\/1000451286-768x570.png 768w, https:\/\/pasahoy.com.ar\/ph\/wp-content\/uploads\/2025\/06\/1000451286.png 1080w\" sizes=\"auto, (max-width: 1024px) 100vw, 1024px\" \/><\/figure>\n<\/figure>\n","protected":false},"excerpt":{"rendered":"<p>Personal de la Direcci\u00f3n de Trata de Personas de la Polic\u00eda llev\u00f3 a cabo un allanamiento en el barrio Las Agaves, en el marco de una causa iniciada hace m\u00e1s de un a\u00f1o, vinculada a un presunto caso de explotaci\u00f3n sexual de una menor de edad. La investigaci\u00f3n se origin\u00f3 a partir del testimonio de [&hellip;]<\/p>\n","protected":false},"author":3,"featured_media":3315,"comment_status":"open","ping_status":"open","sticky":false,"template":"","format":"standard","meta":{"_jetpack_memberships_contains_paid_content":false,"footnotes":""},"categories":[9],"tags":[],"class_list":["post-3314","post","type-post","status-publish","format-standard","has-post-thumbnail","hentry","category-policial"],"jetpack_featured_media_url":"https:\/\/pasahoy.com.ar\/ph\/wp-content\/uploads\/2025\/06\/1000451286.png","jetpack_sharing_enabled":true,"_links":{"self":[{"href":"https:\/\/pasahoy.com.ar\/ph\/wp-json\/wp\/v2\/posts\/3314","targetHints":{"allow":["GET"]}}],"collection":[{"href":"https:\/\/pasahoy.com.ar\/ph\/wp-json\/wp\/v2\/posts"}],"about":[{"href":"https:\/\/pasahoy.com.ar\/ph\/wp-json\/wp\/v2\/types\/post"}],"author":[{"embeddable":true,"href":"https:\/\/pasahoy.com.ar\/ph\/wp-json\/wp\/v2\/users\/3"}],"replies":[{"embeddable":true,"href":"https:\/\/pasahoy.com.ar\/ph\/wp-json\/wp\/v2\/comments?post=3314"}],"version-history":[{"count":1,"href":"https:\/\/pasahoy.com.ar\/ph\/wp-json\/wp\/v2\/posts\/3314\/revisions"}],"predecessor-version":[{"id":3316,"href":"https:\/\/pasahoy.com.ar\/ph\/wp-json\/wp\/v2\/posts\/3314\/revisions\/3316"}],"wp:featuredmedia":[{"embeddable":true,"href":"https:\/\/pasahoy.com.ar\/ph\/wp-json\/wp\/v2\/media\/3315"}],"wp:attachment":[{"href":"https:\/\/pasahoy.com.ar\/ph\/wp-json\/wp\/v2\/media?parent=3314"}],"wp:term":[{"taxonomy":"category","embeddable":true,"href":"https:\/\/pasahoy.com.ar\/ph\/wp-json\/wp\/v2\/categories?post=3314"},{"taxonomy":"post_tag","embeddable":true,"href":"https:\/\/pasahoy.com.ar\/ph\/wp-json\/wp\/v2\/tags?post=3314"}],"curies":[{"name":"wp","href":"https:\/\/api.w.org\/{rel}","templated":true}]}}