{"id":3311,"date":"2025-06-25T01:33:28","date_gmt":"2025-06-25T01:33:28","guid":{"rendered":"https:\/\/pasahoy.com.ar\/ph\/?p=3311"},"modified":"2025-06-25T01:40:25","modified_gmt":"2025-06-25T01:40:25","slug":"la-madre-de-un-bebe-denuncio-a-su-ninera-en-cordoba-esa-manana-senti-que-me-lo-mataba","status":"publish","type":"post","link":"https:\/\/pasahoy.com.ar\/ph\/la-madre-de-un-bebe-denuncio-a-su-ninera-en-cordoba-esa-manana-senti-que-me-lo-mataba\/","title":{"rendered":"La madre de un beb\u00e9 denunci\u00f3 a su ni\u00f1era en C\u00f3rdoba: \u00abEsa ma\u00f1ana sent\u00ed que me lo mataba\u00bb"},"content":{"rendered":"\n<p>La cuidadora, que fue contratada a trav\u00e9s de una empresa, est\u00e1 imputada por \u00ablesiones leves\u00bb. Pidieron agravar la imputaci\u00f3n. La progenitora afirm\u00f3 que en un video se puede observar que \u00able da una cachetada que le da vuelta la cara\u00bb al beb\u00e9.<\/p>\n\n\n\n<p>La madre de un&nbsp;<strong>beb\u00e9 de siete meses<\/strong>&nbsp;denunci\u00f3 a su<strong>&nbsp;ni\u00f1era&nbsp;<\/strong>por presunto&nbsp;<strong>maltrato<\/strong>&nbsp;en una vivienda de un complejo cerrado en un barrio de la zona sur de la ciudad de C\u00f3rdoba.<\/p>\n\n\n\n<p>La progenitora confirm\u00f3 que realiz\u00f3 la denuncia penal en la unidad judicial n\u00famero 5 y que la cuidadora est\u00e1 imputada por&nbsp;<strong>\u00ablesiones leves\u00bb.<\/strong><\/p>\n\n\n\n<p>El abogado de la familia, Ramiro Baz\u00e1n, solicit\u00f3 en la tarde del lunes la admisi\u00f3n como querellante particular.&nbsp;<strong>\u00abEstamos esperando la autorizaci\u00f3n de la Justicia para que nos d\u00e9 lugar al pedido<\/strong>\u00ab, explic\u00f3.<\/p>\n\n\n\n<p>Adem\u00e1s pidi\u00f3 el agravamiento de la pena para&nbsp;<strong>\u00abque pase a tentativa de homicidio o lesiones graves calificadas por la calidad de guardadora de esta se\u00f1ora\u00bb<\/strong>.<\/p>\n\n\n\n<p>\u00abEs una situaci\u00f3n que nos tiene que doler a todos como sociedad. Nadie est\u00e1 exento de que le pueda pasar esto. La familia est\u00e1 totalmente destruida y devastada por la situaci\u00f3n, pese a haber tomado todos los recaudos para meter a una persona a cuidar a su beb\u00e9\u00bb, finaliz\u00f3 el letrado.<\/p>\n\n\n\n<h2 class=\"wp-block-heading\">Me ha afectado la vida, el sue\u00f1o\u00bb<\/h2>\n\n\n\n<p>\u00abAhora estoy un poco m\u00e1s entera para poder hablar porque la verdad que todo el tiempo estaba llorando.&nbsp;<strong>Me ha afectado la vida, el sue\u00f1o, todo, porque me acuerdo de las im\u00e1genes y lloro<\/strong>\u00ab, cont\u00f3 la mujer.<\/p>\n\n\n\n<p>\u00abYo ya hab\u00eda comenzado la b\u00fasqueda de ni\u00f1era mucho antes de reincorporarme a trabajar. Despu\u00e9s al no encontrar la indicada por los horarios, contrato una empresa de ni\u00f1eras\u00bb, agreg\u00f3 en declaraciones a&nbsp;<em>Mitre C\u00f3rdoba<\/em>.<\/p>\n\n\n\n<p>Adem\u00e1s se\u00f1al\u00f3 que tuvo entrevistas virtuales con las candidatas y con la compa\u00f1\u00eda. \u00abYo vi cada uno de los curr\u00edculum, ellos me los comentaron tambi\u00e9n por audio. Fui haciendo la selecci\u00f3n, y despu\u00e9s seleccion\u00e9 a tres.&nbsp;<strong>Yo la selecciono a ella porque ya hab\u00eda tenido experiencia en el cuidado de beb\u00e9s, de ni\u00f1os<\/strong>\u00ab, precis\u00f3 la denunciante.<\/p>\n\n\n\n<p>\u00ab<strong>Me encargu\u00e9 de llamar a las referencias, ten\u00eda cinco referencias laborales. Una hab\u00eda sido por limpieza, fue la \u00fanica que no llam\u00e9. Todas me dieron buenas referencias<\/strong>\u00ab, enfatiz\u00f3.<\/p>\n\n\n\n<h2 class=\"wp-block-heading\">Ella era muy cumplidora\u00bb<\/h2>\n\n\n\n<p>La mujer explic\u00f3 que su hijo hoy tiene siete meses y que todo ocurri\u00f3 cuando el peque\u00f1o ten\u00eda \u00abcasi cinco meses\u00bb. \u00ab<strong>La contrato, ella ya ven\u00eda desempe\u00f1\u00e1ndose, no miraba nada raro. Lo que s\u00ed la personalidad de ella era muy cumplidora, siempre llegaba en punto<\/strong>. Ella ven\u00eda desde las 7.10 hasta las 15&#8243;, detall\u00f3.<\/p>\n\n\n\n<p>\u00abMi otro nene, de dos a\u00f1os y medio, va a la guarder\u00eda desde los cinco meses, no lo quisimos sacar de la guarder\u00eda para que ella lo cuidara pero ella fue contratada para los dos\u00bb, prosigui\u00f3 en su relato<\/p>\n\n\n\n<p>Tambi\u00e9n asever\u00f3 que su otro hijo \u00abnunca se quiso quedar con ella\u00bb. \u00abAl \u00faltimo cuando ya la desped\u00ed, dijo que para \u00e9l era mala la se\u00f1ora\u00bb, asegur\u00f3.<\/p>\n\n\n\n<h2 class=\"wp-block-heading\">\u00abUna cachetada que le da vuelta la cara\u00bb<\/h2>\n\n\n\n<p>La madre manifest\u00f3 que comenz\u00f3 a tener dolores de pecho y dolores f\u00edsicos por lo que le dijo a su marido que&nbsp;<strong>\u00abalgo andaba mal\u00bb<\/strong>.<\/p>\n\n\n\n<p>\u00abYo me sent\u00eda mal, buscaba echarla. No s\u00e9 qu\u00e9 est\u00e1 pasando pero algo est\u00e1 mal porque yo me estoy sintiendo mal. Yo la tengo que echar a la ni\u00f1era, le digo.&nbsp;<strong>Ten\u00eda un presentimiento feo<\/strong>\u00ab, insisti\u00f3.<\/p>\n\n\n\n<figure class=\"wp-block-gallery has-nested-images columns-default is-cropped wp-block-gallery-1 is-layout-flex wp-block-gallery-is-layout-flex\">\n<figure class=\"wp-block-image size-large\"><img loading=\"lazy\" decoding=\"async\" width=\"1024\" height=\"569\" data-id=\"3312\" src=\"https:\/\/pasahoy.com.ar\/ph\/wp-content\/uploads\/2025\/06\/1000450074-1024x569.png\" alt=\"\" class=\"wp-image-3312\" srcset=\"https:\/\/pasahoy.com.ar\/ph\/wp-content\/uploads\/2025\/06\/1000450074-1024x569.png 1024w, https:\/\/pasahoy.com.ar\/ph\/wp-content\/uploads\/2025\/06\/1000450074-300x167.png 300w, https:\/\/pasahoy.com.ar\/ph\/wp-content\/uploads\/2025\/06\/1000450074-768x427.png 768w, https:\/\/pasahoy.com.ar\/ph\/wp-content\/uploads\/2025\/06\/1000450074.png 1062w\" sizes=\"auto, (max-width: 1024px) 100vw, 1024px\" \/><\/figure>\n<\/figure>\n","protected":false},"excerpt":{"rendered":"<p>La cuidadora, que fue contratada a trav\u00e9s de una empresa, est\u00e1 imputada por \u00ablesiones leves\u00bb. Pidieron agravar la imputaci\u00f3n. La progenitora afirm\u00f3 que en un video se puede observar que \u00able da una cachetada que le da vuelta la cara\u00bb al beb\u00e9. La madre de un&nbsp;beb\u00e9 de siete meses&nbsp;denunci\u00f3 a su&nbsp;ni\u00f1era&nbsp;por presunto&nbsp;maltrato&nbsp;en una vivienda de [&hellip;]<\/p>\n","protected":false},"author":3,"featured_media":3312,"comment_status":"open","ping_status":"open","sticky":false,"template":"","format":"standard","meta":{"_jetpack_memberships_contains_paid_content":false,"footnotes":""},"categories":[2],"tags":[],"class_list":["post-3311","post","type-post","status-publish","format-standard","has-post-thumbnail","hentry","category-nacional"],"jetpack_featured_media_url":"https:\/\/pasahoy.com.ar\/ph\/wp-content\/uploads\/2025\/06\/1000450074.png","jetpack_sharing_enabled":true,"_links":{"self":[{"href":"https:\/\/pasahoy.com.ar\/ph\/wp-json\/wp\/v2\/posts\/3311","targetHints":{"allow":["GET"]}}],"collection":[{"href":"https:\/\/pasahoy.com.ar\/ph\/wp-json\/wp\/v2\/posts"}],"about":[{"href":"https:\/\/pasahoy.com.ar\/ph\/wp-json\/wp\/v2\/types\/post"}],"author":[{"embeddable":true,"href":"https:\/\/pasahoy.com.ar\/ph\/wp-json\/wp\/v2\/users\/3"}],"replies":[{"embeddable":true,"href":"https:\/\/pasahoy.com.ar\/ph\/wp-json\/wp\/v2\/comments?post=3311"}],"version-history":[{"count":1,"href":"https:\/\/pasahoy.com.ar\/ph\/wp-json\/wp\/v2\/posts\/3311\/revisions"}],"predecessor-version":[{"id":3313,"href":"https:\/\/pasahoy.com.ar\/ph\/wp-json\/wp\/v2\/posts\/3311\/revisions\/3313"}],"wp:featuredmedia":[{"embeddable":true,"href":"https:\/\/pasahoy.com.ar\/ph\/wp-json\/wp\/v2\/media\/3312"}],"wp:attachment":[{"href":"https:\/\/pasahoy.com.ar\/ph\/wp-json\/wp\/v2\/media?parent=3311"}],"wp:term":[{"taxonomy":"category","embeddable":true,"href":"https:\/\/pasahoy.com.ar\/ph\/wp-json\/wp\/v2\/categories?post=3311"},{"taxonomy":"post_tag","embeddable":true,"href":"https:\/\/pasahoy.com.ar\/ph\/wp-json\/wp\/v2\/tags?post=3311"}],"curies":[{"name":"wp","href":"https:\/\/api.w.org\/{rel}","templated":true}]}}