{"id":3308,"date":"2025-06-25T01:26:07","date_gmt":"2025-06-25T01:26:07","guid":{"rendered":"https:\/\/pasahoy.com.ar\/ph\/?p=3308"},"modified":"2025-06-25T01:26:23","modified_gmt":"2025-06-25T01:26:23","slug":"trabajadores-del-garrahan-anuncian-un-nuevo-paro-y-acusan-al-gobierno-de-querer-desmantelar-el-hospital","status":"publish","type":"post","link":"https:\/\/pasahoy.com.ar\/ph\/trabajadores-del-garrahan-anuncian-un-nuevo-paro-y-acusan-al-gobierno-de-querer-desmantelar-el-hospital\/","title":{"rendered":"Trabajadores del Garrahan anuncian un nuevo paro y acusan al Gobierno de querer desmantelar el hospital"},"content":{"rendered":"\n<p>La medida ser\u00e1 acompa\u00f1ada por un festival. Desde ATE apuntan contra Milei y funcionarios por \u201cmentiras\u201d y vaciamiento del sistema sanitario.<\/p>\n\n\n\n<p>Los trabajadores del&nbsp;<a target=\"_blank\" href=\"https:\/\/www.perfil.com\/noticias\/politica\/dos-nuevos-paros-en-el-garrahan-esta-semana-profesionales-denuncian-plan-de-destruccion-institucional.phtml\" rel=\"noreferrer noopener\"><strong>Hospital Garrahan<\/strong><\/a>&nbsp;anunciaron un&nbsp;<strong>nuevo paro de 24 horas para este mi\u00e9rcoles 25 de junio<\/strong>, a partir de las 7 de la ma\u00f1ana, en respuesta al conflicto abierto con el Gobierno nacional y la falta de propuestas concretas para destrabar la crisis sanitaria. La medida incluir\u00e1, adem\u00e1s, un&nbsp;<strong>festival solidario frente al establecimiento<\/strong>.<\/p>\n\n\n\n<p>El reclamo apunta directamente contra el presidente&nbsp;<a target=\"_blank\" href=\"https:\/\/www.perfil.com\/noticias\/politica\/javier-milei-respaldo-a-donald-trump-tras-el-ataque-de-estados-unidos-a-iran.phtml\" rel=\"noreferrer noopener\"><strong>Javier Milei<\/strong><\/a>&nbsp;y contra el ministro de Salud de la Naci\u00f3n,&nbsp;<strong>Mario Lugones<\/strong>, a quienes acusan de emprender una \u201cguerra\u201d contra el principal hospital pedi\u00e1trico del pa\u00eds, seg\u00fan denunciaron desde la Junta Interna de ATE Garrahan.<\/p>\n\n\n\n<p><strong>Alejandro Lipcovich<\/strong>, secretario general de\u00a0<a href=\"https:\/\/www.perfil.com\/noticias\/bravotv\/paro-nacional-de-ate-desde-la-medianoche-fuerte-conflicto-en-el-hospital-garrahan-y-tension-en-todo-el-sector-salud.phtml\" target=\"_blank\" rel=\"noreferrer noopener\">ATE<\/a>\u00a0en el hospital, afirm\u00f3 que la protesta responde a \u201c<strong>las flagrantes mentiras difundidas por el gobierno<\/strong>\u201d y al deterioro de las condiciones laborales. \u201c<strong>Dicen que el personal administrativo es mayor\u00eda, cuando representa solo el 10% del total. Es una aberraci\u00f3n<\/strong>\u201d, sostuvo. <\/p>\n\n\n\n<p>Tambi\u00e9n rechaz\u00f3 que se considere un ingreso superior a los $380.000 como fuera de la l\u00ednea de pobreza, tal como plante\u00f3 el presidente. Lipcovich advirti\u00f3 que \u201cdesfinanciar las residencias m\u00e9dicas dejar\u00eda sin futuro al sistema de salud p\u00fablica\u201d.<\/p>\n\n\n\n<p><strong>Gerardo Oroz<\/strong>, secretario adjunto del gremio, fue m\u00e1s all\u00e1: \u201c<strong>El objetivo es vaciar el Garrahan y desmantelar el sistema de salud<\/strong>\u201d. Para los trabajadores, los ataques discursivos y la inacci\u00f3n oficial son parte de una pol\u00edtica deliberada de ajuste estructural.<\/p>\n\n\n\n<h2 class=\"wp-block-heading\">Reclamo salarial y condiciones laborales en el centro del conflicto<\/h2>\n\n\n\n<p>Entre los puntos centrales del reclamo se encuentra la demanda de un salario inicial de $1.800.000, cifra que los gremios consideran adecuada para el tipo de tareas que se desempe\u00f1an en el hospital. \u201c<strong>El plan de lucha se va a profundizar<\/strong>\u201d, anticiparon desde la conducci\u00f3n sindical.<\/p>\n\n\n\n<p>Desde el sindicato tambi\u00e9n cuestionan la falta de avances en la mesa de negociaci\u00f3n. Denuncian que durante las audiencias de conciliaci\u00f3n obligatoria el gobierno no present\u00f3 propuestas, y en la \u00faltima instancia ni siquiera envi\u00f3 representantes del hospital.<\/p>\n\n\n\n<p>\u201c<strong>Las maniobras dilatorias est\u00e1n llevando la situaci\u00f3n al l\u00edmite. No hay voluntad de resolver el conflicto<\/strong>\u201d, se\u00f1alaron. <\/p>\n\n\n\n<p>La medida de fuerza de este mi\u00e9rcoles incluir\u00e1\u00a0<strong>un festival que comenzar\u00e1 a las 9:00 y se extender\u00e1 hasta las 22:00<\/strong>, seg\u00fan confirm\u00f3 Lipcovich en redes sociales. El evento contar\u00e1 con la presencia de artistas, profesionales y referentes del sector que acompa\u00f1an la defensa de la salud p\u00fablica.<\/p>\n\n\n\n<p>Desde ATE remarcaron que el festival ser\u00e1 \u201c<strong>una demostraci\u00f3n de unidad frente a los ataques del Gobierno<\/strong>\u201d y que cuenta con un respaldo creciente por parte de la sociedad civil.<\/p>\n\n\n\n<h2 class=\"wp-block-heading\">Choque con la conciliaci\u00f3n obligatoria y rechazo oficial<\/h2>\n\n\n\n<p>Desde el Ministerio de Salud, en tanto,&nbsp;<strong>remarcaron que la huelga convocada viola los t\u00e9rminos de la conciliaci\u00f3n obligatoria vigente<\/strong>. \u201cNo cumplir con ese acuerdo atenta contra la buena fe negocial\u201d, se\u00f1alaron fuentes de la cartera conducida por Lugones.<\/p>\n\n\n\n<p>Sin embargo, los trabajadores del Garrahan aseguran que el Gobierno incumple primero: \u201c<strong>La conciliaci\u00f3n es una pantalla, no hay di\u00e1logo real. No hay propuestas ni voluntad de resolver nada<\/strong>\u201d, expres\u00f3 Lipcovich.<\/p>\n\n\n\n<p>Todo indica que la audiencia convocada esta semana en la Secretar\u00eda de Trabajo de la Naci\u00f3n tampoco servir\u00e1 para avanzar en una soluci\u00f3n. La distancia entre las partes crece, al tiempo que el conflicto suma tensi\u00f3n social y respaldo gremial.<\/p>\n\n\n\n<figure class=\"wp-block-gallery has-nested-images columns-default is-cropped wp-block-gallery-1 is-layout-flex wp-block-gallery-is-layout-flex\">\n<figure class=\"wp-block-image size-large\"><img loading=\"lazy\" decoding=\"async\" width=\"1024\" height=\"577\" data-id=\"3309\" src=\"https:\/\/pasahoy.com.ar\/ph\/wp-content\/uploads\/2025\/06\/1000450033-1024x577.png\" alt=\"\" class=\"wp-image-3309\" srcset=\"https:\/\/pasahoy.com.ar\/ph\/wp-content\/uploads\/2025\/06\/1000450033-1024x577.png 1024w, https:\/\/pasahoy.com.ar\/ph\/wp-content\/uploads\/2025\/06\/1000450033-300x169.png 300w, https:\/\/pasahoy.com.ar\/ph\/wp-content\/uploads\/2025\/06\/1000450033-768x433.png 768w, https:\/\/pasahoy.com.ar\/ph\/wp-content\/uploads\/2025\/06\/1000450033.png 1071w\" sizes=\"auto, (max-width: 1024px) 100vw, 1024px\" \/><\/figure>\n<\/figure>\n","protected":false},"excerpt":{"rendered":"<p>La medida ser\u00e1 acompa\u00f1ada por un festival. Desde ATE apuntan contra Milei y funcionarios por \u201cmentiras\u201d y vaciamiento del sistema sanitario. Los trabajadores del&nbsp;Hospital Garrahan&nbsp;anunciaron un&nbsp;nuevo paro de 24 horas para este mi\u00e9rcoles 25 de junio, a partir de las 7 de la ma\u00f1ana, en respuesta al conflicto abierto con el Gobierno nacional y la [&hellip;]<\/p>\n","protected":false},"author":3,"featured_media":3309,"comment_status":"open","ping_status":"open","sticky":false,"template":"","format":"standard","meta":{"_jetpack_memberships_contains_paid_content":false,"footnotes":""},"categories":[2],"tags":[],"class_list":["post-3308","post","type-post","status-publish","format-standard","has-post-thumbnail","hentry","category-nacional"],"jetpack_featured_media_url":"https:\/\/pasahoy.com.ar\/ph\/wp-content\/uploads\/2025\/06\/1000450033.png","jetpack_sharing_enabled":true,"_links":{"self":[{"href":"https:\/\/pasahoy.com.ar\/ph\/wp-json\/wp\/v2\/posts\/3308","targetHints":{"allow":["GET"]}}],"collection":[{"href":"https:\/\/pasahoy.com.ar\/ph\/wp-json\/wp\/v2\/posts"}],"about":[{"href":"https:\/\/pasahoy.com.ar\/ph\/wp-json\/wp\/v2\/types\/post"}],"author":[{"embeddable":true,"href":"https:\/\/pasahoy.com.ar\/ph\/wp-json\/wp\/v2\/users\/3"}],"replies":[{"embeddable":true,"href":"https:\/\/pasahoy.com.ar\/ph\/wp-json\/wp\/v2\/comments?post=3308"}],"version-history":[{"count":1,"href":"https:\/\/pasahoy.com.ar\/ph\/wp-json\/wp\/v2\/posts\/3308\/revisions"}],"predecessor-version":[{"id":3310,"href":"https:\/\/pasahoy.com.ar\/ph\/wp-json\/wp\/v2\/posts\/3308\/revisions\/3310"}],"wp:featuredmedia":[{"embeddable":true,"href":"https:\/\/pasahoy.com.ar\/ph\/wp-json\/wp\/v2\/media\/3309"}],"wp:attachment":[{"href":"https:\/\/pasahoy.com.ar\/ph\/wp-json\/wp\/v2\/media?parent=3308"}],"wp:term":[{"taxonomy":"category","embeddable":true,"href":"https:\/\/pasahoy.com.ar\/ph\/wp-json\/wp\/v2\/categories?post=3308"},{"taxonomy":"post_tag","embeddable":true,"href":"https:\/\/pasahoy.com.ar\/ph\/wp-json\/wp\/v2\/tags?post=3308"}],"curies":[{"name":"wp","href":"https:\/\/api.w.org\/{rel}","templated":true}]}}