{"id":3301,"date":"2025-06-25T01:16:50","date_gmt":"2025-06-25T01:16:50","guid":{"rendered":"https:\/\/pasahoy.com.ar\/ph\/?p=3301"},"modified":"2025-06-25T01:17:11","modified_gmt":"2025-06-25T01:17:11","slug":"agustina-gandolfo-la-mujer-de-lautaro-martinez-enloquecio-a-sus-seguidores-en-microbikini-mocha-mousse","status":"publish","type":"post","link":"https:\/\/pasahoy.com.ar\/ph\/agustina-gandolfo-la-mujer-de-lautaro-martinez-enloquecio-a-sus-seguidores-en-microbikini-mocha-mousse\/","title":{"rendered":"Agustina Gandolfo, la mujer de Lautaro Mart\u00ednez, enloqueci\u00f3 a sus seguidores en microbikini mocha mousse"},"content":{"rendered":"\n<p>Desde Punta Cana, hizo una sesi\u00f3n de fotos casera y cosech\u00f3 elogios: \u201cQu\u00e9 mujer incre\u00edble\u201d, escribi\u00f3 un fan.<\/p>\n\n\n\n<p>De vacaciones en el Caribe,\u00a0<a href=\"https:\/\/tn.com.ar\/estilo\/celebridades\/2025\/06\/09\/agustina-gandolfo-poso-frente-al-espejo-en-microbikini-animal-print-colaless-y-piluso-jacquemus\/\" target=\"_blank\" rel=\"noreferrer noopener\"><strong>Agus Gandolfo<\/strong><\/a>comparti\u00f3 una postal desde<strong>\u00a0Punta Cana<\/strong>\u00a0en la que pos\u00f3 al aire libre bajo el sol tropical. La<em>\u00a0influencer<\/em>\u00a0eligi\u00f3 un look que refleja las \u00faltimas tendencias en trajes de ba\u00f1o.<\/p>\n\n\n\n<p>Su elecci\u00f3n\u00a0<em>fashionista<\/em>? Llev\u00f3 una\u00a0<strong>microbikini color\u00a0<\/strong><em><strong>mocha mousse<\/strong><\/em><strong>,<\/strong>\u00a0el color del 2025 que se usa tanto en opciones verniegas como en looks invernales<\/p>\n\n\n\n<p>El corpi\u00f1o es tipo<em><strong>strapless\u00a0<\/strong><\/em><strong>con frunce central\u00a0<\/strong>y detalle de\u00a0<strong>arandela met\u00e1lica<\/strong>\u00a0en el frente, con breteles finitos. La bombacha,\u00a0<strong>diminuta y\u00a0<\/strong><em><strong>colaless<\/strong><\/em>, tiene\u00a0<strong>molder\u00eda cavada<\/strong>\u00a0y se sujeta con\u00a0<strong>tiras finas regulables<\/strong>\u00a0a los costados que se atan en forma de mo\u00f1o.<\/p>\n\n\n\n<p>El dise\u00f1o, de\u00a0<strong>est\u00e9tica minimalista<\/strong>, destaca por su color marr\u00f3n uniforme,<strong>\u00a0sin estampados ni brillos<\/strong>.<\/p>\n\n\n\n<p>Complet\u00f3 el look con un par de lentes de sol rectangulares de marco negro, de inspiraci\u00f3n noventosa. Adem\u00e1s, sum\u00f3 accesorios dorados: una cadena fina con dije peque\u00f1o, aros medianos y pulseras met\u00e1licas.En cuanto al beauty look, llev\u00f3 el pelo suelto y mojado, peinado hacia atr\u00e1s, y la piel bronceada a tono con el paisaje caribe\u00f1o.<\/p>\n\n\n\n<h2 class=\"wp-block-heading\">Agustina Gandolfo en microbikini y piluso Jacquemus<\/h2>\n\n\n\n<p>Mientras equilibra su faceta como empresaria gastron\u00f3mica -tiene su propio restaurant en Mil\u00e1n- y se luce como&nbsp;<em>influencer fitness&nbsp;<\/em>en Instagram,&nbsp;<a href=\"https:\/\/tn.com.ar\/estilo\/celebridades\/2024\/11\/14\/desde-milan-agustina-gandolfo-aposto-a-la-tendencia-cherry-con-top-minifalda-y-bucaneras\/\"><strong>Agustina Gandolfo<\/strong>&nbsp;<\/a>no duda en compartir sus looks favoritos con sus seguidores, sobre todo cuando se trata de apuestas de alto verano.<\/p>\n\n\n\n<p>Recientemente, dej\u00f3 ver su elecci\u00f3n de traje de ba\u00f1o para una jornada al sol. Siempre al tanto de las tendencias, opt\u00f3 por un modelo&nbsp;<em><strong>animal print&nbsp;<\/strong><\/em><strong>de leopardo<\/strong>, con corpi\u00f1o entero estilo deportivo y bombacha&nbsp;<em><strong>colaless<\/strong><\/em>.<\/p>\n\n\n\n<figure class=\"wp-block-gallery has-nested-images columns-default is-cropped wp-block-gallery-1 is-layout-flex wp-block-gallery-is-layout-flex\">\n<figure class=\"wp-block-image size-large\"><img loading=\"lazy\" decoding=\"async\" width=\"949\" height=\"478\" data-id=\"3302\" src=\"https:\/\/pasahoy.com.ar\/ph\/wp-content\/uploads\/2025\/06\/1000450022.png\" alt=\"\" class=\"wp-image-3302\" srcset=\"https:\/\/pasahoy.com.ar\/ph\/wp-content\/uploads\/2025\/06\/1000450022.png 949w, https:\/\/pasahoy.com.ar\/ph\/wp-content\/uploads\/2025\/06\/1000450022-300x151.png 300w, https:\/\/pasahoy.com.ar\/ph\/wp-content\/uploads\/2025\/06\/1000450022-768x387.png 768w\" sizes=\"auto, (max-width: 949px) 100vw, 949px\" \/><\/figure>\n\n\n\n<figure class=\"wp-block-image size-large\"><img loading=\"lazy\" decoding=\"async\" width=\"832\" height=\"1024\" data-id=\"3303\" src=\"https:\/\/pasahoy.com.ar\/ph\/wp-content\/uploads\/2025\/06\/1000450026-832x1024.png\" alt=\"\" class=\"wp-image-3303\" srcset=\"https:\/\/pasahoy.com.ar\/ph\/wp-content\/uploads\/2025\/06\/1000450026-832x1024.png 832w, https:\/\/pasahoy.com.ar\/ph\/wp-content\/uploads\/2025\/06\/1000450026-244x300.png 244w, https:\/\/pasahoy.com.ar\/ph\/wp-content\/uploads\/2025\/06\/1000450026-768x945.png 768w, https:\/\/pasahoy.com.ar\/ph\/wp-content\/uploads\/2025\/06\/1000450026.png 941w\" sizes=\"auto, (max-width: 832px) 100vw, 832px\" \/><\/figure>\n<\/figure>\n","protected":false},"excerpt":{"rendered":"<p>Desde Punta Cana, hizo una sesi\u00f3n de fotos casera y cosech\u00f3 elogios: \u201cQu\u00e9 mujer incre\u00edble\u201d, escribi\u00f3 un fan. De vacaciones en el Caribe,\u00a0Agus Gandolfocomparti\u00f3 una postal desde\u00a0Punta Cana\u00a0en la que pos\u00f3 al aire libre bajo el sol tropical. La\u00a0influencer\u00a0eligi\u00f3 un look que refleja las \u00faltimas tendencias en trajes de ba\u00f1o. Su elecci\u00f3n\u00a0fashionista? Llev\u00f3 una\u00a0microbikini color\u00a0mocha [&hellip;]<\/p>\n","protected":false},"author":3,"featured_media":3302,"comment_status":"open","ping_status":"open","sticky":false,"template":"","format":"standard","meta":{"_jetpack_memberships_contains_paid_content":false,"footnotes":""},"categories":[5],"tags":[],"class_list":["post-3301","post","type-post","status-publish","format-standard","has-post-thumbnail","hentry","category-espectaculo"],"jetpack_featured_media_url":"https:\/\/pasahoy.com.ar\/ph\/wp-content\/uploads\/2025\/06\/1000450022.png","jetpack_sharing_enabled":true,"_links":{"self":[{"href":"https:\/\/pasahoy.com.ar\/ph\/wp-json\/wp\/v2\/posts\/3301","targetHints":{"allow":["GET"]}}],"collection":[{"href":"https:\/\/pasahoy.com.ar\/ph\/wp-json\/wp\/v2\/posts"}],"about":[{"href":"https:\/\/pasahoy.com.ar\/ph\/wp-json\/wp\/v2\/types\/post"}],"author":[{"embeddable":true,"href":"https:\/\/pasahoy.com.ar\/ph\/wp-json\/wp\/v2\/users\/3"}],"replies":[{"embeddable":true,"href":"https:\/\/pasahoy.com.ar\/ph\/wp-json\/wp\/v2\/comments?post=3301"}],"version-history":[{"count":1,"href":"https:\/\/pasahoy.com.ar\/ph\/wp-json\/wp\/v2\/posts\/3301\/revisions"}],"predecessor-version":[{"id":3304,"href":"https:\/\/pasahoy.com.ar\/ph\/wp-json\/wp\/v2\/posts\/3301\/revisions\/3304"}],"wp:featuredmedia":[{"embeddable":true,"href":"https:\/\/pasahoy.com.ar\/ph\/wp-json\/wp\/v2\/media\/3302"}],"wp:attachment":[{"href":"https:\/\/pasahoy.com.ar\/ph\/wp-json\/wp\/v2\/media?parent=3301"}],"wp:term":[{"taxonomy":"category","embeddable":true,"href":"https:\/\/pasahoy.com.ar\/ph\/wp-json\/wp\/v2\/categories?post=3301"},{"taxonomy":"post_tag","embeddable":true,"href":"https:\/\/pasahoy.com.ar\/ph\/wp-json\/wp\/v2\/tags?post=3301"}],"curies":[{"name":"wp","href":"https:\/\/api.w.org\/{rel}","templated":true}]}}