{"id":3293,"date":"2025-06-24T19:42:17","date_gmt":"2025-06-24T19:42:17","guid":{"rendered":"https:\/\/pasahoy.com.ar\/ph\/?p=3293"},"modified":"2025-06-24T19:42:17","modified_gmt":"2025-06-24T19:42:17","slug":"sanagasta-se-suma-al-uso-obligatorio-del-barbijo-en-edificios-publicos","status":"publish","type":"post","link":"https:\/\/pasahoy.com.ar\/ph\/sanagasta-se-suma-al-uso-obligatorio-del-barbijo-en-edificios-publicos\/","title":{"rendered":"Sanagasta se suma al uso obligatorio del barbijo en edificios p\u00fablicos"},"content":{"rendered":"\n<p>Ante el crecimiento de las enfermedades respiratorias, el municipio de Sanagasta inform\u00f3 que se comenzar\u00e1 a usar obligatoriamente el barbijo en edificios p\u00fablicos <\/p>\n\n\n\n<p>As\u00ed lo informaron mediante redes sociales:<\/p>\n\n\n\n<figure class=\"wp-block-gallery has-nested-images columns-default is-cropped wp-block-gallery-1 is-layout-flex wp-block-gallery-is-layout-flex\">\n<figure class=\"wp-block-image size-large\"><img loading=\"lazy\" decoding=\"async\" width=\"982\" height=\"679\" data-id=\"3295\" src=\"https:\/\/pasahoy.com.ar\/ph\/wp-content\/uploads\/2025\/06\/1000449170.png\" alt=\"\" class=\"wp-image-3295\" srcset=\"https:\/\/pasahoy.com.ar\/ph\/wp-content\/uploads\/2025\/06\/1000449170.png 982w, https:\/\/pasahoy.com.ar\/ph\/wp-content\/uploads\/2025\/06\/1000449170-300x207.png 300w, https:\/\/pasahoy.com.ar\/ph\/wp-content\/uploads\/2025\/06\/1000449170-768x531.png 768w\" sizes=\"auto, (max-width: 982px) 100vw, 982px\" \/><\/figure>\n\n\n\n<figure class=\"wp-block-image size-large\"><img loading=\"lazy\" decoding=\"async\" width=\"823\" height=\"824\" data-id=\"3294\" src=\"https:\/\/pasahoy.com.ar\/ph\/wp-content\/uploads\/2025\/06\/1000449171.png\" alt=\"\" class=\"wp-image-3294\" srcset=\"https:\/\/pasahoy.com.ar\/ph\/wp-content\/uploads\/2025\/06\/1000449171.png 823w, https:\/\/pasahoy.com.ar\/ph\/wp-content\/uploads\/2025\/06\/1000449171-300x300.png 300w, https:\/\/pasahoy.com.ar\/ph\/wp-content\/uploads\/2025\/06\/1000449171-150x150.png 150w, https:\/\/pasahoy.com.ar\/ph\/wp-content\/uploads\/2025\/06\/1000449171-768x769.png 768w\" sizes=\"auto, (max-width: 823px) 100vw, 823px\" \/><\/figure>\n<\/figure>\n","protected":false},"excerpt":{"rendered":"<p>Ante el crecimiento de las enfermedades respiratorias, el municipio de Sanagasta inform\u00f3 que se comenzar\u00e1 a usar obligatoriamente el barbijo en edificios p\u00fablicos As\u00ed lo informaron mediante redes sociales:<\/p>\n","protected":false},"author":3,"featured_media":3295,"comment_status":"open","ping_status":"open","sticky":false,"template":"","format":"standard","meta":{"_jetpack_memberships_contains_paid_content":false,"footnotes":""},"categories":[1],"tags":[],"class_list":["post-3293","post","type-post","status-publish","format-standard","has-post-thumbnail","hentry","category-local"],"jetpack_featured_media_url":"https:\/\/pasahoy.com.ar\/ph\/wp-content\/uploads\/2025\/06\/1000449170.png","jetpack_sharing_enabled":true,"_links":{"self":[{"href":"https:\/\/pasahoy.com.ar\/ph\/wp-json\/wp\/v2\/posts\/3293","targetHints":{"allow":["GET"]}}],"collection":[{"href":"https:\/\/pasahoy.com.ar\/ph\/wp-json\/wp\/v2\/posts"}],"about":[{"href":"https:\/\/pasahoy.com.ar\/ph\/wp-json\/wp\/v2\/types\/post"}],"author":[{"embeddable":true,"href":"https:\/\/pasahoy.com.ar\/ph\/wp-json\/wp\/v2\/users\/3"}],"replies":[{"embeddable":true,"href":"https:\/\/pasahoy.com.ar\/ph\/wp-json\/wp\/v2\/comments?post=3293"}],"version-history":[{"count":1,"href":"https:\/\/pasahoy.com.ar\/ph\/wp-json\/wp\/v2\/posts\/3293\/revisions"}],"predecessor-version":[{"id":3296,"href":"https:\/\/pasahoy.com.ar\/ph\/wp-json\/wp\/v2\/posts\/3293\/revisions\/3296"}],"wp:featuredmedia":[{"embeddable":true,"href":"https:\/\/pasahoy.com.ar\/ph\/wp-json\/wp\/v2\/media\/3295"}],"wp:attachment":[{"href":"https:\/\/pasahoy.com.ar\/ph\/wp-json\/wp\/v2\/media?parent=3293"}],"wp:term":[{"taxonomy":"category","embeddable":true,"href":"https:\/\/pasahoy.com.ar\/ph\/wp-json\/wp\/v2\/categories?post=3293"},{"taxonomy":"post_tag","embeddable":true,"href":"https:\/\/pasahoy.com.ar\/ph\/wp-json\/wp\/v2\/tags?post=3293"}],"curies":[{"name":"wp","href":"https:\/\/api.w.org\/{rel}","templated":true}]}}