{"id":3287,"date":"2025-06-24T19:37:21","date_gmt":"2025-06-24T19:37:21","guid":{"rendered":"https:\/\/pasahoy.com.ar\/ph\/?p=3287"},"modified":"2025-06-24T19:37:42","modified_gmt":"2025-06-24T19:37:42","slug":"la-justicia-rechazo-el-pedido-de-cristina-kirchner-para-recibir-visitas-sin-restricciones","status":"publish","type":"post","link":"https:\/\/pasahoy.com.ar\/ph\/la-justicia-rechazo-el-pedido-de-cristina-kirchner-para-recibir-visitas-sin-restricciones\/","title":{"rendered":"La Justicia rechaz\u00f3 el pedido de Cristina Kirchner para recibir visitas sin restricciones"},"content":{"rendered":"\n<p>La defensa de la ex presidenta reclam\u00f3 que se le permita recibir a quien desee sin autorizaci\u00f3n judicial, pero los jueces lo negaron. <\/p>\n\n\n\n<p><strong>El Tribunal Oral Federal N\u00b0 2 rechaz\u00f3 el pedido<\/strong>&nbsp;presentado por la defensa de<strong>&nbsp;<a href=\"https:\/\/www.lmneuquen.com\/neuquen\/cristina-kirchner-presa-reclamo-y-marcha-neuquen-en-defensa-la-democracia-n1195807\" rel=\"noreferrer noopener\" target=\"_blank\">Cristina Fern\u00e1ndez de Kirchner<\/a><\/strong>&nbsp;para recibir&nbsp;<strong>visitas sin restricciones en su departamento<\/strong>, donde cumple su prisi\u00f3n domiciliaria tras la condena en la causa Vialidad. En cambio, el tribunal autoriz\u00f3 el ingreso sin autorizaci\u00f3n judicial previa de un listado limitado de personas, cuya identidad se mantiene bajo reserva.<\/p>\n\n\n\n<p>La solicitud hab\u00eda sido presentada por el abogado de la expresidenta, Carlos Beraldi, quien adem\u00e1s reclam\u00f3 confidencialidad sobre la n\u00f3mina entregada a los jueces Jorge Gorini, Rodrigo Gim\u00e9nez Uriburu y Andr\u00e9s Basso. De acuerdo con la informaci\u00f3n disponible,<strong>\u00a0la lista incluye familiares, abogados, m\u00e9dicos y personal de custodia, aunque no se difundieron los nombres.<\/strong> <\/p>\n\n\n\n<p>En la resoluci\u00f3n, a la que accedi\u00f3 el portal Infobae,<strong>\u00a0los magistrados consideraron que el planteo de la defensa no logr\u00f3 desvirtuar los argumentos previamente esgrimidos por el tribunal<\/strong>. Por ello, resolvieron mantener las restricciones vigentes. Desde el entorno de Fern\u00e1ndez de Kirchner anticiparon que apelar\u00e1n la decisi\u00f3n ante la C\u00e1mara Federal de Casaci\u00f3n Penal.<\/p>\n\n\n\n<h2 class=\"wp-block-heading\">El argumento de la defensa<\/h2>\n\n\n\n<p>La defensa de la exmandataria sostiene que el r\u00e9gimen de visitas impuesto por el tribunal representa una vulneraci\u00f3n a sus derechos civiles. \u201cQuienes cumplen su pena en un domicilio particular pueden desarrollar todas las actividades que no se encuentran prohibidas por la ley, tal como se deriva del principio de reserva que consagra el art\u00edculo 19 de la Constituci\u00f3n Nacional\u201d, afirm\u00f3 Beraldi en su presentaci\u00f3n.<\/p>\n\n\n\n<p>En esa misma l\u00ednea, consider\u00f3 que los jueces no tienen potestad para imponer normas de conducta adicionales a quienes cumplen arresto domiciliario, m\u00e1s all\u00e1 del cumplimiento efectivo de la privaci\u00f3n de la libertad.<\/p>\n\n\n\n<p>Cristina Kirchner tambi\u00e9n se expres\u00f3 p\u00fablicamente sobre el tema a trav\u00e9s de sus redes sociales. All\u00ed calific\u00f3 el r\u00e9gimen como \u201cun r\u00e9gimen de exclusi\u00f3n totalmente arbitrario, que no se le aplica a nadie\u201d, y sostuvo que se trata de una medida \u201cviolatoria de mis m\u00e1s elementales derechos civiles\u201d.<\/p>\n\n\n\n<figure class=\"wp-block-gallery has-nested-images columns-default is-cropped wp-block-gallery-1 is-layout-flex wp-block-gallery-is-layout-flex\">\n<figure class=\"wp-block-image size-full\"><img loading=\"lazy\" decoding=\"async\" width=\"954\" height=\"556\" data-id=\"3288\" src=\"https:\/\/pasahoy.com.ar\/ph\/wp-content\/uploads\/2025\/06\/1000449156.png\" alt=\"\" class=\"wp-image-3288\" srcset=\"https:\/\/pasahoy.com.ar\/ph\/wp-content\/uploads\/2025\/06\/1000449156.png 954w, https:\/\/pasahoy.com.ar\/ph\/wp-content\/uploads\/2025\/06\/1000449156-300x175.png 300w, https:\/\/pasahoy.com.ar\/ph\/wp-content\/uploads\/2025\/06\/1000449156-768x448.png 768w\" sizes=\"auto, (max-width: 954px) 100vw, 954px\" \/><\/figure>\n<\/figure>\n","protected":false},"excerpt":{"rendered":"<p>La defensa de la ex presidenta reclam\u00f3 que se le permita recibir a quien desee sin autorizaci\u00f3n judicial, pero los jueces lo negaron. El Tribunal Oral Federal N\u00b0 2 rechaz\u00f3 el pedido&nbsp;presentado por la defensa de&nbsp;Cristina Fern\u00e1ndez de Kirchner&nbsp;para recibir&nbsp;visitas sin restricciones en su departamento, donde cumple su prisi\u00f3n domiciliaria tras la condena en la [&hellip;]<\/p>\n","protected":false},"author":3,"featured_media":3288,"comment_status":"open","ping_status":"open","sticky":false,"template":"","format":"standard","meta":{"_jetpack_memberships_contains_paid_content":false,"footnotes":""},"categories":[2],"tags":[],"class_list":["post-3287","post","type-post","status-publish","format-standard","has-post-thumbnail","hentry","category-nacional"],"jetpack_featured_media_url":"https:\/\/pasahoy.com.ar\/ph\/wp-content\/uploads\/2025\/06\/1000449156.png","jetpack_sharing_enabled":true,"_links":{"self":[{"href":"https:\/\/pasahoy.com.ar\/ph\/wp-json\/wp\/v2\/posts\/3287","targetHints":{"allow":["GET"]}}],"collection":[{"href":"https:\/\/pasahoy.com.ar\/ph\/wp-json\/wp\/v2\/posts"}],"about":[{"href":"https:\/\/pasahoy.com.ar\/ph\/wp-json\/wp\/v2\/types\/post"}],"author":[{"embeddable":true,"href":"https:\/\/pasahoy.com.ar\/ph\/wp-json\/wp\/v2\/users\/3"}],"replies":[{"embeddable":true,"href":"https:\/\/pasahoy.com.ar\/ph\/wp-json\/wp\/v2\/comments?post=3287"}],"version-history":[{"count":1,"href":"https:\/\/pasahoy.com.ar\/ph\/wp-json\/wp\/v2\/posts\/3287\/revisions"}],"predecessor-version":[{"id":3289,"href":"https:\/\/pasahoy.com.ar\/ph\/wp-json\/wp\/v2\/posts\/3287\/revisions\/3289"}],"wp:featuredmedia":[{"embeddable":true,"href":"https:\/\/pasahoy.com.ar\/ph\/wp-json\/wp\/v2\/media\/3288"}],"wp:attachment":[{"href":"https:\/\/pasahoy.com.ar\/ph\/wp-json\/wp\/v2\/media?parent=3287"}],"wp:term":[{"taxonomy":"category","embeddable":true,"href":"https:\/\/pasahoy.com.ar\/ph\/wp-json\/wp\/v2\/categories?post=3287"},{"taxonomy":"post_tag","embeddable":true,"href":"https:\/\/pasahoy.com.ar\/ph\/wp-json\/wp\/v2\/tags?post=3287"}],"curies":[{"name":"wp","href":"https:\/\/api.w.org\/{rel}","templated":true}]}}