{"id":3284,"date":"2025-06-24T19:33:08","date_gmt":"2025-06-24T19:33:08","guid":{"rendered":"https:\/\/pasahoy.com.ar\/ph\/?p=3284"},"modified":"2025-06-24T19:33:33","modified_gmt":"2025-06-24T19:33:33","slug":"yuyito-gonzalez-prendio-la-mecha-contra-los-milei-me-entere-de-cosas-horrendas","status":"publish","type":"post","link":"https:\/\/pasahoy.com.ar\/ph\/yuyito-gonzalez-prendio-la-mecha-contra-los-milei-me-entere-de-cosas-horrendas\/","title":{"rendered":"Yuyito Gonz\u00e1lez prendi\u00f3 la mecha contra los Milei: \u00abMe enter\u00e9 de cosas horrendas\u00bb"},"content":{"rendered":"\n<p>Yuyito Gonz\u00e1lez apunt\u00f3 contra los Milei y cont\u00f3 situaciones que vivi\u00f3 en su relaci\u00f3n tras cruzarse con Karina Milei, desencadenando el enojo del presidente.<\/p>\n\n\n\n<p><strong><a href=\"https:\/\/urgente24.com\/yuyito-gonzalez-a53120\" target=\"_blank\" rel=\"noreferrer noopener\">Yuyito Gonz\u00e1lez<\/a><\/strong>\u00a0no se guard\u00f3 nada y\u00a0<strong>larg\u00f3 un mont\u00f3n de cosas pesadas sobre su relaci\u00f3n con\u00a0<a href=\"https:\/\/urgente24.com\/javier-milei-a2569\" target=\"_blank\" rel=\"noreferrer noopener\">Javier Milei<\/a><\/strong>\u00a0despu\u00e9s de cruzarse con\u00a0<strong><a href=\"https:\/\/urgente24.com\/karina-milei-a27899\" target=\"_blank\" rel=\"noreferrer noopener\">Karina Milei<\/a><\/strong>\u00a0en un desfile.\u00a0<strong>La bomba explot\u00f3 en su programa y puso nervioso al gobierno,<\/strong>\u00a0que ya sali\u00f3 a hacerle frente\u00a0<strong>con un Milei picantendo desde las redes.<\/strong> <\/p>\n\n\n\n<h2 class=\"wp-block-heading\">Saludo fr\u00edo en un desfile fashion y bronca acumulada<\/h2>\n\n\n\n<p>Todo arranc\u00f3 en el desfile de Claudio Cosano, donde&nbsp;<strong>Yuyito Gonz\u00e1lez y Karina Milei se cruzaron cara a cara despu\u00e9s de meses sin hablarse<\/strong>. En un momento que fue inc\u00f3modo, se saludaron de compromiso, y&nbsp;<strong>Karina&nbsp;<\/strong>sigui\u00f3 caminando como si nada.&nbsp;<strong>Pero a Yuyito no le pas\u00f3 desapercibido ese destrato,<\/strong>&nbsp;y al toque&nbsp;<strong>lo cont\u00f3 todo en su programa por Canal Magazine<\/strong>.<\/p>\n\n\n\n<p><em><strong>Entro, veo que est\u00e1 Karina y me gener\u00f3 cierta incomodidad, porque desde que cort\u00e9 mi relaci\u00f3n no habl\u00e9 m\u00e1s con nadie<\/strong>\u00ab<\/em>, larg\u00f3. Pero no se qued\u00f3 ah\u00ed. Cont\u00f3 que despu\u00e9s de la ruptura\u00a0<strong>empez\u00f3 a aparecer gente en los medios hablando pestes de ella<\/strong>, tirando intimidades que ni ella sab\u00eda que se sab\u00edan.\u00a0<em>\u00abDurante m\u00e1s de un mes hubo un desfile de personajes, enviados por qui\u00e9n no s\u00e9, frenados por nadie, hablando mal de m\u00ed\u00bb<\/em>, se quej\u00f3. Y remat\u00f3:\u00a0<em>\u00ab<strong>A m\u00ed nadie me llam\u00f3 para pedirme disculpas ni para explicarme nada<\/strong>\u00ab<\/em>.<\/p>\n\n\n\n<p>Yuyito se plant\u00f3 fuerte:\u00a0<em>\u00ab<strong>Soy genuina, no careteo, no busco guita, ni cargos, ni uso a la gente<\/strong>\u00ab<\/em>. Una bomba que cay\u00f3 directo en la familia presidencial, con nombres y apellidos\u00a0<strong>(sin decirlos, pero todos sab\u00edan de qui\u00e9n hablaba).<\/strong> <\/p>\n\n\n\n<h2 class=\"wp-block-heading\">Secretos turbios, el iceberg de Hemingway y Milei sacado<\/h2>\n\n\n\n<p>La parte que m\u00e1s ruido hizo fue cuando\u00a0<strong>Yuyito dijo que se enter\u00f3 de cosas muy oscuras<\/strong>\u00a0durante su relaci\u00f3n con el actual presidente.\u00a0<em>\u00abDentro de la incomodidad tambi\u00e9n me pas\u00f3 la pel\u00edcula de<strong>\u00a0todos los agravios, humillaciones, desencantos, decepciones y todo lo que he vivido durante este tiempo. Tener que enterarme de cosas horrendas\u2026<\/strong>\u00a0es obvio que iba a estar inc\u00f3moda, se\u00f1ores\u00bb<\/em>, tir\u00f3, sin dar detalles, pero dejando claro que\u00a0<strong>hay tela para cortar y bastante gruesa<\/strong>. <\/p>\n\n\n\n<p>Las palabras retumbaron fuerte en Balcarce 50.\u00a0<strong>Adentro del gobierno activaron las alarmas<\/strong>, y m\u00e1s de uno empez\u00f3 a preguntarse\u00a0<strong>qu\u00e9 tanto sabe Yuyito.<\/strong>\u00a0Hasta hablaron de la\u00a0<strong>\u00abteor\u00eda del iceberg\u00bb<\/strong>\u00a0de Hemingway: lo que se ve es apenas el 17%, y el resto est\u00e1 oculto bajo el agua, listo para hundir barcos. <\/p>\n\n\n\n<p>El propio&nbsp;<strong>Javier Milei reaccion\u00f3 sacado en redes<\/strong>. En vez de quedarse callado, sali\u00f3 con los tapones de punta contra los medios:&nbsp;<em>\u00ab<strong>No odiamos lo suficiente a los periodistas basuras (90%)<\/strong>\u00ab<\/em>, escribi\u00f3, dejando entrever que la bala le entr\u00f3.&nbsp;<strong>Indult\u00f3 al 10% restante, aunque no dijo qui\u00e9nes son.<\/strong><\/p>\n\n\n\n<p>Mientras tanto,&nbsp;<strong>la tensi\u00f3n entre Yuyito y la familia Milei sigue escalando<\/strong>, y muchos se preguntan si va a largar todo lo que sabe o si fue apenas un aviso.&nbsp;<strong>\u00bfSe viene una segunda temporada de este culebr\u00f3n pol\u00edtico-medi\u00e1tico?<\/strong>&nbsp;Todo indica que s\u00ed.<\/p>\n\n\n\n<figure class=\"wp-block-gallery has-nested-images columns-default is-cropped wp-block-gallery-1 is-layout-flex wp-block-gallery-is-layout-flex\">\n<figure class=\"wp-block-image size-large\"><img loading=\"lazy\" decoding=\"async\" width=\"1024\" height=\"607\" data-id=\"3285\" src=\"https:\/\/pasahoy.com.ar\/ph\/wp-content\/uploads\/2025\/06\/1000449141-1024x607.png\" alt=\"\" class=\"wp-image-3285\" srcset=\"https:\/\/pasahoy.com.ar\/ph\/wp-content\/uploads\/2025\/06\/1000449141-1024x607.png 1024w, https:\/\/pasahoy.com.ar\/ph\/wp-content\/uploads\/2025\/06\/1000449141-300x178.png 300w, https:\/\/pasahoy.com.ar\/ph\/wp-content\/uploads\/2025\/06\/1000449141-768x455.png 768w, https:\/\/pasahoy.com.ar\/ph\/wp-content\/uploads\/2025\/06\/1000449141.png 1051w\" sizes=\"auto, (max-width: 1024px) 100vw, 1024px\" \/><\/figure>\n<\/figure>\n","protected":false},"excerpt":{"rendered":"<p>Yuyito Gonz\u00e1lez apunt\u00f3 contra los Milei y cont\u00f3 situaciones que vivi\u00f3 en su relaci\u00f3n tras cruzarse con Karina Milei, desencadenando el enojo del presidente. Yuyito Gonz\u00e1lez\u00a0no se guard\u00f3 nada y\u00a0larg\u00f3 un mont\u00f3n de cosas pesadas sobre su relaci\u00f3n con\u00a0Javier Milei\u00a0despu\u00e9s de cruzarse con\u00a0Karina Milei\u00a0en un desfile.\u00a0La bomba explot\u00f3 en su programa y puso nervioso al [&hellip;]<\/p>\n","protected":false},"author":3,"featured_media":3285,"comment_status":"open","ping_status":"open","sticky":false,"template":"","format":"standard","meta":{"_jetpack_memberships_contains_paid_content":false,"footnotes":""},"categories":[2],"tags":[],"class_list":["post-3284","post","type-post","status-publish","format-standard","has-post-thumbnail","hentry","category-nacional"],"jetpack_featured_media_url":"https:\/\/pasahoy.com.ar\/ph\/wp-content\/uploads\/2025\/06\/1000449141.png","jetpack_sharing_enabled":true,"_links":{"self":[{"href":"https:\/\/pasahoy.com.ar\/ph\/wp-json\/wp\/v2\/posts\/3284","targetHints":{"allow":["GET"]}}],"collection":[{"href":"https:\/\/pasahoy.com.ar\/ph\/wp-json\/wp\/v2\/posts"}],"about":[{"href":"https:\/\/pasahoy.com.ar\/ph\/wp-json\/wp\/v2\/types\/post"}],"author":[{"embeddable":true,"href":"https:\/\/pasahoy.com.ar\/ph\/wp-json\/wp\/v2\/users\/3"}],"replies":[{"embeddable":true,"href":"https:\/\/pasahoy.com.ar\/ph\/wp-json\/wp\/v2\/comments?post=3284"}],"version-history":[{"count":1,"href":"https:\/\/pasahoy.com.ar\/ph\/wp-json\/wp\/v2\/posts\/3284\/revisions"}],"predecessor-version":[{"id":3286,"href":"https:\/\/pasahoy.com.ar\/ph\/wp-json\/wp\/v2\/posts\/3284\/revisions\/3286"}],"wp:featuredmedia":[{"embeddable":true,"href":"https:\/\/pasahoy.com.ar\/ph\/wp-json\/wp\/v2\/media\/3285"}],"wp:attachment":[{"href":"https:\/\/pasahoy.com.ar\/ph\/wp-json\/wp\/v2\/media?parent=3284"}],"wp:term":[{"taxonomy":"category","embeddable":true,"href":"https:\/\/pasahoy.com.ar\/ph\/wp-json\/wp\/v2\/categories?post=3284"},{"taxonomy":"post_tag","embeddable":true,"href":"https:\/\/pasahoy.com.ar\/ph\/wp-json\/wp\/v2\/tags?post=3284"}],"curies":[{"name":"wp","href":"https:\/\/api.w.org\/{rel}","templated":true}]}}