{"id":3281,"date":"2025-06-24T01:10:09","date_gmt":"2025-06-24T01:10:09","guid":{"rendered":"https:\/\/pasahoy.com.ar\/ph\/?p=3281"},"modified":"2025-06-24T01:10:20","modified_gmt":"2025-06-24T01:10:20","slug":"axel-kicillof-vamos-a-convocar-a-una-mesa-para-hacer-una-lista-conjunta-para-ponerle-un-freno-a-javier-milei","status":"publish","type":"post","link":"https:\/\/pasahoy.com.ar\/ph\/axel-kicillof-vamos-a-convocar-a-una-mesa-para-hacer-una-lista-conjunta-para-ponerle-un-freno-a-javier-milei\/","title":{"rendered":"Axel Kicillof: \u00abVamos a convocar a una mesa para hacer una lista conjunta para ponerle un\u00a0freno\u00a0a\u00a0Javier Milei\u00bb"},"content":{"rendered":"\n<p>El gobernador de la provincia de Buenos Aires anticip\u00f3 que prepar\u00f3 una estrategia electoral con Cristina Kirchner para lograr una lista de unidad dentro del peronismo.<\/p>\n\n\n\n<p>El gobernador de la provincia de Buenos Aires,\u00a0<a href=\"https:\/\/www.ambito.com\/politica\/unidad-reservas-kicillof-mantiene-la-calma-y-massa-analiza-candidatura-n6152215\" target=\"_blank\" rel=\"noreferrer noopener\"><strong>Axel Kicillof<\/strong>, anticip\u00f3 que va a convocar a una mesa conjunta<\/a>\u00a0con diferentes referentes del peronismo para\u00a0<strong>planificar la estrategia electoral de cara a las elecciones en su distrito<\/strong>, que\u00a0<strong>se llevar\u00e1n a cabo el 7 de septiembre<\/strong>\u00a0-fecha que confirm\u00f3-, para \u00abponerle un freno a\u00a0<strong>Javier Milei<\/strong>\u00ab.<\/p>\n\n\n\n<p>Lo que tiene que quedar claro es que ac\u00e1 se define o\u00a0<strong>Milei<\/strong>\u00a0o un trabajo digno, educaci\u00f3n p\u00fablica y salud p\u00fablica. Eso hay que expresarlo en las\u00a0<strong>boletas pero la campa\u00f1a va a ser en ese sentido<\/strong>\u00ab, remarc\u00f3 de cara al proceso electoral. A su vez, apunt\u00f3 que quienes vayan atr\u00e1s del Presidente \u00abest\u00e1n\u00a0<strong>convalidando su endeudamiento, su odio, su violencia y estas ideas tan retorcidas y contrarias a nuestra cultura hist\u00f3rica popular<\/strong>\u00ab<\/p>\n\n\n\n<p>El mandatario asegur\u00f3 que se reuni\u00f3 con la expresidenta&nbsp;<strong><a href=\"https:\/\/www.ambito.com\/politica\/cristina-kirchner-presento-listado-reservado-personas-que-podran-visitarla-su-arresto-domiciliario-n6159375\" target=\"_blank\" rel=\"noreferrer noopener\">Cristina Kirchner<\/a><\/strong>, en los d\u00edas previos a que se confirmara su condena a seis a\u00f1os de prisi\u00f3n e inhabilitaci\u00f3n para ejercer cargos p\u00fablicos, para analizar su candidatura y c\u00f3mo quedar\u00eda conformada la lista de unidad. Sin embargo, tras el fallo de la&nbsp;<strong>Corte Suprema<\/strong>&nbsp;la titular del&nbsp;<strong>PJ<\/strong>&nbsp;no podr\u00e1 presentarse a la tercera secci\u00f3n electoral de la Provincia como estaba previsto y tendr\u00e1n que reconfigurar el plan.<\/p>\n\n\n\n<p>\u00abMe hab\u00eda reunido el jueves anterior a la condena con&nbsp;<strong>Cristina<\/strong>&nbsp;empezando a dise\u00f1ar una mesa, que voy a convocar ahora para empezar a hablar de hacer una mesa conjunta. Es un compromiso,&nbsp;<strong>estos d\u00edas fueron complicados<\/strong>\u00ab, dijo durante una entrevista en&nbsp;<strong>C5N.<\/strong><\/p>\n\n\n\n<figure class=\"wp-block-gallery has-nested-images columns-default is-cropped wp-block-gallery-1 is-layout-flex wp-block-gallery-is-layout-flex\">\n<figure class=\"wp-block-image size-large\"><img loading=\"lazy\" decoding=\"async\" width=\"1024\" height=\"676\" data-id=\"3282\" src=\"https:\/\/pasahoy.com.ar\/ph\/wp-content\/uploads\/2025\/06\/1000447562-1024x676.png\" alt=\"\" class=\"wp-image-3282\" srcset=\"https:\/\/pasahoy.com.ar\/ph\/wp-content\/uploads\/2025\/06\/1000447562-1024x676.png 1024w, https:\/\/pasahoy.com.ar\/ph\/wp-content\/uploads\/2025\/06\/1000447562-300x198.png 300w, https:\/\/pasahoy.com.ar\/ph\/wp-content\/uploads\/2025\/06\/1000447562-768x507.png 768w, https:\/\/pasahoy.com.ar\/ph\/wp-content\/uploads\/2025\/06\/1000447562.png 1036w\" sizes=\"auto, (max-width: 1024px) 100vw, 1024px\" \/><\/figure>\n<\/figure>\n","protected":false},"excerpt":{"rendered":"<p>El gobernador de la provincia de Buenos Aires anticip\u00f3 que prepar\u00f3 una estrategia electoral con Cristina Kirchner para lograr una lista de unidad dentro del peronismo. El gobernador de la provincia de Buenos Aires,\u00a0Axel Kicillof, anticip\u00f3 que va a convocar a una mesa conjunta\u00a0con diferentes referentes del peronismo para\u00a0planificar la estrategia electoral de cara a [&hellip;]<\/p>\n","protected":false},"author":3,"featured_media":3282,"comment_status":"open","ping_status":"open","sticky":false,"template":"","format":"standard","meta":{"_jetpack_memberships_contains_paid_content":false,"footnotes":""},"categories":[2],"tags":[],"class_list":["post-3281","post","type-post","status-publish","format-standard","has-post-thumbnail","hentry","category-nacional"],"jetpack_featured_media_url":"https:\/\/pasahoy.com.ar\/ph\/wp-content\/uploads\/2025\/06\/1000447562.png","jetpack_sharing_enabled":true,"_links":{"self":[{"href":"https:\/\/pasahoy.com.ar\/ph\/wp-json\/wp\/v2\/posts\/3281","targetHints":{"allow":["GET"]}}],"collection":[{"href":"https:\/\/pasahoy.com.ar\/ph\/wp-json\/wp\/v2\/posts"}],"about":[{"href":"https:\/\/pasahoy.com.ar\/ph\/wp-json\/wp\/v2\/types\/post"}],"author":[{"embeddable":true,"href":"https:\/\/pasahoy.com.ar\/ph\/wp-json\/wp\/v2\/users\/3"}],"replies":[{"embeddable":true,"href":"https:\/\/pasahoy.com.ar\/ph\/wp-json\/wp\/v2\/comments?post=3281"}],"version-history":[{"count":1,"href":"https:\/\/pasahoy.com.ar\/ph\/wp-json\/wp\/v2\/posts\/3281\/revisions"}],"predecessor-version":[{"id":3283,"href":"https:\/\/pasahoy.com.ar\/ph\/wp-json\/wp\/v2\/posts\/3281\/revisions\/3283"}],"wp:featuredmedia":[{"embeddable":true,"href":"https:\/\/pasahoy.com.ar\/ph\/wp-json\/wp\/v2\/media\/3282"}],"wp:attachment":[{"href":"https:\/\/pasahoy.com.ar\/ph\/wp-json\/wp\/v2\/media?parent=3281"}],"wp:term":[{"taxonomy":"category","embeddable":true,"href":"https:\/\/pasahoy.com.ar\/ph\/wp-json\/wp\/v2\/categories?post=3281"},{"taxonomy":"post_tag","embeddable":true,"href":"https:\/\/pasahoy.com.ar\/ph\/wp-json\/wp\/v2\/tags?post=3281"}],"curies":[{"name":"wp","href":"https:\/\/api.w.org\/{rel}","templated":true}]}}