{"id":3274,"date":"2025-06-24T00:58:57","date_gmt":"2025-06-24T00:58:57","guid":{"rendered":"https:\/\/pasahoy.com.ar\/ph\/?p=3274"},"modified":"2025-06-24T00:58:57","modified_gmt":"2025-06-24T00:58:57","slug":"en-el-departamento-general-belgrano-el-gobernador-tomo-promesa-de-lealtad-a-la-bandera-a-los-estudiantes-de-4-grado","status":"publish","type":"post","link":"https:\/\/pasahoy.com.ar\/ph\/en-el-departamento-general-belgrano-el-gobernador-tomo-promesa-de-lealtad-a-la-bandera-a-los-estudiantes-de-4-grado\/","title":{"rendered":"En el departamento General Belgrano, el Gobernador tom\u00f3 promesa de Lealtad a la Bandera a los estudiantes de 4\u00b0 grado"},"content":{"rendered":"\n<p><em>Ricardo Quintela encabez\u00f3 en Olta el acto central de Promesa de Lealtad a la Bandera, donde destac\u00f3 los valores de la insignia nacional, record\u00f3 el legado de Belgrano y Angel Vicente Pe\u00f1aloza, y agradeci\u00f3 el afecto del pueblo del departamento.<\/em><\/p>\n\n\n\n<figure class=\"wp-block-gallery has-nested-images columns-default is-cropped wp-block-gallery-1 is-layout-flex wp-block-gallery-is-layout-flex\">\n<figure class=\"wp-block-image size-large\"><img loading=\"lazy\" decoding=\"async\" width=\"1024\" height=\"681\" data-id=\"3275\" src=\"https:\/\/pasahoy.com.ar\/ph\/wp-content\/uploads\/2025\/06\/1000447537-1024x681.jpg\" alt=\"\" class=\"wp-image-3275\" srcset=\"https:\/\/pasahoy.com.ar\/ph\/wp-content\/uploads\/2025\/06\/1000447537-1024x681.jpg 1024w, https:\/\/pasahoy.com.ar\/ph\/wp-content\/uploads\/2025\/06\/1000447537-300x200.jpg 300w, https:\/\/pasahoy.com.ar\/ph\/wp-content\/uploads\/2025\/06\/1000447537-768x511.jpg 768w, https:\/\/pasahoy.com.ar\/ph\/wp-content\/uploads\/2025\/06\/1000447537-1536x1021.jpg 1536w, https:\/\/pasahoy.com.ar\/ph\/wp-content\/uploads\/2025\/06\/1000447537.jpg 1600w\" sizes=\"auto, (max-width: 1024px) 100vw, 1024px\" \/><\/figure>\n\n\n\n<figure class=\"wp-block-image size-large\"><img loading=\"lazy\" decoding=\"async\" width=\"1024\" height=\"681\" data-id=\"3277\" src=\"https:\/\/pasahoy.com.ar\/ph\/wp-content\/uploads\/2025\/06\/1000447535-1024x681.jpg\" alt=\"\" class=\"wp-image-3277\" srcset=\"https:\/\/pasahoy.com.ar\/ph\/wp-content\/uploads\/2025\/06\/1000447535-1024x681.jpg 1024w, https:\/\/pasahoy.com.ar\/ph\/wp-content\/uploads\/2025\/06\/1000447535-300x200.jpg 300w, https:\/\/pasahoy.com.ar\/ph\/wp-content\/uploads\/2025\/06\/1000447535-768x511.jpg 768w, https:\/\/pasahoy.com.ar\/ph\/wp-content\/uploads\/2025\/06\/1000447535-1536x1021.jpg 1536w, https:\/\/pasahoy.com.ar\/ph\/wp-content\/uploads\/2025\/06\/1000447535.jpg 1600w\" sizes=\"auto, (max-width: 1024px) 100vw, 1024px\" \/><\/figure>\n\n\n\n<figure class=\"wp-block-image size-large\"><img loading=\"lazy\" decoding=\"async\" width=\"1024\" height=\"681\" data-id=\"3276\" src=\"https:\/\/pasahoy.com.ar\/ph\/wp-content\/uploads\/2025\/06\/1000447534-1-1024x681.jpg\" alt=\"\" class=\"wp-image-3276\" srcset=\"https:\/\/pasahoy.com.ar\/ph\/wp-content\/uploads\/2025\/06\/1000447534-1-1024x681.jpg 1024w, https:\/\/pasahoy.com.ar\/ph\/wp-content\/uploads\/2025\/06\/1000447534-1-300x200.jpg 300w, https:\/\/pasahoy.com.ar\/ph\/wp-content\/uploads\/2025\/06\/1000447534-1-768x511.jpg 768w, https:\/\/pasahoy.com.ar\/ph\/wp-content\/uploads\/2025\/06\/1000447534-1-1536x1021.jpg 1536w, https:\/\/pasahoy.com.ar\/ph\/wp-content\/uploads\/2025\/06\/1000447534-1.jpg 1600w\" sizes=\"auto, (max-width: 1024px) 100vw, 1024px\" \/><\/figure>\n\n\n\n<figure class=\"wp-block-image size-large\"><img loading=\"lazy\" decoding=\"async\" width=\"1024\" height=\"681\" data-id=\"3279\" src=\"https:\/\/pasahoy.com.ar\/ph\/wp-content\/uploads\/2025\/06\/1000447536-1024x681.jpg\" alt=\"\" class=\"wp-image-3279\" srcset=\"https:\/\/pasahoy.com.ar\/ph\/wp-content\/uploads\/2025\/06\/1000447536-1024x681.jpg 1024w, https:\/\/pasahoy.com.ar\/ph\/wp-content\/uploads\/2025\/06\/1000447536-300x200.jpg 300w, https:\/\/pasahoy.com.ar\/ph\/wp-content\/uploads\/2025\/06\/1000447536-768x511.jpg 768w, https:\/\/pasahoy.com.ar\/ph\/wp-content\/uploads\/2025\/06\/1000447536-1536x1021.jpg 1536w, https:\/\/pasahoy.com.ar\/ph\/wp-content\/uploads\/2025\/06\/1000447536.jpg 1600w\" sizes=\"auto, (max-width: 1024px) 100vw, 1024px\" \/><\/figure>\n\n\n\n<figure class=\"wp-block-image size-large\"><img loading=\"lazy\" decoding=\"async\" width=\"1024\" height=\"682\" data-id=\"3278\" src=\"https:\/\/pasahoy.com.ar\/ph\/wp-content\/uploads\/2025\/06\/1000447538-1024x682.jpg\" alt=\"\" class=\"wp-image-3278\" srcset=\"https:\/\/pasahoy.com.ar\/ph\/wp-content\/uploads\/2025\/06\/1000447538-1024x682.jpg 1024w, https:\/\/pasahoy.com.ar\/ph\/wp-content\/uploads\/2025\/06\/1000447538-300x200.jpg 300w, https:\/\/pasahoy.com.ar\/ph\/wp-content\/uploads\/2025\/06\/1000447538-768x512.jpg 768w, https:\/\/pasahoy.com.ar\/ph\/wp-content\/uploads\/2025\/06\/1000447538.jpg 1280w\" sizes=\"auto, (max-width: 1024px) 100vw, 1024px\" \/><\/figure>\n<\/figure>\n\n\n\n<p>En el marco del D\u00eda de la Bandera y en conmemoraci\u00f3n del fallecimiento del general Manuel Belgrano, estudiantes de 4\u00b0 grado del departamento General Belgrano realizaron este lunes su Promesa de Lealtad a la Bandera. El acto central, presidido por el gobernador Ricardo Quintela, se llev\u00f3 a cabo en el Polideportivo Hermanos Becerra de la ciudad de Olta, con la presencia de autoridades provinciales, municipales, educativas y la comunidad en general.<br>Durante su intervenci\u00f3n, el Gobernador salud\u00f3 a las ni\u00f1as y ni\u00f1os, al cuerpo docente, a los equipos directivos y a las supervisoras y supervisores, a quienes defini\u00f3 como \u201cpilares fundamentales de la Patria, de nuestra provincia y del departamento\u201d. Tambi\u00e9n expres\u00f3 su gratitud hacia el pueblo local: \u201cSiempre te reciben respetuosamente, con mucho cari\u00f1o, con mucho amor, y te abrazan\u201d, se\u00f1al\u00f3.<br>Refiri\u00e9ndose a la trascendencia del acto, Quintela expres\u00f3 que \u201choy es un d\u00eda muy particular para estos chicos y para sus familias tambi\u00e9n, porque hoy realizan un acto muy importante y sublime, de prometer la lealtad y el respeto a una insignia que es la Bandera de la Rep\u00fablica Argentina, creada por este pr\u00f3cer, el general Manuel Belgrano\u201d.<br>En su discurso, hizo un repaso hist\u00f3rico con fuerte anclaje identitario al mencionar que \u201ceste departamento se hizo conocer en toda la Rep\u00fablica Argentina, y en pa\u00edses vecinos, porque ac\u00e1 vino a refugiarse uno de nuestros pr\u00f3ceres que encabeza el Himno de la Provincia de La Rioja, \u00c1ngel Vicente Pe\u00f1aloza, que luego de perder una batalla en la provincia de C\u00f3rdoba, vino a refugiarse en su amado y querido Llanos Riojanos, fundamentalmente en este querido departamento y m\u00e1s precisamente en Loma Blanca\u201d.<br>Sobre el legado del caudillo federal, remarc\u00f3 que \u201c\u00c1ngel Vicente Pe\u00f1aloza, nuestro caudillo, es un hombre que defendi\u00f3 casualmente los valores que representa esta bandera, que defendi\u00f3 el federalismo de nuestra patria, que busc\u00f3 la forma que todos comprendieran que el pa\u00eds somos todos, y tenemos que tratar que todos crezcamos de una manera arm\u00f3nica y nos desarrollemos con oportunidades y posibilidades para todos los habitantes. Por eso entreg\u00f3 la vida\u201d.<br>Finalmente, destac\u00f3 el sentido profundo de la promesa: \u201cEsto lo resalto, porque al igual que el general Manuel Belgrano fueron los forjadores de nuestra Patria, y esta promesa de lealtad a la bandera que representa valores, principios, inculcados en primer lugar por su familia, en segundo lugar por los docentes, y en tercer lugar por la sociedad que los espera ansiosos que crezcan capacit\u00e1ndose para que nos ayuden a sacar a este departamento, a esta provincia y a este pa\u00eds adelante\u201d.<\/p>\n\n\n\n<p><em>Federalismo<\/em><br>El acto tambi\u00e9n cont\u00f3 con la participaci\u00f3n del ministro de Educaci\u00f3n, Ariel Mart\u00ednez, quien agradeci\u00f3 al intendente, al gabinete municipal y a la comunidad por hacer posible la realizaci\u00f3n del evento. Subray\u00f3 adem\u00e1s el impulso del Gobernador al federalismo: \u201cGracias al hacedor del federalismo en nuestra provincia, el gobernador Ricardo Quintela, hoy desarrollamos actividades centrales en el interior\u201d.<br>Mart\u00ednez destac\u00f3 que \u201cnuestra bandera representa nuestra historia, identidad y valores. Es un momento de orgullo y compromiso con la patria. Belgrano fue un hombre de profundas convicciones, defensor de la educaci\u00f3n, la justicia y los derechos. Su vida y legado nos inspiran como gobierno, como sociedad y como comunidad educativa\u201d.<br>Asimismo, y dirigi\u00e9ndose a los estudiantes, el Ministro de Educaci\u00f3n expres\u00f3 que \u201ceste acto simboliza un compromiso con la Patria, y con los valores que ella representa. Es muy importante para nosotros sentir, honrar y generar todas las condiciones para tener una sociedad justa, equitativa y solidaria\u201d.<\/p>\n\n\n\n<p><em>Transmitir valores<\/em><br>Por su parte, el intendente del departamento, Juan Urbano, celebr\u00f3 la realizaci\u00f3n del acto luego de varios a\u00f1os. \u201cEstamos muy contentos y felices porque hace un par de a\u00f1os que no se hac\u00eda este acto tan importante en nuestro departamento, que lleva el nombre de nuestro pr\u00f3cer. Por eso agradezco al gobernador y al ministro por tener en cuenta a nuestro departamento para volver a hacer el acto central de toda la provincia\u201d.<br>Urbano tambi\u00e9n destac\u00f3 la importancia de transmitir valores a las nuevas generaciones y asegur\u00f3 que \u201choy es un d\u00eda especial para todos nosotros, y muy especialmente para los chicos que van a hacer la promesa de lealtad a nuestra insignia patria, sabiendo en estos tiempos el valor que tiene respetar a nuestras insignias. La lealtad es uno de esos valores que queremos inculcar d\u00eda a d\u00eda\u201d.<\/p>\n","protected":false},"excerpt":{"rendered":"<p>Ricardo Quintela encabez\u00f3 en Olta el acto central de Promesa de Lealtad a la Bandera, donde destac\u00f3 los valores de la insignia nacional, record\u00f3 el legado de Belgrano y Angel Vicente Pe\u00f1aloza, y agradeci\u00f3 el afecto del pueblo del departamento. En el marco del D\u00eda de la Bandera y en conmemoraci\u00f3n del fallecimiento del general [&hellip;]<\/p>\n","protected":false},"author":3,"featured_media":3275,"comment_status":"open","ping_status":"open","sticky":false,"template":"","format":"standard","meta":{"_jetpack_memberships_contains_paid_content":false,"footnotes":""},"categories":[1],"tags":[],"class_list":["post-3274","post","type-post","status-publish","format-standard","has-post-thumbnail","hentry","category-local"],"jetpack_featured_media_url":"https:\/\/pasahoy.com.ar\/ph\/wp-content\/uploads\/2025\/06\/1000447537.jpg","jetpack_sharing_enabled":true,"_links":{"self":[{"href":"https:\/\/pasahoy.com.ar\/ph\/wp-json\/wp\/v2\/posts\/3274","targetHints":{"allow":["GET"]}}],"collection":[{"href":"https:\/\/pasahoy.com.ar\/ph\/wp-json\/wp\/v2\/posts"}],"about":[{"href":"https:\/\/pasahoy.com.ar\/ph\/wp-json\/wp\/v2\/types\/post"}],"author":[{"embeddable":true,"href":"https:\/\/pasahoy.com.ar\/ph\/wp-json\/wp\/v2\/users\/3"}],"replies":[{"embeddable":true,"href":"https:\/\/pasahoy.com.ar\/ph\/wp-json\/wp\/v2\/comments?post=3274"}],"version-history":[{"count":1,"href":"https:\/\/pasahoy.com.ar\/ph\/wp-json\/wp\/v2\/posts\/3274\/revisions"}],"predecessor-version":[{"id":3280,"href":"https:\/\/pasahoy.com.ar\/ph\/wp-json\/wp\/v2\/posts\/3274\/revisions\/3280"}],"wp:featuredmedia":[{"embeddable":true,"href":"https:\/\/pasahoy.com.ar\/ph\/wp-json\/wp\/v2\/media\/3275"}],"wp:attachment":[{"href":"https:\/\/pasahoy.com.ar\/ph\/wp-json\/wp\/v2\/media?parent=3274"}],"wp:term":[{"taxonomy":"category","embeddable":true,"href":"https:\/\/pasahoy.com.ar\/ph\/wp-json\/wp\/v2\/categories?post=3274"},{"taxonomy":"post_tag","embeddable":true,"href":"https:\/\/pasahoy.com.ar\/ph\/wp-json\/wp\/v2\/tags?post=3274"}],"curies":[{"name":"wp","href":"https:\/\/api.w.org\/{rel}","templated":true}]}}