{"id":3269,"date":"2025-06-24T00:58:04","date_gmt":"2025-06-24T00:58:04","guid":{"rendered":"https:\/\/pasahoy.com.ar\/ph\/?p=3269"},"modified":"2025-06-24T00:58:04","modified_gmt":"2025-06-24T00:58:04","slug":"refuerzan-recomendaciones-sanitarias-ante-el-frio-uso-de-barbijo-vacunacion-y-cuidados","status":"publish","type":"post","link":"https:\/\/pasahoy.com.ar\/ph\/refuerzan-recomendaciones-sanitarias-ante-el-frio-uso-de-barbijo-vacunacion-y-cuidados\/","title":{"rendered":"Refuerzan recomendaciones sanitarias ante el fr\u00edo: uso de barbijo, vacunaci\u00f3n y cuidados"},"content":{"rendered":"\n<p><em>Con el aumento de enfermedades respiratorias en esta \u00e9poca del a\u00f1o, el Ministerio de Salud insta a la poblaci\u00f3n a extremar los cuidados, completar esquemas de vacunaci\u00f3n y reforzar medidas de prevenci\u00f3n en espacios cerrados y de alta concurrencia.<\/em><\/p>\n\n\n\n<figure class=\"wp-block-gallery has-nested-images columns-default is-cropped wp-block-gallery-1 is-layout-flex wp-block-gallery-is-layout-flex\">\n<figure class=\"wp-block-image size-large\"><img loading=\"lazy\" decoding=\"async\" width=\"1024\" height=\"681\" data-id=\"3272\" src=\"https:\/\/pasahoy.com.ar\/ph\/wp-content\/uploads\/2025\/06\/1000447533-1024x681.jpg\" alt=\"\" class=\"wp-image-3272\" srcset=\"https:\/\/pasahoy.com.ar\/ph\/wp-content\/uploads\/2025\/06\/1000447533-1024x681.jpg 1024w, https:\/\/pasahoy.com.ar\/ph\/wp-content\/uploads\/2025\/06\/1000447533-300x200.jpg 300w, https:\/\/pasahoy.com.ar\/ph\/wp-content\/uploads\/2025\/06\/1000447533-768x511.jpg 768w, https:\/\/pasahoy.com.ar\/ph\/wp-content\/uploads\/2025\/06\/1000447533-1536x1021.jpg 1536w, https:\/\/pasahoy.com.ar\/ph\/wp-content\/uploads\/2025\/06\/1000447533.jpg 1600w\" sizes=\"auto, (max-width: 1024px) 100vw, 1024px\" \/><\/figure>\n\n\n\n<figure class=\"wp-block-image size-large\"><img loading=\"lazy\" decoding=\"async\" width=\"1024\" height=\"716\" data-id=\"3270\" src=\"https:\/\/pasahoy.com.ar\/ph\/wp-content\/uploads\/2025\/06\/1000447532-1024x716.jpg\" alt=\"\" class=\"wp-image-3270\" srcset=\"https:\/\/pasahoy.com.ar\/ph\/wp-content\/uploads\/2025\/06\/1000447532-1024x716.jpg 1024w, https:\/\/pasahoy.com.ar\/ph\/wp-content\/uploads\/2025\/06\/1000447532-300x210.jpg 300w, https:\/\/pasahoy.com.ar\/ph\/wp-content\/uploads\/2025\/06\/1000447532-768x537.jpg 768w, https:\/\/pasahoy.com.ar\/ph\/wp-content\/uploads\/2025\/06\/1000447532-1536x1073.jpg 1536w, https:\/\/pasahoy.com.ar\/ph\/wp-content\/uploads\/2025\/06\/1000447532.jpg 1600w\" sizes=\"auto, (max-width: 1024px) 100vw, 1024px\" \/><\/figure>\n\n\n\n<figure class=\"wp-block-image size-large\"><img loading=\"lazy\" decoding=\"async\" width=\"1024\" height=\"681\" data-id=\"3271\" src=\"https:\/\/pasahoy.com.ar\/ph\/wp-content\/uploads\/2025\/06\/1000447534-1024x681.jpg\" alt=\"\" class=\"wp-image-3271\" srcset=\"https:\/\/pasahoy.com.ar\/ph\/wp-content\/uploads\/2025\/06\/1000447534-1024x681.jpg 1024w, https:\/\/pasahoy.com.ar\/ph\/wp-content\/uploads\/2025\/06\/1000447534-300x200.jpg 300w, https:\/\/pasahoy.com.ar\/ph\/wp-content\/uploads\/2025\/06\/1000447534-768x511.jpg 768w, https:\/\/pasahoy.com.ar\/ph\/wp-content\/uploads\/2025\/06\/1000447534-1536x1021.jpg 1536w, https:\/\/pasahoy.com.ar\/ph\/wp-content\/uploads\/2025\/06\/1000447534.jpg 1600w\" sizes=\"auto, (max-width: 1024px) 100vw, 1024px\" \/><\/figure>\n<\/figure>\n\n\n\n<p>Ante la llegada de las bajas temperaturas y el incremento de enfermedades respiratorias, el Ministerio de Salud recuerda a la comunidad la importancia de fortalecer las medidas de prevenci\u00f3n para resguardar la salud individual y colectiva.<br>Entre las principales recomendaciones, se destaca que las personas con s\u00edntomas respiratorios utilicen barbijo en espacios cerrados con gran concurrencia de p\u00fablico, como el transporte, salas de espera, farmacias y oficinas de atenci\u00f3n. Esta medida busca reducir la circulaci\u00f3n de virus, especialmente en ambientes donde hay personas con factores de riesgo.<br>Asimismo, se estableci\u00f3 el uso obligatorio de barbijo para el personal de salud que se desempe\u00f1a en \u00e1reas de atenci\u00f3n respiratoria y guardias de Centros de Salud y Hospitales.<br>Desde la cartera sanitaria tambi\u00e9n se insiste en la importancia de la vacunaci\u00f3n como herramienta para evitar complicaciones graves. Est\u00e1n disponibles en todos los centros de salud las vacunas del calendario nacional, incluyendo:<br>Antigripal, destinada a personas mayores de 65 a\u00f1os, embarazadas, ni\u00f1os de 6 a 24 meses y personas inmunocomprometidas.<br>Vacuna contra el COVID-19.<br>Vacuna contra el dengue, para j\u00f3venes de 15 a 25 a\u00f1os.<\/p>\n\n\n\n<p><em>Lugares y horarios de vacunaci\u00f3n<\/em><br>Para facilitar el acceso, el Ministerio informa que:<br>El Vacunatorio Central, en el barrio Hospital, atiende de lunes a viernes de 8 a 13 y de 14 a 19 horas.<br>El Parque de la Ciudad funciona de lunes a viernes de 8 a 18, y los s\u00e1bados, domingos y feriados de 14 a 18 horas.<br>El Parque de la Familia ofrece atenci\u00f3n todos los d\u00edas de 14 a 18 horas.<br>Adem\u00e1s, se recuerda mantener medidas de prevenci\u00f3n como ventilar los ambientes a diario, incluso en d\u00edas fr\u00edos, higienizar frecuentemente las manos, evitar el contacto estrecho con personas con s\u00edntomas respiratorios y no automedicarse.<br>Ante s\u00edntomas como fiebre, tos persistente o dificultad para respirar, se recomienda acudir al centro de salud m\u00e1s cercano.<br>Desde el Ministerio de Salud insisten: \u00abCuidarnos entre todos y todas es una responsabilidad compartida\u00bb. Estas acciones simples, sostenidas en el tiempo, salvan vidas y resultan fundamentales durante los meses de invierno.<\/p>\n","protected":false},"excerpt":{"rendered":"<p>Con el aumento de enfermedades respiratorias en esta \u00e9poca del a\u00f1o, el Ministerio de Salud insta a la poblaci\u00f3n a extremar los cuidados, completar esquemas de vacunaci\u00f3n y reforzar medidas de prevenci\u00f3n en espacios cerrados y de alta concurrencia. Ante la llegada de las bajas temperaturas y el incremento de enfermedades respiratorias, el Ministerio de [&hellip;]<\/p>\n","protected":false},"author":3,"featured_media":3272,"comment_status":"open","ping_status":"open","sticky":false,"template":"","format":"standard","meta":{"_jetpack_memberships_contains_paid_content":false,"footnotes":""},"categories":[1],"tags":[],"class_list":["post-3269","post","type-post","status-publish","format-standard","has-post-thumbnail","hentry","category-local"],"jetpack_featured_media_url":"https:\/\/pasahoy.com.ar\/ph\/wp-content\/uploads\/2025\/06\/1000447533.jpg","jetpack_sharing_enabled":true,"_links":{"self":[{"href":"https:\/\/pasahoy.com.ar\/ph\/wp-json\/wp\/v2\/posts\/3269","targetHints":{"allow":["GET"]}}],"collection":[{"href":"https:\/\/pasahoy.com.ar\/ph\/wp-json\/wp\/v2\/posts"}],"about":[{"href":"https:\/\/pasahoy.com.ar\/ph\/wp-json\/wp\/v2\/types\/post"}],"author":[{"embeddable":true,"href":"https:\/\/pasahoy.com.ar\/ph\/wp-json\/wp\/v2\/users\/3"}],"replies":[{"embeddable":true,"href":"https:\/\/pasahoy.com.ar\/ph\/wp-json\/wp\/v2\/comments?post=3269"}],"version-history":[{"count":1,"href":"https:\/\/pasahoy.com.ar\/ph\/wp-json\/wp\/v2\/posts\/3269\/revisions"}],"predecessor-version":[{"id":3273,"href":"https:\/\/pasahoy.com.ar\/ph\/wp-json\/wp\/v2\/posts\/3269\/revisions\/3273"}],"wp:featuredmedia":[{"embeddable":true,"href":"https:\/\/pasahoy.com.ar\/ph\/wp-json\/wp\/v2\/media\/3272"}],"wp:attachment":[{"href":"https:\/\/pasahoy.com.ar\/ph\/wp-json\/wp\/v2\/media?parent=3269"}],"wp:term":[{"taxonomy":"category","embeddable":true,"href":"https:\/\/pasahoy.com.ar\/ph\/wp-json\/wp\/v2\/categories?post=3269"},{"taxonomy":"post_tag","embeddable":true,"href":"https:\/\/pasahoy.com.ar\/ph\/wp-json\/wp\/v2\/tags?post=3269"}],"curies":[{"name":"wp","href":"https:\/\/api.w.org\/{rel}","templated":true}]}}