{"id":3258,"date":"2025-06-24T00:37:15","date_gmt":"2025-06-24T00:37:15","guid":{"rendered":"https:\/\/pasahoy.com.ar\/ph\/?p=3258"},"modified":"2025-06-24T00:37:15","modified_gmt":"2025-06-24T00:37:15","slug":"con-politicas-de-intervencion-y-articulacion-la-provincia-impulsa-un-protocolo-para-proteger-los-derechos-de-las-personas-mayores","status":"publish","type":"post","link":"https:\/\/pasahoy.com.ar\/ph\/con-politicas-de-intervencion-y-articulacion-la-provincia-impulsa-un-protocolo-para-proteger-los-derechos-de-las-personas-mayores\/","title":{"rendered":"Con pol\u00edticas de intervenci\u00f3n y articulaci\u00f3n, la Provincia impulsa un protocolo para proteger los derechos de las personas mayores"},"content":{"rendered":"\n<p><em>En el marco del D\u00eda Mundial contra el Abuso y Maltrato a las Personas Mayores, el Ministerio de Desarrollo, Igualdad e Integraci\u00f3n Social concret\u00f3 un taller con participaci\u00f3n de diversas \u00e1reas del Estado y organizaciones civiles para unificar criterios de intervenci\u00f3n ante situaciones de vulnerabilidad.<\/em><\/p>\n\n\n\n<figure class=\"wp-block-gallery has-nested-images columns-default is-cropped wp-block-gallery-1 is-layout-flex wp-block-gallery-is-layout-flex\">\n<figure class=\"wp-block-image size-large\"><img loading=\"lazy\" decoding=\"async\" width=\"1024\" height=\"682\" data-id=\"3259\" src=\"https:\/\/pasahoy.com.ar\/ph\/wp-content\/uploads\/2025\/06\/1000447444-1024x682.jpg\" alt=\"\" class=\"wp-image-3259\" srcset=\"https:\/\/pasahoy.com.ar\/ph\/wp-content\/uploads\/2025\/06\/1000447444-1024x682.jpg 1024w, https:\/\/pasahoy.com.ar\/ph\/wp-content\/uploads\/2025\/06\/1000447444-300x200.jpg 300w, https:\/\/pasahoy.com.ar\/ph\/wp-content\/uploads\/2025\/06\/1000447444-768x512.jpg 768w, https:\/\/pasahoy.com.ar\/ph\/wp-content\/uploads\/2025\/06\/1000447444-1536x1023.jpg 1536w, https:\/\/pasahoy.com.ar\/ph\/wp-content\/uploads\/2025\/06\/1000447444.jpg 1600w\" sizes=\"auto, (max-width: 1024px) 100vw, 1024px\" \/><\/figure>\n\n\n\n<figure class=\"wp-block-image size-large\"><img loading=\"lazy\" decoding=\"async\" width=\"1024\" height=\"682\" data-id=\"3260\" src=\"https:\/\/pasahoy.com.ar\/ph\/wp-content\/uploads\/2025\/06\/1000447438-1024x682.jpg\" alt=\"\" class=\"wp-image-3260\" srcset=\"https:\/\/pasahoy.com.ar\/ph\/wp-content\/uploads\/2025\/06\/1000447438-1024x682.jpg 1024w, https:\/\/pasahoy.com.ar\/ph\/wp-content\/uploads\/2025\/06\/1000447438-300x200.jpg 300w, https:\/\/pasahoy.com.ar\/ph\/wp-content\/uploads\/2025\/06\/1000447438-768x512.jpg 768w, https:\/\/pasahoy.com.ar\/ph\/wp-content\/uploads\/2025\/06\/1000447438-1536x1023.jpg 1536w, https:\/\/pasahoy.com.ar\/ph\/wp-content\/uploads\/2025\/06\/1000447438.jpg 1600w\" sizes=\"auto, (max-width: 1024px) 100vw, 1024px\" \/><\/figure>\n\n\n\n<figure class=\"wp-block-image size-large\"><img loading=\"lazy\" decoding=\"async\" width=\"1024\" height=\"682\" data-id=\"3261\" src=\"https:\/\/pasahoy.com.ar\/ph\/wp-content\/uploads\/2025\/06\/1000447441-1024x682.jpg\" alt=\"\" class=\"wp-image-3261\" srcset=\"https:\/\/pasahoy.com.ar\/ph\/wp-content\/uploads\/2025\/06\/1000447441-1024x682.jpg 1024w, https:\/\/pasahoy.com.ar\/ph\/wp-content\/uploads\/2025\/06\/1000447441-300x200.jpg 300w, https:\/\/pasahoy.com.ar\/ph\/wp-content\/uploads\/2025\/06\/1000447441-768x512.jpg 768w, https:\/\/pasahoy.com.ar\/ph\/wp-content\/uploads\/2025\/06\/1000447441-1536x1023.jpg 1536w, https:\/\/pasahoy.com.ar\/ph\/wp-content\/uploads\/2025\/06\/1000447441.jpg 1600w\" sizes=\"auto, (max-width: 1024px) 100vw, 1024px\" \/><\/figure>\n<\/figure>\n\n\n\n<p>En el marco del D\u00eda Mundial de la Toma de Conciencia sobre el Abuso y Maltrato a las Personas Mayores, que se conmemora cada 15 de junio, el Ministerio de Desarrollo, Igualdad e Integraci\u00f3n Social -a trav\u00e9s del Consejo Provincial para el Adulto Mayor- llev\u00f3 adelante el taller \u201cDesaf\u00edos y Estrategias para Envejecer con Derechos\u201d.<br>La actividad se realiz\u00f3 en el Comedor Estudiantil y cont\u00f3 con la participaci\u00f3n de profesionales que trabajan con personas mayores, equipos t\u00e9cnicos del Ministerio, trabajadores y trabajadoras de la Legislatura Provincial, as\u00ed como representantes de instituciones intermedias y organizaciones de la sociedad civil. Tambi\u00e9n estuvieron presentes referentes de distintas \u00e1reas del Estado provincial y del Poder Legislativo.<br>Durante el encuentro se debati\u00f3 y acord\u00f3 un protocolo de intervenci\u00f3n y articulaci\u00f3n interinstitucional para abordar de manera integral los casos de vulneraci\u00f3n de derechos de personas adultas mayores.<\/p>\n\n\n\n<p><em>Garantizar derechos<\/em><br>En la apertura, el ministro de Desarrollo, Igualdad e Integraci\u00f3n Social, Alfredo Menem, destac\u00f3 la importancia del rol activo del Estado en la vida de las personas mayores y de la comunidad en su conjunto, para garantizar derechos fundamentales como el acceso a la alimentaci\u00f3n, la educaci\u00f3n y una vivienda digna.<br>El funcionario valor\u00f3 la amplia participaci\u00f3n en el taller al se\u00f1alar que \u201ces muy importante que podamos juntarnos, reunirnos, debatir y discutir pol\u00edticas p\u00fablicas y visibilizar tambi\u00e9n las situaciones que hoy est\u00e1n viviendo nuestros adultos y adultas mayores\u201d. Asimismo, a\u00f1adi\u00f3 que \u201cla falta y la quita de los medicamentos, la p\u00e9rdida del poder adquisitivo que afecta a las personas mayores y otras cuestiones hacen a que nuestros adultos y adultas mayores no tengan la felicidad plena en este momento de sus vidas. Tenemos que visibilizar la problem\u00e1tica, tenemos que abordarla y tenemos que levantar la voz para poder generar conciencia en cada uno de los sectores\u201d.<br>En ese sentido, Menem diferenci\u00f3 dos modelos de pa\u00eds: por un lado, el del presidente Javier Milei, que \u201cbusca la concentraci\u00f3n de recursos y la ausencia del Estado\u201d, y por otro, el que impulsa el gobernador Ricardo Quintela, \u201ccon un Estado presente, que acompa\u00f1a a la comunidad, genera condiciones para el progreso, brinda herramientas de trabajo, igualdad de oportunidades y posibilidades para todos y todas\u201d.<\/p>\n\n\n\n<p><em>Generar conciencia<\/em><br>Por su parte, la secretaria de Inclusi\u00f3n y Desarrollo Social, Luc\u00eda D\u00edaz Chiavassa, subray\u00f3 el car\u00e1cter intersectorial del encuentro y asegur\u00f3 que \u201cambos -el sector p\u00fablico y privado- deben intervenir ante una situaci\u00f3n de vulneraci\u00f3n de derechos, y estas instancias nos permiten fortalecer estos lazos, unificar criterios, redefinir algunas pol\u00edticas p\u00fablicas que ven\u00edan ya pensadas desde hace a\u00f1os y adaptarlas a la situaci\u00f3n actual\u201d.<br>D\u00edaz Chiavassa inform\u00f3 que a lo largo de junio continuar\u00e1n realiz\u00e1ndose actividades para visibilizar esta fecha clave, con el prop\u00f3sito de generar mayor conciencia sobre los derechos de las personas mayores, promoviendo una vida libre de violencias y una participaci\u00f3n activa e inclusiva en la sociedad.<\/p>\n\n\n\n<p><em>Accionar en conjunto<\/em><br>Por \u00faltimo, la directora de Adultos Mayores, Marcela Fern\u00e1ndez, explic\u00f3 que durante el taller se trabaj\u00f3 en torno a los nuevos desaf\u00edos del \u00e1rea y las estrategias de abordaje de la problem\u00e1tica de la vejez: \u201cEstamos muy felices porque nos acompa\u00f1an profesionales de distintas instituciones para en conjunto definir un m\u00e9todo, un protocolo de abordaje en las situaciones de vulneraci\u00f3n de derechos, que cada d\u00eda son m\u00e1s complejas y que a veces las herramientas que tenemos no alcanzan\u201d. Y concluy\u00f3: \u201cPara eso nos parece importante articular con otras \u00e1reas e instituciones, para accionar en conjunto y tener un camino claro de acci\u00f3n, que proteja a las personas mayores\u201d.<\/p>\n","protected":false},"excerpt":{"rendered":"<p>En el marco del D\u00eda Mundial contra el Abuso y Maltrato a las Personas Mayores, el Ministerio de Desarrollo, Igualdad e Integraci\u00f3n Social concret\u00f3 un taller con participaci\u00f3n de diversas \u00e1reas del Estado y organizaciones civiles para unificar criterios de intervenci\u00f3n ante situaciones de vulnerabilidad. En el marco del D\u00eda Mundial de la Toma de [&hellip;]<\/p>\n","protected":false},"author":3,"featured_media":3259,"comment_status":"open","ping_status":"open","sticky":false,"template":"","format":"standard","meta":{"_jetpack_memberships_contains_paid_content":false,"footnotes":""},"categories":[1],"tags":[],"class_list":["post-3258","post","type-post","status-publish","format-standard","has-post-thumbnail","hentry","category-local"],"jetpack_featured_media_url":"https:\/\/pasahoy.com.ar\/ph\/wp-content\/uploads\/2025\/06\/1000447444.jpg","jetpack_sharing_enabled":true,"_links":{"self":[{"href":"https:\/\/pasahoy.com.ar\/ph\/wp-json\/wp\/v2\/posts\/3258","targetHints":{"allow":["GET"]}}],"collection":[{"href":"https:\/\/pasahoy.com.ar\/ph\/wp-json\/wp\/v2\/posts"}],"about":[{"href":"https:\/\/pasahoy.com.ar\/ph\/wp-json\/wp\/v2\/types\/post"}],"author":[{"embeddable":true,"href":"https:\/\/pasahoy.com.ar\/ph\/wp-json\/wp\/v2\/users\/3"}],"replies":[{"embeddable":true,"href":"https:\/\/pasahoy.com.ar\/ph\/wp-json\/wp\/v2\/comments?post=3258"}],"version-history":[{"count":1,"href":"https:\/\/pasahoy.com.ar\/ph\/wp-json\/wp\/v2\/posts\/3258\/revisions"}],"predecessor-version":[{"id":3262,"href":"https:\/\/pasahoy.com.ar\/ph\/wp-json\/wp\/v2\/posts\/3258\/revisions\/3262"}],"wp:featuredmedia":[{"embeddable":true,"href":"https:\/\/pasahoy.com.ar\/ph\/wp-json\/wp\/v2\/media\/3259"}],"wp:attachment":[{"href":"https:\/\/pasahoy.com.ar\/ph\/wp-json\/wp\/v2\/media?parent=3258"}],"wp:term":[{"taxonomy":"category","embeddable":true,"href":"https:\/\/pasahoy.com.ar\/ph\/wp-json\/wp\/v2\/categories?post=3258"},{"taxonomy":"post_tag","embeddable":true,"href":"https:\/\/pasahoy.com.ar\/ph\/wp-json\/wp\/v2\/tags?post=3258"}],"curies":[{"name":"wp","href":"https:\/\/api.w.org\/{rel}","templated":true}]}}