{"id":3251,"date":"2025-06-24T00:28:01","date_gmt":"2025-06-24T00:28:01","guid":{"rendered":"https:\/\/pasahoy.com.ar\/ph\/?p=3251"},"modified":"2025-06-24T00:28:13","modified_gmt":"2025-06-24T00:28:13","slug":"quien-sera-el-arbitro-del-partido-entre-boca-y-auckland-city-en-el-mundial-de-clubes","status":"publish","type":"post","link":"https:\/\/pasahoy.com.ar\/ph\/quien-sera-el-arbitro-del-partido-entre-boca-y-auckland-city-en-el-mundial-de-clubes\/","title":{"rendered":"Qui\u00e9n ser\u00e1 el \u00e1rbitro del partido entre Boca y Auckland City en el Mundial de Clubes"},"content":{"rendered":"\n<p>Un pol\u00e9mico refer\u00ed sueco ser\u00e1 el encargado de dirigir al \u201cXeneize\u201d en la \u00faltima fecha de la fase de grupos.<\/p>\n\n\n\n<p><a href=\"https:\/\/tn.com.ar\/tags\/boca-juniors\/\"><strong>Boca<\/strong><\/a>\u00a0enfrentar\u00e1 a Auckland City este\u00a0<strong>martes 24 de junio\u00a0<\/strong>a las<strong>\u00a022<\/strong>, en la tercera fecha de la fase de grupos del<a href=\"https:\/\/tn.com.ar\/tags\/mundial-de-clubes\/\"><strong>\u00a0Mundial de Clubes<\/strong><\/a>. El encargado de impartir justicia ser\u00e1\u00a0<strong>Glenn Nyberg<\/strong>, refer\u00ed sueco que cuenta con una pol\u00e9mica carrera.<\/p>\n\n\n\n<h2 class=\"wp-block-heading\">Qui\u00e9n es el \u00e1rbitro del partido entre Boca y Auckland City en el Mundial de Clubes<\/h2>\n\n\n\n<p>Nyberg, de 36 a\u00f1os, es&nbsp;<strong>\u00e1rbitro FIFA desde 2016<\/strong>, y fue seleccionado para la final del&nbsp;<strong>Mundial Sub 20&nbsp;<\/strong>de 2023, que se disput\u00f3 en Argentina, y para los&nbsp;<strong>Juegos Ol\u00edmpicos de Par\u00eds 2024<\/strong>.<\/p>\n\n\n\n<h2 class=\"wp-block-heading\">El pol\u00e9mico antecedente de Nyberg dirigiendo a la Selecci\u00f3n argentina<\/h2>\n\n\n\n<p>En Par\u00eds, el \u00e1rbitro sueco dirigi\u00f3 el&nbsp;<strong>debut de la Selecci\u00f3n argentina<\/strong>&nbsp;ante Marruecos y tuvo un pol\u00e9mico desempe\u00f1o. Aquel d\u00eda, los dirigidos por Javier Mascherano<strong>&nbsp;comenzaron perdiendo 2 a 0<\/strong>, pero, gracias a los tantos de&nbsp;<strong>Giuliano Simeone y Cristian Medina,&nbsp;<\/strong>lograron remontar el encuentro.<\/p>\n\n\n\n<p>Sin embargo, tras el gol del empate, que lleg\u00f3 con<strong>&nbsp;un minuto restante en el partido<\/strong>, los simpatizantes marroqu\u00edes comenzaron a&nbsp;<strong>invadir el campo de juego<\/strong>. Ante esta situaci\u00f3n, los equipos se retiraron a los vestuarios y los hinchas abandonaron el estadio.<\/p>\n\n\n\n<p>Tras&nbsp;<strong>dos horas&nbsp;<\/strong>de espera, Nyberg tom\u00f3 la decisi\u00f3n de&nbsp;<strong>anular el gol de Medina<\/strong>&nbsp;por offside previo de Bruno Amione y reanud\u00f3 el juego para disputar&nbsp;<strong>tres minutos adicionados<\/strong>&nbsp;m\u00e1s. Finalmente, la&nbsp;<em>Albiceleste<\/em>&nbsp;cay\u00f3 2 a 1 ante el conjunto africano.<\/p>\n\n\n\n<figure class=\"wp-block-gallery has-nested-images columns-default is-cropped wp-block-gallery-1 is-layout-flex wp-block-gallery-is-layout-flex\">\n<figure class=\"wp-block-image size-large\"><img loading=\"lazy\" decoding=\"async\" width=\"922\" height=\"528\" data-id=\"3252\" src=\"https:\/\/pasahoy.com.ar\/ph\/wp-content\/uploads\/2025\/06\/1000447401.png\" alt=\"\" class=\"wp-image-3252\" srcset=\"https:\/\/pasahoy.com.ar\/ph\/wp-content\/uploads\/2025\/06\/1000447401.png 922w, https:\/\/pasahoy.com.ar\/ph\/wp-content\/uploads\/2025\/06\/1000447401-300x172.png 300w, https:\/\/pasahoy.com.ar\/ph\/wp-content\/uploads\/2025\/06\/1000447401-768x440.png 768w\" sizes=\"auto, (max-width: 922px) 100vw, 922px\" \/><\/figure>\n<\/figure>\n","protected":false},"excerpt":{"rendered":"<p>Un pol\u00e9mico refer\u00ed sueco ser\u00e1 el encargado de dirigir al \u201cXeneize\u201d en la \u00faltima fecha de la fase de grupos. Boca\u00a0enfrentar\u00e1 a Auckland City este\u00a0martes 24 de junio\u00a0a las\u00a022, en la tercera fecha de la fase de grupos del\u00a0Mundial de Clubes. El encargado de impartir justicia ser\u00e1\u00a0Glenn Nyberg, refer\u00ed sueco que cuenta con una pol\u00e9mica [&hellip;]<\/p>\n","protected":false},"author":3,"featured_media":3252,"comment_status":"open","ping_status":"open","sticky":false,"template":"","format":"standard","meta":{"_jetpack_memberships_contains_paid_content":false,"footnotes":""},"categories":[4],"tags":[],"class_list":["post-3251","post","type-post","status-publish","format-standard","has-post-thumbnail","hentry","category-deporte"],"jetpack_featured_media_url":"https:\/\/pasahoy.com.ar\/ph\/wp-content\/uploads\/2025\/06\/1000447401.png","jetpack_sharing_enabled":true,"_links":{"self":[{"href":"https:\/\/pasahoy.com.ar\/ph\/wp-json\/wp\/v2\/posts\/3251","targetHints":{"allow":["GET"]}}],"collection":[{"href":"https:\/\/pasahoy.com.ar\/ph\/wp-json\/wp\/v2\/posts"}],"about":[{"href":"https:\/\/pasahoy.com.ar\/ph\/wp-json\/wp\/v2\/types\/post"}],"author":[{"embeddable":true,"href":"https:\/\/pasahoy.com.ar\/ph\/wp-json\/wp\/v2\/users\/3"}],"replies":[{"embeddable":true,"href":"https:\/\/pasahoy.com.ar\/ph\/wp-json\/wp\/v2\/comments?post=3251"}],"version-history":[{"count":1,"href":"https:\/\/pasahoy.com.ar\/ph\/wp-json\/wp\/v2\/posts\/3251\/revisions"}],"predecessor-version":[{"id":3253,"href":"https:\/\/pasahoy.com.ar\/ph\/wp-json\/wp\/v2\/posts\/3251\/revisions\/3253"}],"wp:featuredmedia":[{"embeddable":true,"href":"https:\/\/pasahoy.com.ar\/ph\/wp-json\/wp\/v2\/media\/3252"}],"wp:attachment":[{"href":"https:\/\/pasahoy.com.ar\/ph\/wp-json\/wp\/v2\/media?parent=3251"}],"wp:term":[{"taxonomy":"category","embeddable":true,"href":"https:\/\/pasahoy.com.ar\/ph\/wp-json\/wp\/v2\/categories?post=3251"},{"taxonomy":"post_tag","embeddable":true,"href":"https:\/\/pasahoy.com.ar\/ph\/wp-json\/wp\/v2\/tags?post=3251"}],"curies":[{"name":"wp","href":"https:\/\/api.w.org\/{rel}","templated":true}]}}