{"id":3242,"date":"2025-06-24T00:04:08","date_gmt":"2025-06-24T00:04:08","guid":{"rendered":"https:\/\/pasahoy.com.ar\/ph\/?p=3242"},"modified":"2025-06-24T00:04:40","modified_gmt":"2025-06-24T00:04:40","slug":"chilecito-la-justicia-proceso-a-un-hombre-por-el-robo-de-una-moto-desde-un-deposito-policial","status":"publish","type":"post","link":"https:\/\/pasahoy.com.ar\/ph\/chilecito-la-justicia-proceso-a-un-hombre-por-el-robo-de-una-moto-desde-un-deposito-policial\/","title":{"rendered":"CHILECITO: LA JUSTICIA PROCES\u00d3 A UN HOMBRE POR EL ROBO DE UNA MOTO DESDE UN DEP\u00d3SITO POLICIAL"},"content":{"rendered":"\n<p>El Juzgado de Instrucci\u00f3n en lo Criminal y Correccional N\u00b02 de la Segunda Circunscripci\u00f3n Judicial, con sede en Chilecito, a cargo del juez suplente Dr. Jorge El\u00edas Jalil, proces\u00f3 a \u00c1ngel N. B. D. por el delito de robo simple (art. 164 del C.P.A.), en calidad de autor.<\/p>\n\n\n\n<figure class=\"wp-block-gallery has-nested-images columns-default is-cropped wp-block-gallery-1 is-layout-flex wp-block-gallery-is-layout-flex\">\n<figure class=\"wp-block-image size-full\"><img loading=\"lazy\" decoding=\"async\" width=\"830\" height=\"562\" data-id=\"3243\" src=\"https:\/\/pasahoy.com.ar\/ph\/wp-content\/uploads\/2025\/06\/1000447291.jpg\" alt=\"\" class=\"wp-image-3243\" srcset=\"https:\/\/pasahoy.com.ar\/ph\/wp-content\/uploads\/2025\/06\/1000447291.jpg 830w, https:\/\/pasahoy.com.ar\/ph\/wp-content\/uploads\/2025\/06\/1000447291-300x203.jpg 300w, https:\/\/pasahoy.com.ar\/ph\/wp-content\/uploads\/2025\/06\/1000447291-768x520.jpg 768w\" sizes=\"auto, (max-width: 830px) 100vw, 830px\" \/><\/figure>\n<\/figure>\n\n\n\n<p>El hecho tuvo lugar el 21 de octubre de 2023, cuando personal policial detect\u00f3 el faltante de una moto Honda Wave 110, sin dominio ni pl\u00e1sticos laterales, que hab\u00eda sido secuestrada en el marco de una causa previa por un hecho de tr\u00e1nsito con lesiones graves, en el predio de la Divisi\u00f3n de Accidentes Viales de la Unidad Regional Segunda, Regi\u00f3n Valles del Famatina.<\/p>\n\n\n\n<p>Por lo que, la motocicleta fue retirada il\u00edcitamente mediante el corte del cerco perimetral con un alicate, elemento que fue hallado en el lugar de los hechos.<\/p>\n\n\n\n<p>La investigaci\u00f3n, impulsada inicialmente por el fiscal Dr. Alan\u00eds y posteriormente continuada por el fiscal Dr. Ariel Orme\u00f1o Reynoso, permiti\u00f3 reconstruir el trayecto del rodado y vincular directamente al imputado con el il\u00edcito, a partir de diversos testimonios, actas, allanamientos y elementos secuestrados.<\/p>\n\n\n\n<p>Seg\u00fan la resoluci\u00f3n, el imputado fue visto ingresando al domicilio familiar con la motocicleta sustra\u00edda. All\u00ed se hall\u00f3 el rodado con caracter\u00edsticas coincidentes y manoplas recientemente sustituidas. Adem\u00e1s, se secuestraron partes pl\u00e1sticas y otros elementos vinculados al hecho. Las huellas del calzado halladas en el lugar coincid\u00edan con el calzado secuestrado al imputado, lo que reforz\u00f3 su vinculaci\u00f3n directa con el delito.<\/p>\n\n\n\n<p>Durante sus dos declaraciones indagatorias ante el Juzgado, el imputado se abstuvo de declarar, haciendo uso de sus garant\u00edas constitucionales.<\/p>\n\n\n\n<p>El juez Jalil entendi\u00f3 que exist\u00edan elementos de convicci\u00f3n suficientes que permiten presumir la autor\u00eda del hecho y orden\u00f3 el procesamiento del imputado. Asimismo, se decret\u00f3 un embargo sobre sus bienes por un monto de 3 millones de pesos, con el objetivo de garantizar la reparaci\u00f3n del da\u00f1o y el pago de eventuales costas del proceso.<\/p>\n","protected":false},"excerpt":{"rendered":"<p>El Juzgado de Instrucci\u00f3n en lo Criminal y Correccional N\u00b02 de la Segunda Circunscripci\u00f3n Judicial, con sede en Chilecito, a cargo del juez suplente Dr. Jorge El\u00edas Jalil, proces\u00f3 a \u00c1ngel N. B. D. por el delito de robo simple (art. 164 del C.P.A.), en calidad de autor. El hecho tuvo lugar el 21 de [&hellip;]<\/p>\n","protected":false},"author":3,"featured_media":3243,"comment_status":"open","ping_status":"open","sticky":false,"template":"","format":"standard","meta":{"_jetpack_memberships_contains_paid_content":false,"footnotes":""},"categories":[12],"tags":[],"class_list":["post-3242","post","type-post","status-publish","format-standard","has-post-thumbnail","hentry","category-judicial"],"jetpack_featured_media_url":"https:\/\/pasahoy.com.ar\/ph\/wp-content\/uploads\/2025\/06\/1000447291.jpg","jetpack_sharing_enabled":true,"_links":{"self":[{"href":"https:\/\/pasahoy.com.ar\/ph\/wp-json\/wp\/v2\/posts\/3242","targetHints":{"allow":["GET"]}}],"collection":[{"href":"https:\/\/pasahoy.com.ar\/ph\/wp-json\/wp\/v2\/posts"}],"about":[{"href":"https:\/\/pasahoy.com.ar\/ph\/wp-json\/wp\/v2\/types\/post"}],"author":[{"embeddable":true,"href":"https:\/\/pasahoy.com.ar\/ph\/wp-json\/wp\/v2\/users\/3"}],"replies":[{"embeddable":true,"href":"https:\/\/pasahoy.com.ar\/ph\/wp-json\/wp\/v2\/comments?post=3242"}],"version-history":[{"count":1,"href":"https:\/\/pasahoy.com.ar\/ph\/wp-json\/wp\/v2\/posts\/3242\/revisions"}],"predecessor-version":[{"id":3244,"href":"https:\/\/pasahoy.com.ar\/ph\/wp-json\/wp\/v2\/posts\/3242\/revisions\/3244"}],"wp:featuredmedia":[{"embeddable":true,"href":"https:\/\/pasahoy.com.ar\/ph\/wp-json\/wp\/v2\/media\/3243"}],"wp:attachment":[{"href":"https:\/\/pasahoy.com.ar\/ph\/wp-json\/wp\/v2\/media?parent=3242"}],"wp:term":[{"taxonomy":"category","embeddable":true,"href":"https:\/\/pasahoy.com.ar\/ph\/wp-json\/wp\/v2\/categories?post=3242"},{"taxonomy":"post_tag","embeddable":true,"href":"https:\/\/pasahoy.com.ar\/ph\/wp-json\/wp\/v2\/tags?post=3242"}],"curies":[{"name":"wp","href":"https:\/\/api.w.org\/{rel}","templated":true}]}}