{"id":3239,"date":"2025-06-24T00:02:37","date_gmt":"2025-06-24T00:02:37","guid":{"rendered":"https:\/\/pasahoy.com.ar\/ph\/?p=3239"},"modified":"2025-06-24T00:02:57","modified_gmt":"2025-06-24T00:02:57","slug":"la-justicia-proceso-a-un-hombre-por-intentar-sustraer-un-microondas-de-una-vivienda-en-el-barrio-ferroviario","status":"publish","type":"post","link":"https:\/\/pasahoy.com.ar\/ph\/la-justicia-proceso-a-un-hombre-por-intentar-sustraer-un-microondas-de-una-vivienda-en-el-barrio-ferroviario\/","title":{"rendered":"LA JUSTICIA PROCES\u00d3 A UN HOMBRE POR INTENTAR SUSTRAER UN MICROONDAS DE UNA VIVIENDA EN EL BARRIO FERROVIARIO"},"content":{"rendered":"\n<p>El Juzgado de Instrucci\u00f3n en lo Criminal y Correccional N.\u00ba 3 de la Primera Circunscripci\u00f3n Judicial con sede en la ciudad de La Rioja, a cargo de la Jueza Mar\u00eda Eugenia Torres, resolvi\u00f3 dictar el procesamiento con prisi\u00f3n preventiva de Alejandro N. F. por el delito de hurto calificado por escalamiento en grado de tentativa.<\/p>\n\n\n\n<figure class=\"wp-block-gallery has-nested-images columns-default is-cropped wp-block-gallery-1 is-layout-flex wp-block-gallery-is-layout-flex\">\n<figure class=\"wp-block-image size-large\"><img loading=\"lazy\" decoding=\"async\" width=\"827\" height=\"571\" data-id=\"3240\" src=\"https:\/\/pasahoy.com.ar\/ph\/wp-content\/uploads\/2025\/06\/1000447284.jpg\" alt=\"\" class=\"wp-image-3240\" srcset=\"https:\/\/pasahoy.com.ar\/ph\/wp-content\/uploads\/2025\/06\/1000447284.jpg 827w, https:\/\/pasahoy.com.ar\/ph\/wp-content\/uploads\/2025\/06\/1000447284-300x207.jpg 300w, https:\/\/pasahoy.com.ar\/ph\/wp-content\/uploads\/2025\/06\/1000447284-768x530.jpg 768w\" sizes=\"auto, (max-width: 827px) 100vw, 827px\" \/><\/figure>\n<\/figure>\n\n\n\n<p>El imputado de 34 a\u00f1os, fue procesado por un hecho ocurrido el 27 de marzo de 2024, alrededor de las 11:45, en una vivienda ubicada en el barrio Ferroviario de la ciudad Capital. El expediente se tramit\u00f3 por la Magistrada Torres y la colaboraci\u00f3n de la secretaria Dra. Mar\u00eda Florencia Moll\u00e1 Douglas.<\/p>\n\n\n\n<p>Seg\u00fan la denuncia formulada, el imputado ingres\u00f3 a su domicilio escalando la tapia frontal y accedi\u00f3 al interior de una casa rodante ubicada en el garaje, desde donde intent\u00f3 sustraer un microondas marca BGH de color blanco. La v\u00edctima sorprendi\u00f3 al imputado cuando este se encontraba sobre la tapia con el artefacto en su poder, lo increp\u00f3 y logr\u00f3 retenerlo moment\u00e1neamente, provocando que ambos cayeran al suelo y se produjera un breve forcejeo. El delincuente huy\u00f3 del lugar sin llevarse el electrodom\u00e9stico, siendo posteriormente demorado por vecinos a varias cuadras del lugar, quienes colaboraron tras el pedido de auxilio de la denunciante.<\/p>\n\n\n\n<p>Durante el proceso, el imputado se abstuvo de declarar. La acusaci\u00f3n se sustent\u00f3 en diversos elementos probatorios, incluyendo la denuncia y ratificaci\u00f3n de la v\u00edctima, declaraciones testimoniales de transe\u00fantes que presenciaron la huida, inspecciones oculares, placas fotogr\u00e1ficas del lugar del hecho, y testimonios de personal policial y m\u00e9dico.<\/p>\n\n\n\n<p>La resoluci\u00f3n tambi\u00e9n incluy\u00f3 un embargo preventivo sobre los bienes del imputado por la suma de $1.500.000 para garantizar la pena pecuniaria y las costas del proceso. Aunque se dict\u00f3 la prisi\u00f3n preventiva, Alejandro N. F. continuar\u00e1 el proceso en libertad por haber accedido a la excarcelaci\u00f3n previamente concedida el 24 de abril de 2024.<\/p>\n\n\n\n<p>El hecho fue calificado como hurto calificado por escalamiento en grado de tentativa, conforme a los art\u00edculos 42 y 163 inciso 4 del C\u00f3digo Penal Argentino, debido a que el ingreso se realiz\u00f3 mediante el escalamiento de un muro, y la sustracci\u00f3n no se consum\u00f3 por causas ajenas a la voluntad del imputado.<\/p>\n","protected":false},"excerpt":{"rendered":"<p>El Juzgado de Instrucci\u00f3n en lo Criminal y Correccional N.\u00ba 3 de la Primera Circunscripci\u00f3n Judicial con sede en la ciudad de La Rioja, a cargo de la Jueza Mar\u00eda Eugenia Torres, resolvi\u00f3 dictar el procesamiento con prisi\u00f3n preventiva de Alejandro N. F. por el delito de hurto calificado por escalamiento en grado de tentativa. [&hellip;]<\/p>\n","protected":false},"author":3,"featured_media":3240,"comment_status":"open","ping_status":"open","sticky":false,"template":"","format":"standard","meta":{"_jetpack_memberships_contains_paid_content":false,"footnotes":""},"categories":[12],"tags":[],"class_list":["post-3239","post","type-post","status-publish","format-standard","has-post-thumbnail","hentry","category-judicial"],"jetpack_featured_media_url":"https:\/\/pasahoy.com.ar\/ph\/wp-content\/uploads\/2025\/06\/1000447284.jpg","jetpack_sharing_enabled":true,"_links":{"self":[{"href":"https:\/\/pasahoy.com.ar\/ph\/wp-json\/wp\/v2\/posts\/3239","targetHints":{"allow":["GET"]}}],"collection":[{"href":"https:\/\/pasahoy.com.ar\/ph\/wp-json\/wp\/v2\/posts"}],"about":[{"href":"https:\/\/pasahoy.com.ar\/ph\/wp-json\/wp\/v2\/types\/post"}],"author":[{"embeddable":true,"href":"https:\/\/pasahoy.com.ar\/ph\/wp-json\/wp\/v2\/users\/3"}],"replies":[{"embeddable":true,"href":"https:\/\/pasahoy.com.ar\/ph\/wp-json\/wp\/v2\/comments?post=3239"}],"version-history":[{"count":1,"href":"https:\/\/pasahoy.com.ar\/ph\/wp-json\/wp\/v2\/posts\/3239\/revisions"}],"predecessor-version":[{"id":3241,"href":"https:\/\/pasahoy.com.ar\/ph\/wp-json\/wp\/v2\/posts\/3239\/revisions\/3241"}],"wp:featuredmedia":[{"embeddable":true,"href":"https:\/\/pasahoy.com.ar\/ph\/wp-json\/wp\/v2\/media\/3240"}],"wp:attachment":[{"href":"https:\/\/pasahoy.com.ar\/ph\/wp-json\/wp\/v2\/media?parent=3239"}],"wp:term":[{"taxonomy":"category","embeddable":true,"href":"https:\/\/pasahoy.com.ar\/ph\/wp-json\/wp\/v2\/categories?post=3239"},{"taxonomy":"post_tag","embeddable":true,"href":"https:\/\/pasahoy.com.ar\/ph\/wp-json\/wp\/v2\/tags?post=3239"}],"curies":[{"name":"wp","href":"https:\/\/api.w.org\/{rel}","templated":true}]}}