{"id":3235,"date":"2025-06-23T01:18:22","date_gmt":"2025-06-23T01:18:22","guid":{"rendered":"https:\/\/pasahoy.com.ar\/ph\/?p=3235"},"modified":"2025-06-23T01:18:43","modified_gmt":"2025-06-23T01:18:43","slug":"tres-detenidos-por-explotacion-sexual-de-una-adolescente","status":"publish","type":"post","link":"https:\/\/pasahoy.com.ar\/ph\/tres-detenidos-por-explotacion-sexual-de-una-adolescente\/","title":{"rendered":"Tres detenidos por explotaci\u00f3n sexual de una adolescente"},"content":{"rendered":"\n<p>Por orden de la Justicia Federal, fueron apresados la madre de una menor de 15 a\u00f1os, su pareja y otra persona, acusados del aberrante delito. La joven se encuentra internada y bajo resguardo de las autoridades competentes. <\/p>\n\n\n\n<p>En un operativo ordenado por la Justicia Federal de La Rioja, tres personas fueron detenidas en distintos puntos de la ciudad Capital, acusadas de estar vinculadas a un presunto caso de trata de personas con fines de explotaci\u00f3n sexual en perjuicio de una menor de 15 a\u00f1os, quien actualmente se encuentra internada en el Hospital Enrique Vera Barros.<\/p>\n\n\n\n<p>La investigaci\u00f3n, a cargo del Departamento de Lucha contra el Narcotr\u00e1fico y Trata de Personas de la Polic\u00eda de la Provincia, se inici\u00f3 tras la denuncia de que la menor estar\u00eda siendo sometida a situaciones de explotaci\u00f3n sexual. El operativo se concret\u00f3 con allanamientos en calle Chacha Pe\u00f1aloza y Malvinas Argentinas, y en un domicilio ubicado en el barrio Parque Sud, donde se efectuaron las detenciones.<\/p>\n\n\n\n<p>Los detenidos son la madre de la menor, un hombre que ser\u00eda su pareja y un tercer individuo que acompa\u00f1aba a la mujer al momento del procedimiento. Todos los involucrados son mayores de edad. Durante los operativos, el personal policial secuestr\u00f3 prendas de vestir, tel\u00e9fonos celulares y documentaci\u00f3n que ser\u00e1n incorporados como evidencia en la causa.<\/p>\n\n\n\n<p>El comisario Tom\u00e1s Pe\u00f1aloza, jefe del Departamento de Trata de Personas, indic\u00f3, a Medios Provincia, que se trata de una causa compleja que ya ven\u00eda siendo trabajada en conjunto con el fuero federal. \u201cEs una situaci\u00f3n que se est\u00e1 investigando. Por respeto a la v\u00edctima y a las autoridades superiores, ser\u00e1n ellas quienes brinden el informe oficial. Seguramente se convocar\u00e1 a una conferencia de prensa\u201d, expres\u00f3.<\/p>\n\n\n\n<p>Respecto a los detenidos, Pe\u00f1aloza explic\u00f3 que \u201cse trata de dos personas mayores de edad, una de ellas en situaci\u00f3n de prostituci\u00f3n. Tambi\u00e9n est\u00e1 involucrada una menor de edad, cuya situaci\u00f3n est\u00e1 siendo investigada\u201d.<\/p>\n\n\n\n<p>Sobre el estado de salud de la adolescente, Pe\u00f1aloza expres\u00f3 que \u201cno tenemos confirmadas las causas de su internaci\u00f3n. Vamos a interactuar con las autoridades del Hospital Enrique Vera Barros para confirmar si est\u00e1 efectivamente all\u00ed y conocer los motivos de su internaci\u00f3n\u201d. La menor se encuentra bajo resguardo y con intervenci\u00f3n del \u00e1rea de Protecci\u00f3n de Ni\u00f1os, Ni\u00f1as y Adolescentes.<\/p>\n\n\n\n<p>Durante los procedimientos trabajaron efectivos de la Comisar\u00eda Sexta, unidades motorizadas, personal de criminal\u00edstica y del Departamento de Trata de Personas. Se realizaron requisas con testigos y se desplegaron tareas de documentaci\u00f3n y an\u00e1lisis de pruebas. Pe\u00f1aloza tambi\u00e9n confirm\u00f3 que contin\u00faan los allanamientos y que \u201cla Justicia Federal ya dispuso una serie de diligencias complementarias que se ejecutar\u00e1n en las pr\u00f3ximas horas\u201d.<\/p>\n\n\n\n<p>El caso est\u00e1 enmarcado en la Ley N.\u00ba 26.364 de Prevenci\u00f3n y Sanci\u00f3n de la Trata de Personas y Asistencia a sus V\u00edctimas, y contin\u00faa en etapa investigativa con intervenci\u00f3n del Juzgado Federal con competencia en delitos de trata. <\/p>\n\n\n\n<figure class=\"wp-block-gallery has-nested-images columns-default is-cropped wp-block-gallery-1 is-layout-flex wp-block-gallery-is-layout-flex\">\n<figure class=\"wp-block-image size-large\"><img loading=\"lazy\" decoding=\"async\" width=\"1024\" height=\"889\" data-id=\"3237\" src=\"https:\/\/pasahoy.com.ar\/ph\/wp-content\/uploads\/2025\/06\/1000445000-1024x889.png\" alt=\"\" class=\"wp-image-3237\" srcset=\"https:\/\/pasahoy.com.ar\/ph\/wp-content\/uploads\/2025\/06\/1000445000-1024x889.png 1024w, https:\/\/pasahoy.com.ar\/ph\/wp-content\/uploads\/2025\/06\/1000445000-300x260.png 300w, https:\/\/pasahoy.com.ar\/ph\/wp-content\/uploads\/2025\/06\/1000445000-768x666.png 768w, https:\/\/pasahoy.com.ar\/ph\/wp-content\/uploads\/2025\/06\/1000445000.png 1044w\" sizes=\"auto, (max-width: 1024px) 100vw, 1024px\" \/><\/figure>\n\n\n\n<figure class=\"wp-block-image size-large\"><img loading=\"lazy\" decoding=\"async\" width=\"1024\" height=\"768\" data-id=\"3236\" src=\"https:\/\/pasahoy.com.ar\/ph\/wp-content\/uploads\/2025\/06\/1000445001-1024x768.jpg\" alt=\"\" class=\"wp-image-3236\" srcset=\"https:\/\/pasahoy.com.ar\/ph\/wp-content\/uploads\/2025\/06\/1000445001-1024x768.jpg 1024w, https:\/\/pasahoy.com.ar\/ph\/wp-content\/uploads\/2025\/06\/1000445001-300x225.jpg 300w, https:\/\/pasahoy.com.ar\/ph\/wp-content\/uploads\/2025\/06\/1000445001-768x576.jpg 768w, https:\/\/pasahoy.com.ar\/ph\/wp-content\/uploads\/2025\/06\/1000445001.jpg 1080w\" sizes=\"auto, (max-width: 1024px) 100vw, 1024px\" \/><\/figure>\n<\/figure>\n","protected":false},"excerpt":{"rendered":"<p>Por orden de la Justicia Federal, fueron apresados la madre de una menor de 15 a\u00f1os, su pareja y otra persona, acusados del aberrante delito. La joven se encuentra internada y bajo resguardo de las autoridades competentes. En un operativo ordenado por la Justicia Federal de La Rioja, tres personas fueron detenidas en distintos puntos [&hellip;]<\/p>\n","protected":false},"author":3,"featured_media":3237,"comment_status":"open","ping_status":"open","sticky":false,"template":"","format":"standard","meta":{"_jetpack_memberships_contains_paid_content":false,"footnotes":""},"categories":[9],"tags":[],"class_list":["post-3235","post","type-post","status-publish","format-standard","has-post-thumbnail","hentry","category-policial"],"jetpack_featured_media_url":"https:\/\/pasahoy.com.ar\/ph\/wp-content\/uploads\/2025\/06\/1000445000.png","jetpack_sharing_enabled":true,"_links":{"self":[{"href":"https:\/\/pasahoy.com.ar\/ph\/wp-json\/wp\/v2\/posts\/3235","targetHints":{"allow":["GET"]}}],"collection":[{"href":"https:\/\/pasahoy.com.ar\/ph\/wp-json\/wp\/v2\/posts"}],"about":[{"href":"https:\/\/pasahoy.com.ar\/ph\/wp-json\/wp\/v2\/types\/post"}],"author":[{"embeddable":true,"href":"https:\/\/pasahoy.com.ar\/ph\/wp-json\/wp\/v2\/users\/3"}],"replies":[{"embeddable":true,"href":"https:\/\/pasahoy.com.ar\/ph\/wp-json\/wp\/v2\/comments?post=3235"}],"version-history":[{"count":1,"href":"https:\/\/pasahoy.com.ar\/ph\/wp-json\/wp\/v2\/posts\/3235\/revisions"}],"predecessor-version":[{"id":3238,"href":"https:\/\/pasahoy.com.ar\/ph\/wp-json\/wp\/v2\/posts\/3235\/revisions\/3238"}],"wp:featuredmedia":[{"embeddable":true,"href":"https:\/\/pasahoy.com.ar\/ph\/wp-json\/wp\/v2\/media\/3237"}],"wp:attachment":[{"href":"https:\/\/pasahoy.com.ar\/ph\/wp-json\/wp\/v2\/media?parent=3235"}],"wp:term":[{"taxonomy":"category","embeddable":true,"href":"https:\/\/pasahoy.com.ar\/ph\/wp-json\/wp\/v2\/categories?post=3235"},{"taxonomy":"post_tag","embeddable":true,"href":"https:\/\/pasahoy.com.ar\/ph\/wp-json\/wp\/v2\/tags?post=3235"}],"curies":[{"name":"wp","href":"https:\/\/api.w.org\/{rel}","templated":true}]}}