{"id":3228,"date":"2025-06-23T01:00:59","date_gmt":"2025-06-23T01:00:59","guid":{"rendered":"https:\/\/pasahoy.com.ar\/ph\/?p=3228"},"modified":"2025-06-23T01:01:10","modified_gmt":"2025-06-23T01:01:10","slug":"franco-colapinto-publico-un-mensaje-lleno-de-ilusion-antes-del-gran-premio-de-austria-en-la-formula-1","status":"publish","type":"post","link":"https:\/\/pasahoy.com.ar\/ph\/franco-colapinto-publico-un-mensaje-lleno-de-ilusion-antes-del-gran-premio-de-austria-en-la-formula-1\/","title":{"rendered":"Franco Colapinto public\u00f3 un mensaje lleno de ilusi\u00f3n antes del Gran Premio de Austria en la F\u00f3rmula 1"},"content":{"rendered":"\n<p>El piloto argentino est\u00e1 listo para afrontar su quinta carrera desde su llegada a Alpine y se expres\u00f3 en sus redes sociales.<\/p>\n\n\n\n<p>La\u00a0<a href=\"https:\/\/tn.com.ar\/deportes\/automovilismo\/2025\/06\/19\/un-periodista-conto-el-impactante-gesto-que-lewis-hamilton-tuvo-con-franco-colapinto-tras-una-carrera-de-la-f1\/\" target=\"_blank\" rel=\"noreferrer noopener\"><strong>F\u00f3rmula 1<\/strong><\/a>\u00a0tuvo m\u00e1s de una semana de descanso luego del Gran Premio de Canad\u00e1 y, a partir de este lunes, comienza la previa para la pr\u00f3xima jornada en el calendario:\u00a0<strong>Austria<\/strong>. All\u00ed,\u00a0<a href=\"https:\/\/tn.com.ar\/deportes\/2025\/06\/19\/la-mala-noticia-que-recibio-franco-colapinto-renuncio-el-jefe-de-mecanicos-de-alpine\/\" target=\"_blank\" rel=\"noreferrer noopener\"><strong>Franco Colapinto<\/strong><\/a>tendr\u00e1 su quinta carrera desde su llegada a\u00a0<strong>Alpine\u00a0<\/strong>y lo vive con altas expectativas. <\/p>\n\n\n\n<p>El pilarense sorprendi\u00f3 a sus fan\u00e1ticos con un posteo en su cuenta de Instagram, donde se refiere precisamente al pr\u00f3ximo desaf\u00edo que tendr\u00e1 en la m\u00e1xima categor\u00eda del automovilismo.<strong>&nbsp;\u201cVolvemos a Europa. Se viene Austria, dale daleeee\u201d<\/strong>, escribi\u00f3 Franco el domingo por la tarde.<\/p>\n\n\n\n<p>En los comentarios, miles de seguidores de todas partes del mundo le desearon \u00e9xitos a Colapinto para la pr\u00f3xima carrera en el circuito Red Bull Ring.&nbsp;<strong>La buena imagen que dej\u00f3 el argentino en Canad\u00e1 gener\u00f3 ilusi\u00f3n entre sus fan\u00e1ticos&nbsp;<\/strong>y hay confianza para seguir mejorando en Austria.<\/p>\n\n\n\n<p>Justamente, esta fecha en el calendario gener\u00f3 controversia desde que\u00a0<strong>Franco Colapinto\u00a0<\/strong>fue anunciado como piloto titular de Alpine. Al momento de comunicado, la F\u00f3rmula 1 hab\u00eda informado que el contrato del pilarense con el equipo franc\u00e9s era por solo cinco carreras y el GP de Austria ser\u00eda la fecha l\u00edmite en la que la escuder\u00eda har\u00eda su an\u00e1lisis final. Sin embargo,\u00a0<strong>Flavio Briatore,\u00a0<\/strong>actual Jefe de Equipo, se encarg\u00f3 de llevar tranquilidad sobre el tema con el pasar de las semanas.<\/p>\n\n\n\n<p>Franco har\u00e1 las carreras que tiene que hacer. He le\u00eddo que tendr\u00e1 cinco carreras disponibles pero no,&nbsp;<strong>no hay l\u00edmite para sus carreras<\/strong>. Tiene que ir fuerte, no chocar y hacer puntos. Si lo hace bien, conducir\u00e1 siempre\u00bb, asegur\u00f3 hace algunas semanas en&nbsp;<em>Sky Sports<\/em>.<\/p>\n\n\n\n<h2 class=\"wp-block-heading\">\u00bfCu\u00e1ndo corre Franco Colapinto en el GP de Austria?<\/h2>\n\n\n\n<p>El&nbsp;<strong>Gran Premio de Austria<\/strong>&nbsp;se disputar\u00e1 el&nbsp;<strong>domingo 29 de junio de 2025<\/strong>, y Colapinto participar\u00e1 en todas las instancias del fin de semana, que incluyen pr\u00e1cticas libres, clasificaci\u00f3n y la esperada carrera. Todas las sesiones se podr\u00e1n ver en vivo a trav\u00e9s de&nbsp;<em>Disney+.<\/em><\/p>\n\n\n\n<p><strong>Viernes 27 de junio<\/strong> <\/p>\n\n\n\n<ul class=\"wp-block-list\">\n<li><strong>Pr\u00e1ctica Libre 1:<\/strong>\u00a08:30<\/li>\n\n\n\n<li><strong>Pr\u00e1ctica Libre 2:<\/strong>\u00a012:00<\/li>\n\n\n\n<li><strong>S\u00e1bado 28 de junio<\/strong><\/li>\n\n\n\n<li><strong>Pr\u00e1ctica Libre 3:<\/strong>\u00a07:30<\/li>\n\n\n\n<li><strong>Clasificaci\u00f3n:<\/strong>\u00a011:00<\/li>\n\n\n\n<li><strong>Domingo 29 de junio<\/strong><\/li>\n\n\n\n<li><strong>Carrera \u2013 GP de Austria:<\/strong>\u00a011:00<\/li>\n\n\n\n<li><em>*Los horarios corresponden a la Argentina<\/em><\/li>\n<\/ul>\n\n\n\n<figure class=\"wp-block-gallery has-nested-images columns-default is-cropped wp-block-gallery-1 is-layout-flex wp-block-gallery-is-layout-flex\">\n<figure class=\"wp-block-image size-large\"><img loading=\"lazy\" decoding=\"async\" width=\"1024\" height=\"580\" data-id=\"3229\" src=\"https:\/\/pasahoy.com.ar\/ph\/wp-content\/uploads\/2025\/06\/1000444983-1024x580.png\" alt=\"\" class=\"wp-image-3229\" srcset=\"https:\/\/pasahoy.com.ar\/ph\/wp-content\/uploads\/2025\/06\/1000444983-1024x580.png 1024w, https:\/\/pasahoy.com.ar\/ph\/wp-content\/uploads\/2025\/06\/1000444983-300x170.png 300w, https:\/\/pasahoy.com.ar\/ph\/wp-content\/uploads\/2025\/06\/1000444983-768x435.png 768w, https:\/\/pasahoy.com.ar\/ph\/wp-content\/uploads\/2025\/06\/1000444983.png 1080w\" sizes=\"auto, (max-width: 1024px) 100vw, 1024px\" \/><\/figure>\n<\/figure>\n","protected":false},"excerpt":{"rendered":"<p>El piloto argentino est\u00e1 listo para afrontar su quinta carrera desde su llegada a Alpine y se expres\u00f3 en sus redes sociales. La\u00a0F\u00f3rmula 1\u00a0tuvo m\u00e1s de una semana de descanso luego del Gran Premio de Canad\u00e1 y, a partir de este lunes, comienza la previa para la pr\u00f3xima jornada en el calendario:\u00a0Austria. All\u00ed,\u00a0Franco Colapintotendr\u00e1 su [&hellip;]<\/p>\n","protected":false},"author":3,"featured_media":3229,"comment_status":"open","ping_status":"open","sticky":false,"template":"","format":"standard","meta":{"_jetpack_memberships_contains_paid_content":false,"footnotes":""},"categories":[4],"tags":[],"class_list":["post-3228","post","type-post","status-publish","format-standard","has-post-thumbnail","hentry","category-deporte"],"jetpack_featured_media_url":"https:\/\/pasahoy.com.ar\/ph\/wp-content\/uploads\/2025\/06\/1000444983.png","jetpack_sharing_enabled":true,"_links":{"self":[{"href":"https:\/\/pasahoy.com.ar\/ph\/wp-json\/wp\/v2\/posts\/3228","targetHints":{"allow":["GET"]}}],"collection":[{"href":"https:\/\/pasahoy.com.ar\/ph\/wp-json\/wp\/v2\/posts"}],"about":[{"href":"https:\/\/pasahoy.com.ar\/ph\/wp-json\/wp\/v2\/types\/post"}],"author":[{"embeddable":true,"href":"https:\/\/pasahoy.com.ar\/ph\/wp-json\/wp\/v2\/users\/3"}],"replies":[{"embeddable":true,"href":"https:\/\/pasahoy.com.ar\/ph\/wp-json\/wp\/v2\/comments?post=3228"}],"version-history":[{"count":1,"href":"https:\/\/pasahoy.com.ar\/ph\/wp-json\/wp\/v2\/posts\/3228\/revisions"}],"predecessor-version":[{"id":3230,"href":"https:\/\/pasahoy.com.ar\/ph\/wp-json\/wp\/v2\/posts\/3228\/revisions\/3230"}],"wp:featuredmedia":[{"embeddable":true,"href":"https:\/\/pasahoy.com.ar\/ph\/wp-json\/wp\/v2\/media\/3229"}],"wp:attachment":[{"href":"https:\/\/pasahoy.com.ar\/ph\/wp-json\/wp\/v2\/media?parent=3228"}],"wp:term":[{"taxonomy":"category","embeddable":true,"href":"https:\/\/pasahoy.com.ar\/ph\/wp-json\/wp\/v2\/categories?post=3228"},{"taxonomy":"post_tag","embeddable":true,"href":"https:\/\/pasahoy.com.ar\/ph\/wp-json\/wp\/v2\/tags?post=3228"}],"curies":[{"name":"wp","href":"https:\/\/api.w.org\/{rel}","templated":true}]}}