{"id":3222,"date":"2025-06-23T00:54:22","date_gmt":"2025-06-23T00:54:22","guid":{"rendered":"https:\/\/pasahoy.com.ar\/ph\/?p=3222"},"modified":"2025-06-23T00:54:38","modified_gmt":"2025-06-23T00:54:38","slug":"un-atacante-suicida-disparo-y-detono-explosivos-dentro-de-una-iglesia-en-damasco-hay-22-muertos-y-63-heridos","status":"publish","type":"post","link":"https:\/\/pasahoy.com.ar\/ph\/un-atacante-suicida-disparo-y-detono-explosivos-dentro-de-una-iglesia-en-damasco-hay-22-muertos-y-63-heridos\/","title":{"rendered":"Un atacante suicida dispar\u00f3 y deton\u00f3 explosivos dentro de una Iglesia en Damasco: hay 22 muertos y 63 heridos"},"content":{"rendered":"\n<p>Las autoridades sirias atribuyeron el ataque al Estado Isl\u00e1mico.<\/p>\n\n\n\n<p>Al menos\u00a0<strong>22 personas murieron<\/strong>\u00a0y 63 resultaron heridas en un atentado suicida este domingo en una iglesia de Damasco, seg\u00fan confirm\u00f3 la televisi\u00f3n estatal siria. El autor del ataque ser\u00eda un miembro del grupo yihadista\u00a0<strong>Estado Isl\u00e1mico<\/strong>\u00a0(EI), seg\u00fan las autoridades sirias.<\/p>\n\n\n\n<p>Las Naciones Unidas y varios pa\u00edses condenaron el ataque, el primero de este tipo en la capital siria desde que las fuerzas dirigidas por islamistas radicales derrocaron al entonces presidente Bashar al Asad el 8 diciembre de 2024.<\/p>\n\n\n\n<p>Un atacante suicida afiliado al grupo terrorista D\u00e1esh (Estado Isl\u00e1mico) entr\u00f3 a la iglesia de San El\u00edas, abri\u00f3 fuego y luego se hizo explotar con un cintur\u00f3n explosivo\u201d, dijo el Ministerio del Interior en un comunicado.<\/p>\n\n\n\n<p>El Estado isl\u00e1mico hab\u00eda tomado el control de vastos territorios sirios e iraqu\u00edes al comienzo de la guerra civil que estall\u00f3 en 2011, y proclam\u00f3 un ef\u00edmero \u201ccalifato\u201d transfronterizo en 2014.<\/p>\n\n\n\n<h2 class=\"wp-block-heading\">C\u00f3mo fue el ataque suicida en una iglesia de Damasco<\/h2>\n\n\n\n<p>En el ataque murieron al menos 20 personas murieron y 52 resultaron heridas, seg\u00fan un comunicado del Ministerio de Salud citado por la agencia de noticias de noticias oficial SANA.<\/p>\n\n\n\n<p>En el lugar, la escena era de destrucci\u00f3n. <\/p>\n\n\n\n<p>Un comerciante vecino cont\u00f3 que escuch\u00f3 disparos y luego una explosi\u00f3n.<\/p>\n\n\n\n<p>La seguridad sigue siendo uno de los m\u00e1s grandes desaf\u00edos para las nuevas autoridades sirias. La comunidad internacional les pidi\u00f3 proteger a las minor\u00edas e incluirlas en el proceso de transici\u00f3n.<\/p>\n\n\n\n<p>Un testigo,\u00a0<strong>Larence Maamari<\/strong>, dijo que \u201calguien entr\u00f3 a la iglesia con un arma\u201d y empez\u00f3 a disparar, y luego los fieles \u201ctrataron de detenerlo antes de que se se hiciera explotar\u201d. <\/p>\n\n\n\n<p>El emisario de la ONU para Siria,&nbsp;<strong>Geir Pedersen<\/strong>, expres\u00f3 \u201csu indignaci\u00f3n\u201d y pidi\u00f3 a las autoridades realizar una investigaci\u00f3n profunda\u201d.<\/p>\n\n\n\n<p>La explosi\u00f3n provoc\u00f3 p\u00e1nico en la iglesia llena de fieles, entre los cuales hab\u00eda ni\u00f1os y ancianos, seg\u00fan un testigo.<\/p>\n\n\n\n<p>El ministro del Interior,&nbsp;<strong>Anas Jatab<\/strong>, dijo que \u201cestos actos terroristas no detendr\u00e1n los esfuerzos del Estado sirio para lograr la paz civil\u201d.<\/p>\n\n\n\n<p>En reciente entrevista, Jatab hab\u00eda declarado que el EI opt\u00f3 por \u201cataques precisos contra objetivos estrat\u00e9gicos\u201d y anunci\u00f3 que tentativas de ataques del grupo yihadista contra las comunidades cristiana y chiita fueron frustrados. <\/p>\n\n\n\n<p>En mayo, el Estado isl\u00e1mico reivindic\u00f3 su primer ataque contra las nuevas fuerzas gubernamentales sirias.<\/p>\n\n\n\n<figure class=\"wp-block-gallery has-nested-images columns-default is-cropped wp-block-gallery-1 is-layout-flex wp-block-gallery-is-layout-flex\">\n<figure class=\"wp-block-image size-full\"><img loading=\"lazy\" decoding=\"async\" width=\"921\" height=\"539\" data-id=\"3223\" src=\"https:\/\/pasahoy.com.ar\/ph\/wp-content\/uploads\/2025\/06\/1000444981.png\" alt=\"\" class=\"wp-image-3223\" srcset=\"https:\/\/pasahoy.com.ar\/ph\/wp-content\/uploads\/2025\/06\/1000444981.png 921w, https:\/\/pasahoy.com.ar\/ph\/wp-content\/uploads\/2025\/06\/1000444981-300x176.png 300w, https:\/\/pasahoy.com.ar\/ph\/wp-content\/uploads\/2025\/06\/1000444981-768x449.png 768w\" sizes=\"auto, (max-width: 921px) 100vw, 921px\" \/><\/figure>\n<\/figure>\n\n\n\n<figure class=\"wp-block-gallery has-nested-images columns-default is-cropped wp-block-gallery-2 is-layout-flex wp-block-gallery-is-layout-flex\"><\/figure>\n","protected":false},"excerpt":{"rendered":"<p>Las autoridades sirias atribuyeron el ataque al Estado Isl\u00e1mico. Al menos\u00a022 personas murieron\u00a0y 63 resultaron heridas en un atentado suicida este domingo en una iglesia de Damasco, seg\u00fan confirm\u00f3 la televisi\u00f3n estatal siria. El autor del ataque ser\u00eda un miembro del grupo yihadista\u00a0Estado Isl\u00e1mico\u00a0(EI), seg\u00fan las autoridades sirias. Las Naciones Unidas y varios pa\u00edses condenaron [&hellip;]<\/p>\n","protected":false},"author":3,"featured_media":3223,"comment_status":"open","ping_status":"open","sticky":false,"template":"","format":"standard","meta":{"_jetpack_memberships_contains_paid_content":false,"footnotes":""},"categories":[3],"tags":[],"class_list":["post-3222","post","type-post","status-publish","format-standard","has-post-thumbnail","hentry","category-internacional"],"jetpack_featured_media_url":"https:\/\/pasahoy.com.ar\/ph\/wp-content\/uploads\/2025\/06\/1000444981.png","jetpack_sharing_enabled":true,"_links":{"self":[{"href":"https:\/\/pasahoy.com.ar\/ph\/wp-json\/wp\/v2\/posts\/3222","targetHints":{"allow":["GET"]}}],"collection":[{"href":"https:\/\/pasahoy.com.ar\/ph\/wp-json\/wp\/v2\/posts"}],"about":[{"href":"https:\/\/pasahoy.com.ar\/ph\/wp-json\/wp\/v2\/types\/post"}],"author":[{"embeddable":true,"href":"https:\/\/pasahoy.com.ar\/ph\/wp-json\/wp\/v2\/users\/3"}],"replies":[{"embeddable":true,"href":"https:\/\/pasahoy.com.ar\/ph\/wp-json\/wp\/v2\/comments?post=3222"}],"version-history":[{"count":1,"href":"https:\/\/pasahoy.com.ar\/ph\/wp-json\/wp\/v2\/posts\/3222\/revisions"}],"predecessor-version":[{"id":3224,"href":"https:\/\/pasahoy.com.ar\/ph\/wp-json\/wp\/v2\/posts\/3222\/revisions\/3224"}],"wp:featuredmedia":[{"embeddable":true,"href":"https:\/\/pasahoy.com.ar\/ph\/wp-json\/wp\/v2\/media\/3223"}],"wp:attachment":[{"href":"https:\/\/pasahoy.com.ar\/ph\/wp-json\/wp\/v2\/media?parent=3222"}],"wp:term":[{"taxonomy":"category","embeddable":true,"href":"https:\/\/pasahoy.com.ar\/ph\/wp-json\/wp\/v2\/categories?post=3222"},{"taxonomy":"post_tag","embeddable":true,"href":"https:\/\/pasahoy.com.ar\/ph\/wp-json\/wp\/v2\/tags?post=3222"}],"curies":[{"name":"wp","href":"https:\/\/api.w.org\/{rel}","templated":true}]}}