{"id":3187,"date":"2025-06-20T16:39:04","date_gmt":"2025-06-20T16:39:04","guid":{"rendered":"https:\/\/pasahoy.com.ar\/ph\/?p=3187"},"modified":"2025-06-20T16:39:24","modified_gmt":"2025-06-20T16:39:24","slug":"la-corte-suprema-reactivo-la-causa-correo-argentino-tras-el-fallo-contra-cristina-kirchner","status":"publish","type":"post","link":"https:\/\/pasahoy.com.ar\/ph\/la-corte-suprema-reactivo-la-causa-correo-argentino-tras-el-fallo-contra-cristina-kirchner\/","title":{"rendered":"La Corte Suprema reactiv\u00f3 la causa \u00abCorreo Argentino\u00bb tras el fallo contra Cristina Kirchner"},"content":{"rendered":"\n<p><br>El m\u00e1ximo tribunal reanud\u00f3 la investigaci\u00f3n sobre el caso tras confirmar la prisi\u00f3n de 6 a\u00f1os a Cristina Kirchner. Nuevas decisiones incomodan al ex presidente. <\/p>\n\n\n\n<p>La&nbsp;<strong>Corte Suprema de Justicia de la Naci\u00f3n<\/strong>&nbsp;rechaz\u00f3 un recurso presentado por&nbsp;<strong>dos directivos del Grupo Macri<\/strong>&nbsp;en el marco de la causa penal conocida como&nbsp;<strong>\u00abCorreo Argentino\u00bb<\/strong>, en la que se investigan presuntas irregularidades en el acuerdo de pago de deuda entre el Estado Nacional y&nbsp;<strong>Correo Argentino S.A.<\/strong>, empresa controlada por&nbsp;<strong>SOCMA<\/strong>, la firma de la familia del ex presidente&nbsp;<strong>Mauricio Macri<\/strong>.<\/p>\n\n\n\n<p>El m\u00e1ximo tribunal\u00a0<strong>rechaz\u00f3 un planteo de recusaci\u00f3n<\/strong>\u00a0contra los jueces\u00a0<strong>Eduardo Farah<\/strong>\u00a0y\u00a0<strong>Roberto Boico<\/strong>, integrantes de la C\u00e1mara Federal porte\u00f1a, a quienes los acusados se\u00f1alaban por supuesta falta de imparcialidad. <\/p>\n\n\n\n<p>Los imputados,\u00a0<strong>Jaime Cibils Robirosa<\/strong>\u00a0(presidente de Correo Argentino S.A.) y su abogado\u00a0<strong>Jaime Kleidermacher<\/strong>, hab\u00edan intentado apartar a ambos camaristas alegando \u00abtemor de parcialidad\u00bb. La defensa argument\u00f3 que\u00a0<strong>Farah<\/strong>\u00a0fue uno de los jueces desplazados de su cargo en 2018 tras excarcelar a los empresarios\u00a0<strong>Crist\u00f3bal L\u00f3pez<\/strong>\u00a0y\u00a0<strong>Fabi\u00e1n De Sousa<\/strong>, denunciando presiones del gobierno de Macri. En cuanto a\u00a0<strong>Boico<\/strong>, lo objetaron por haber sido abogado defensor de funcionarios kirchneristas, incluida\u00a0<strong>Cristina Fern\u00e1ndez de Kirchner<\/strong>, antes de asumir como juez. <\/p>\n\n\n\n<h2 class=\"wp-block-heading\">Correo Argentino: Mauricio Macri complicado<\/h2>\n\n\n\n<p>El planteo fue rechazado primero por la&nbsp;<strong>C\u00e1mara Federal<\/strong>, luego por la&nbsp;<strong>C\u00e1mara de Casaci\u00f3n Penal<\/strong>, en una resoluci\u00f3n del juez&nbsp;<strong>Javier Carbajo<\/strong>, quien sostuvo que no se acredit\u00f3 un temor fundado de parcialidad. Finalmente, la&nbsp;<strong>Corte Suprema<\/strong>, con los votos de&nbsp;<strong>Horacio Rosatti, Carlos Rosenkrantz y Ricardo Lorenzetti<\/strong>, desestim\u00f3 el recurso de queja por tratarse de una decisi\u00f3n que no reviste car\u00e1cter de sentencia definitiva ni equiparable.<\/p>\n\n\n\n<h3 class=\"wp-block-heading\">De qu\u00e9 se trata la causa<\/h3>\n\n\n\n<p>La causa penal tramita desde 2017 en el juzgado federal a cargo de&nbsp;<strong>Ariel Lijo<\/strong>. Investiga un acuerdo firmado en 2016 entre el&nbsp;<strong>Ministerio de Comunicaciones<\/strong>, entonces encabezado por&nbsp;<strong>Oscar Aguad<\/strong>, y la empresa&nbsp;<strong>Correo Argentino S.A.<\/strong>&nbsp;para cancelar una millonaria deuda en el marco del proceso concursal.<\/p>\n\n\n\n<p>El pacto preve\u00eda una&nbsp;<strong>quita del 98,87% de la deuda<\/strong>&nbsp;con el Estado. La maniobra fue detectada por la&nbsp;<strong>fiscala Gabriela Boquin<\/strong>, quien la calific\u00f3 de \u201c<strong>ruinosa y abusiva<\/strong>\u201d y logr\u00f3 frenar su homologaci\u00f3n.<\/p>\n\n\n\n<p>Adem\u00e1s de Cibils Robirosa y Kleidermacher, tambi\u00e9n est\u00e1n&nbsp;<strong>imputados<\/strong>&nbsp;en la causa&nbsp;<strong>Oscar Aguad<\/strong>&nbsp;y el ex director de Asuntos Jur\u00eddicos de esa cartera,&nbsp;<strong>Juan Manuel Mocoroa<\/strong>.<\/p>\n\n\n\n<p>Con este nuevo rev\u00e9s judicial,&nbsp;<strong>la investigaci\u00f3n sigue su curso<\/strong>, con el foco puesto en un posible perjuicio millonario contra el Estado en beneficio de una empresa vinculada al entonces presidente de la Naci\u00f3n.<\/p>\n\n\n\n<figure class=\"wp-block-gallery has-nested-images columns-default is-cropped wp-block-gallery-1 is-layout-flex wp-block-gallery-is-layout-flex\">\n<figure class=\"wp-block-image size-large\"><img loading=\"lazy\" decoding=\"async\" width=\"953\" height=\"541\" data-id=\"3188\" src=\"https:\/\/pasahoy.com.ar\/ph\/wp-content\/uploads\/2025\/06\/1000439861.png\" alt=\"\" class=\"wp-image-3188\" srcset=\"https:\/\/pasahoy.com.ar\/ph\/wp-content\/uploads\/2025\/06\/1000439861.png 953w, https:\/\/pasahoy.com.ar\/ph\/wp-content\/uploads\/2025\/06\/1000439861-300x170.png 300w, https:\/\/pasahoy.com.ar\/ph\/wp-content\/uploads\/2025\/06\/1000439861-768x436.png 768w\" sizes=\"auto, (max-width: 953px) 100vw, 953px\" \/><\/figure>\n<\/figure>\n","protected":false},"excerpt":{"rendered":"<p>El m\u00e1ximo tribunal reanud\u00f3 la investigaci\u00f3n sobre el caso tras confirmar la prisi\u00f3n de 6 a\u00f1os a Cristina Kirchner. Nuevas decisiones incomodan al ex presidente. La&nbsp;Corte Suprema de Justicia de la Naci\u00f3n&nbsp;rechaz\u00f3 un recurso presentado por&nbsp;dos directivos del Grupo Macri&nbsp;en el marco de la causa penal conocida como&nbsp;\u00abCorreo Argentino\u00bb, en la que se investigan presuntas [&hellip;]<\/p>\n","protected":false},"author":3,"featured_media":3188,"comment_status":"open","ping_status":"open","sticky":false,"template":"","format":"standard","meta":{"_jetpack_memberships_contains_paid_content":false,"footnotes":""},"categories":[2],"tags":[],"class_list":["post-3187","post","type-post","status-publish","format-standard","has-post-thumbnail","hentry","category-nacional"],"jetpack_featured_media_url":"https:\/\/pasahoy.com.ar\/ph\/wp-content\/uploads\/2025\/06\/1000439861.png","jetpack_sharing_enabled":true,"_links":{"self":[{"href":"https:\/\/pasahoy.com.ar\/ph\/wp-json\/wp\/v2\/posts\/3187","targetHints":{"allow":["GET"]}}],"collection":[{"href":"https:\/\/pasahoy.com.ar\/ph\/wp-json\/wp\/v2\/posts"}],"about":[{"href":"https:\/\/pasahoy.com.ar\/ph\/wp-json\/wp\/v2\/types\/post"}],"author":[{"embeddable":true,"href":"https:\/\/pasahoy.com.ar\/ph\/wp-json\/wp\/v2\/users\/3"}],"replies":[{"embeddable":true,"href":"https:\/\/pasahoy.com.ar\/ph\/wp-json\/wp\/v2\/comments?post=3187"}],"version-history":[{"count":1,"href":"https:\/\/pasahoy.com.ar\/ph\/wp-json\/wp\/v2\/posts\/3187\/revisions"}],"predecessor-version":[{"id":3189,"href":"https:\/\/pasahoy.com.ar\/ph\/wp-json\/wp\/v2\/posts\/3187\/revisions\/3189"}],"wp:featuredmedia":[{"embeddable":true,"href":"https:\/\/pasahoy.com.ar\/ph\/wp-json\/wp\/v2\/media\/3188"}],"wp:attachment":[{"href":"https:\/\/pasahoy.com.ar\/ph\/wp-json\/wp\/v2\/media?parent=3187"}],"wp:term":[{"taxonomy":"category","embeddable":true,"href":"https:\/\/pasahoy.com.ar\/ph\/wp-json\/wp\/v2\/categories?post=3187"},{"taxonomy":"post_tag","embeddable":true,"href":"https:\/\/pasahoy.com.ar\/ph\/wp-json\/wp\/v2\/tags?post=3187"}],"curies":[{"name":"wp","href":"https:\/\/api.w.org\/{rel}","templated":true}]}}