{"id":3184,"date":"2025-06-20T15:44:05","date_gmt":"2025-06-20T15:44:05","guid":{"rendered":"https:\/\/pasahoy.com.ar\/ph\/?p=3184"},"modified":"2025-06-20T15:44:19","modified_gmt":"2025-06-20T15:44:19","slug":"denuncian-a-un-ginecologo-por-abuso-sexual","status":"publish","type":"post","link":"https:\/\/pasahoy.com.ar\/ph\/denuncian-a-un-ginecologo-por-abuso-sexual\/","title":{"rendered":"Denuncian a un ginec\u00f3logo por abuso sexual"},"content":{"rendered":"\n<p>La abogada de la joven, Cecilia Sturzenegger, confirm\u00f3 que el hecho fue tipificado como abuso sexual gravemente ultrajante. \u201cEl profesional de la salud le reconoci\u00f3 lo ocurrido a trav\u00e9s de mensajes con la madre de la joven\u201d, cont\u00f3.<\/p>\n\n\n\n<p>Una grave denuncia por abuso sexual sacude la capital riojana. Cecilia Sturzenegger, abogada de la joven v\u00edctima, confirm\u00f3 que el hecho fue denunciado en el Juzgado de Violencia de G\u00e9nero y Protecci\u00f3n de Menores N\u00b02, y que ya se encuentra en etapa de instrucci\u00f3n.<\/p>\n\n\n\n<p>Es un hecho bastante delicado, estamos hablando de un profesional de la salud que en su pr\u00e1ctica m\u00e9dica abusa de nuestra clienta\u00bb, sostuvo la letrada, quien agreg\u00f3 que la causa fue caratulada como abuso sexual gravemente ultrajante. <\/p>\n\n\n\n<p>El episodio ocurri\u00f3 en el mes de marzo durante una consulta m\u00e9dica en un centro privado, ubicado en la zona sur de la ciudad. La v\u00edctima, una joven de 20 a\u00f1os, fue abusada mientras el m\u00e9dico \u2014de confianza de la familia y que tambi\u00e9n atiende en el Hospital de la Madre y el Ni\u00f1o\u2014 realizaba una pr\u00e1ctica de rutina ginecol\u00f3gica.<\/p>\n\n\n\n<p>\u00abMi defendida fue abusada en una pr\u00e1ctica m\u00e9dica de rutina para las mujeres. La coloca en la posici\u00f3n, y es ah\u00ed donde este profesional abusa de mi clienta\u00bb, detall\u00f3 Sturzenegger.<\/p>\n\n\n\n<p>La joven, visiblemente afectada y sin saber c\u00f3mo reaccionar, manifest\u00f3 sentirse mal y pidi\u00f3 retirarse, a lo que el m\u00e9dico respondi\u00f3 que luego continuar\u00edan con la consulta. Al regresar a su casa, rompi\u00f3 en llanto y le cont\u00f3 a su madre lo ocurrido. La mujer confront\u00f3 al m\u00e9dico, quien reconoci\u00f3 el hecho y se disculp\u00f3 diciendo que \u201cno volver\u00eda a pasar\u201d.<\/p>\n\n\n\n<p>La abogada asegur\u00f3 que \u201ctoda la etapa probatoria ya est\u00e1 cumplida por parte de la Fiscal\u00eda\u201d y que, entre las pruebas clave, figuran mensajes en los que el profesional reconoce su accionar. <\/p>\n\n\n\n<p>La familia aguarda ahora el avance de la causa y la correspondiente resoluci\u00f3n judicial. La identidad del acusado se mantiene bajo reserva por disposici\u00f3n del Juzgado interviniente.<\/p>\n\n\n\n<figure class=\"wp-block-gallery has-nested-images columns-default is-cropped wp-block-gallery-1 is-layout-flex wp-block-gallery-is-layout-flex\">\n<figure class=\"wp-block-image size-large\"><img loading=\"lazy\" decoding=\"async\" width=\"1024\" height=\"730\" data-id=\"3185\" src=\"https:\/\/pasahoy.com.ar\/ph\/wp-content\/uploads\/2025\/06\/1000439692-1024x730.png\" alt=\"\" class=\"wp-image-3185\" srcset=\"https:\/\/pasahoy.com.ar\/ph\/wp-content\/uploads\/2025\/06\/1000439692-1024x730.png 1024w, https:\/\/pasahoy.com.ar\/ph\/wp-content\/uploads\/2025\/06\/1000439692-300x214.png 300w, https:\/\/pasahoy.com.ar\/ph\/wp-content\/uploads\/2025\/06\/1000439692-768x547.png 768w, https:\/\/pasahoy.com.ar\/ph\/wp-content\/uploads\/2025\/06\/1000439692.png 1030w\" sizes=\"auto, (max-width: 1024px) 100vw, 1024px\" \/><\/figure>\n<\/figure>\n","protected":false},"excerpt":{"rendered":"<p>La abogada de la joven, Cecilia Sturzenegger, confirm\u00f3 que el hecho fue tipificado como abuso sexual gravemente ultrajante. \u201cEl profesional de la salud le reconoci\u00f3 lo ocurrido a trav\u00e9s de mensajes con la madre de la joven\u201d, cont\u00f3. Una grave denuncia por abuso sexual sacude la capital riojana. Cecilia Sturzenegger, abogada de la joven v\u00edctima, [&hellip;]<\/p>\n","protected":false},"author":3,"featured_media":3185,"comment_status":"open","ping_status":"open","sticky":false,"template":"","format":"standard","meta":{"_jetpack_memberships_contains_paid_content":false,"footnotes":""},"categories":[12],"tags":[],"class_list":["post-3184","post","type-post","status-publish","format-standard","has-post-thumbnail","hentry","category-judicial"],"jetpack_featured_media_url":"https:\/\/pasahoy.com.ar\/ph\/wp-content\/uploads\/2025\/06\/1000439692.png","jetpack_sharing_enabled":true,"_links":{"self":[{"href":"https:\/\/pasahoy.com.ar\/ph\/wp-json\/wp\/v2\/posts\/3184","targetHints":{"allow":["GET"]}}],"collection":[{"href":"https:\/\/pasahoy.com.ar\/ph\/wp-json\/wp\/v2\/posts"}],"about":[{"href":"https:\/\/pasahoy.com.ar\/ph\/wp-json\/wp\/v2\/types\/post"}],"author":[{"embeddable":true,"href":"https:\/\/pasahoy.com.ar\/ph\/wp-json\/wp\/v2\/users\/3"}],"replies":[{"embeddable":true,"href":"https:\/\/pasahoy.com.ar\/ph\/wp-json\/wp\/v2\/comments?post=3184"}],"version-history":[{"count":1,"href":"https:\/\/pasahoy.com.ar\/ph\/wp-json\/wp\/v2\/posts\/3184\/revisions"}],"predecessor-version":[{"id":3186,"href":"https:\/\/pasahoy.com.ar\/ph\/wp-json\/wp\/v2\/posts\/3184\/revisions\/3186"}],"wp:featuredmedia":[{"embeddable":true,"href":"https:\/\/pasahoy.com.ar\/ph\/wp-json\/wp\/v2\/media\/3185"}],"wp:attachment":[{"href":"https:\/\/pasahoy.com.ar\/ph\/wp-json\/wp\/v2\/media?parent=3184"}],"wp:term":[{"taxonomy":"category","embeddable":true,"href":"https:\/\/pasahoy.com.ar\/ph\/wp-json\/wp\/v2\/categories?post=3184"},{"taxonomy":"post_tag","embeddable":true,"href":"https:\/\/pasahoy.com.ar\/ph\/wp-json\/wp\/v2\/tags?post=3184"}],"curies":[{"name":"wp","href":"https:\/\/api.w.org\/{rel}","templated":true}]}}