{"id":3171,"date":"2025-06-20T15:23:53","date_gmt":"2025-06-20T15:23:53","guid":{"rendered":"https:\/\/pasahoy.com.ar\/ph\/?p=3171"},"modified":"2025-06-20T15:24:10","modified_gmt":"2025-06-20T15:24:10","slug":"cristina-kirchner-le-pidio-a-la-justicia-que-le-permita-recibir-visitas-sin-autorizacion-oficial-en-su-prision-domiciliaria","status":"publish","type":"post","link":"https:\/\/pasahoy.com.ar\/ph\/cristina-kirchner-le-pidio-a-la-justicia-que-le-permita-recibir-visitas-sin-autorizacion-oficial-en-su-prision-domiciliaria\/","title":{"rendered":"Cristina Kirchner le pidi\u00f3 a la Justicia que le permita recibir visitas sin autorizaci\u00f3n oficial en su prisi\u00f3n domiciliaria"},"content":{"rendered":"\n<p>El d\u00eda despu\u00e9s de que la justicia la autorizara a salir al balc\u00f3n mientras cumple la condena a seis a\u00f1os de prisi\u00f3n por la causa Vialidad, la expresidenta Cristina Kirchner apel\u00f3 la orden del tribunal de pedir autorizaci\u00f3n para recibir visitar y denuncia que violan sus derechos civiles y pol\u00edticos.<\/p>\n\n\n\n<p><strong>Hoy, mis abogados tuvieron que recurrir otra decisi\u00f3n del mismo Tribunal<\/strong>, que s\u00f3lo permite que me visiten, y previo listado\u2026 \u00fanicamente mi n\u00facleo familiar, mis abogados y mis m\u00e9dicos\u00bb, se quej\u00f3 Cristina Kirchner desde su cuenta en X.<\/p>\n\n\n\n<p>Y agreg\u00f3: \u00abEl resto de mis relaciones con el mundo exterior\u2026 amigos, amigas, compa\u00f1eros, compa\u00f1eras\u2026 y otras personas que conozco y me vinculo por el s\u00f3lo hecho de ser una persona que tiene vida\u2026 cada vez que quieran visitarme deber\u00e1n presentar una solicitud al Tribunal y luego esperar su autorizaci\u00f3n; en un r\u00e9gimen de exclusi\u00f3n totalmente<strong>\u00a0arbitrario<\/strong>, que no se le aplica a nadie y\u00a0<strong>violatorio de mis m\u00e1s elementales derechos civiles. De mis derechos pol\u00edticos, mejor ni hablemos<\/strong>\u2026 te la debo\u00bb. <\/p>\n\n\n\n<p>La exmandataria cerr\u00f3 el posteo en sus redes pregunt\u00e1ndose si \u00abhabr\u00e1 una Constituci\u00f3n y C\u00f3digos Penales y Procesales especiales, redactados \u00fanicamente\u00bb para ella. <\/p>\n\n\n\n<p>Como de costumbre, la presentaci\u00f3n de la defensa de Cristina la realizaron sus abogados Carlos Beraldi y Ary Llernovoy. En el escrito, le piden al tribunal que revoque la medida que la obliga a presentar una lista de \u00absu grupo familiar, custodia policial, profesionales m\u00e9dicos que la tratan asiduamente y abogados que la representan\u00bb, que ser\u00e1n\u00a0<strong>los \u00fanicos que podr\u00e1n visitarla \u00absin necesidad de autorizaci\u00f3n judicial\u00bb<\/strong>.<\/p>\n\n\n\n<p>Los abogados de Cristina fundamentan el pedido se\u00f1alando que \u00abla regla de conducta esencial que deben observar las personas a las que se les impone prisi\u00f3n domiciliaria es, precisamente, acatar la\u00a0<strong>restricci\u00f3n ambulatoria\u00a0<\/strong>durante todo el lapso de vigencia de la condena\u00bb. <\/p>\n\n\n\n<p>Y en ese sentido, insisten: \u00abQuienes cumplen su pena en un domicilio particular&nbsp;<strong>pueden desarrollar todas las actividades<\/strong>&nbsp;que no se encuentran prohibidas por la ley, tal como se deriva del principio de reserva que consagra el art. 19 de la Constituci\u00f3n Nacional\u00bb.<\/p>\n\n\n\n<p>Advierten, adem\u00e1s, que, seg\u00fan lo estableci\u00f3 la propia Corte Suprema, \u00ablas personas que cumplen una condena&nbsp;<strong>gozan de la totalidad de los derechos constitucionales<\/strong>&nbsp;cuya restricci\u00f3n no se deriva en forma necesaria de la pena impuesta y de la privaci\u00f3n de la libertad ambulatoria\u00bb.<\/p>\n\n\n\n<figure class=\"wp-block-gallery has-nested-images columns-default is-cropped wp-block-gallery-1 is-layout-flex wp-block-gallery-is-layout-flex\">\n<figure class=\"wp-block-image size-large\"><img loading=\"lazy\" decoding=\"async\" width=\"942\" height=\"531\" data-id=\"3172\" src=\"https:\/\/pasahoy.com.ar\/ph\/wp-content\/uploads\/2025\/06\/1000439589.png\" alt=\"\" class=\"wp-image-3172\" srcset=\"https:\/\/pasahoy.com.ar\/ph\/wp-content\/uploads\/2025\/06\/1000439589.png 942w, https:\/\/pasahoy.com.ar\/ph\/wp-content\/uploads\/2025\/06\/1000439589-300x169.png 300w, https:\/\/pasahoy.com.ar\/ph\/wp-content\/uploads\/2025\/06\/1000439589-768x433.png 768w\" sizes=\"auto, (max-width: 942px) 100vw, 942px\" \/><\/figure>\n<\/figure>\n","protected":false},"excerpt":{"rendered":"<p>El d\u00eda despu\u00e9s de que la justicia la autorizara a salir al balc\u00f3n mientras cumple la condena a seis a\u00f1os de prisi\u00f3n por la causa Vialidad, la expresidenta Cristina Kirchner apel\u00f3 la orden del tribunal de pedir autorizaci\u00f3n para recibir visitar y denuncia que violan sus derechos civiles y pol\u00edticos. Hoy, mis abogados tuvieron que [&hellip;]<\/p>\n","protected":false},"author":3,"featured_media":3172,"comment_status":"open","ping_status":"open","sticky":false,"template":"","format":"standard","meta":{"_jetpack_memberships_contains_paid_content":false,"footnotes":""},"categories":[2],"tags":[],"class_list":["post-3171","post","type-post","status-publish","format-standard","has-post-thumbnail","hentry","category-nacional"],"jetpack_featured_media_url":"https:\/\/pasahoy.com.ar\/ph\/wp-content\/uploads\/2025\/06\/1000439589.png","jetpack_sharing_enabled":true,"_links":{"self":[{"href":"https:\/\/pasahoy.com.ar\/ph\/wp-json\/wp\/v2\/posts\/3171","targetHints":{"allow":["GET"]}}],"collection":[{"href":"https:\/\/pasahoy.com.ar\/ph\/wp-json\/wp\/v2\/posts"}],"about":[{"href":"https:\/\/pasahoy.com.ar\/ph\/wp-json\/wp\/v2\/types\/post"}],"author":[{"embeddable":true,"href":"https:\/\/pasahoy.com.ar\/ph\/wp-json\/wp\/v2\/users\/3"}],"replies":[{"embeddable":true,"href":"https:\/\/pasahoy.com.ar\/ph\/wp-json\/wp\/v2\/comments?post=3171"}],"version-history":[{"count":1,"href":"https:\/\/pasahoy.com.ar\/ph\/wp-json\/wp\/v2\/posts\/3171\/revisions"}],"predecessor-version":[{"id":3173,"href":"https:\/\/pasahoy.com.ar\/ph\/wp-json\/wp\/v2\/posts\/3171\/revisions\/3173"}],"wp:featuredmedia":[{"embeddable":true,"href":"https:\/\/pasahoy.com.ar\/ph\/wp-json\/wp\/v2\/media\/3172"}],"wp:attachment":[{"href":"https:\/\/pasahoy.com.ar\/ph\/wp-json\/wp\/v2\/media?parent=3171"}],"wp:term":[{"taxonomy":"category","embeddable":true,"href":"https:\/\/pasahoy.com.ar\/ph\/wp-json\/wp\/v2\/categories?post=3171"},{"taxonomy":"post_tag","embeddable":true,"href":"https:\/\/pasahoy.com.ar\/ph\/wp-json\/wp\/v2\/tags?post=3171"}],"curies":[{"name":"wp","href":"https:\/\/api.w.org\/{rel}","templated":true}]}}