{"id":3166,"date":"2025-06-20T15:19:00","date_gmt":"2025-06-20T15:19:00","guid":{"rendered":"https:\/\/pasahoy.com.ar\/ph\/?p=3166"},"modified":"2025-06-20T15:19:00","modified_gmt":"2025-06-20T15:19:00","slug":"dia-de-la-bandera-en-plaza-25-de-mayo","status":"publish","type":"post","link":"https:\/\/pasahoy.com.ar\/ph\/dia-de-la-bandera-en-plaza-25-de-mayo\/","title":{"rendered":"D\u00cdA DE LA BANDERA &#8211; EN PLAZA 25 DE MAYO"},"content":{"rendered":"\n<p><em>Quintela: \u201cA pesar de los momentos dif\u00edciles que vivimos sabemos como argentinos y peronistas que la patria no se vende y la democracia debe ser defendida\u00bb<\/em><\/p>\n\n\n\n<figure class=\"wp-block-gallery has-nested-images columns-default is-cropped wp-block-gallery-1 is-layout-flex wp-block-gallery-is-layout-flex\">\n<figure class=\"wp-block-image size-large\"><img loading=\"lazy\" decoding=\"async\" width=\"1024\" height=\"718\" data-id=\"3168\" src=\"https:\/\/pasahoy.com.ar\/ph\/wp-content\/uploads\/2025\/06\/1000439442-1024x718.jpg\" alt=\"\" class=\"wp-image-3168\" srcset=\"https:\/\/pasahoy.com.ar\/ph\/wp-content\/uploads\/2025\/06\/1000439442-1024x718.jpg 1024w, https:\/\/pasahoy.com.ar\/ph\/wp-content\/uploads\/2025\/06\/1000439442-300x210.jpg 300w, https:\/\/pasahoy.com.ar\/ph\/wp-content\/uploads\/2025\/06\/1000439442-768x538.jpg 768w, https:\/\/pasahoy.com.ar\/ph\/wp-content\/uploads\/2025\/06\/1000439442.jpg 1280w\" sizes=\"auto, (max-width: 1024px) 100vw, 1024px\" \/><\/figure>\n\n\n\n<figure class=\"wp-block-image size-large\"><img loading=\"lazy\" decoding=\"async\" width=\"1024\" height=\"684\" data-id=\"3167\" src=\"https:\/\/pasahoy.com.ar\/ph\/wp-content\/uploads\/2025\/06\/1000439444-1024x684.jpg\" alt=\"\" class=\"wp-image-3167\" srcset=\"https:\/\/pasahoy.com.ar\/ph\/wp-content\/uploads\/2025\/06\/1000439444-1024x684.jpg 1024w, https:\/\/pasahoy.com.ar\/ph\/wp-content\/uploads\/2025\/06\/1000439444-300x200.jpg 300w, https:\/\/pasahoy.com.ar\/ph\/wp-content\/uploads\/2025\/06\/1000439444-768x513.jpg 768w, https:\/\/pasahoy.com.ar\/ph\/wp-content\/uploads\/2025\/06\/1000439444.jpg 1280w\" sizes=\"auto, (max-width: 1024px) 100vw, 1024px\" \/><\/figure>\n\n\n\n<figure class=\"wp-block-image size-large\"><img loading=\"lazy\" decoding=\"async\" width=\"1024\" height=\"869\" data-id=\"3169\" src=\"https:\/\/pasahoy.com.ar\/ph\/wp-content\/uploads\/2025\/06\/1000439438-1024x869.jpg\" alt=\"\" class=\"wp-image-3169\" srcset=\"https:\/\/pasahoy.com.ar\/ph\/wp-content\/uploads\/2025\/06\/1000439438-1024x869.jpg 1024w, https:\/\/pasahoy.com.ar\/ph\/wp-content\/uploads\/2025\/06\/1000439438-300x255.jpg 300w, https:\/\/pasahoy.com.ar\/ph\/wp-content\/uploads\/2025\/06\/1000439438-768x652.jpg 768w, https:\/\/pasahoy.com.ar\/ph\/wp-content\/uploads\/2025\/06\/1000439438.jpg 1273w\" sizes=\"auto, (max-width: 1024px) 100vw, 1024px\" \/><\/figure>\n<\/figure>\n\n\n\n<p><em>El Gobernador encabez\u00f3 el izamiento del pabell\u00f3n nacional, donde reafirm\u00f3 el compromiso con la defensa de la democracia, los derechos conquistados y el federalismo, en un contexto de profunda crisis pol\u00edtica y econ\u00f3mica.<\/em><\/p>\n\n\n\n<p>En el marco del D\u00eda de la Bandera, que se conmemora cada 20 de junio en honor al fallecimiento del general Manuel Belgrano, creador de la ense\u00f1a patria, el gobernador de la provincia, Ricardo Quintela, encabez\u00f3 el izamiento del pabell\u00f3n nacional en la plaza 25 de Mayo de la ciudad Capital. Lo hizo junto a la vicegobernadora Teresita Madera, autoridades provinciales, integrantes del Ej\u00e9rcito Argentino y de la Polic\u00eda de la Provincia.<br>Durante el acto, el mandatario provincial destac\u00f3 la necesidad de mantenernos unidos como pueblo bajo los valores que representa la bandera, y expres\u00f3: \u201cA pesar de los momentos dif\u00edciles que vivimos, sabemos, como argentinos y peronistas, que la patria no se vende y la democracia debe ser defendida, as\u00ed como todos los derechos adquiridos por mujeres y hombres que dejaron su vida\u201d.<br>Quintela tambi\u00e9n hizo hincapi\u00e9 en la importancia de defender un federalismo aut\u00e9ntico, que garantice igualdad de oportunidades para todos los argentinos y argentinas, sin importar el lugar en el que vivan.<\/p>\n","protected":false},"excerpt":{"rendered":"<p>Quintela: \u201cA pesar de los momentos dif\u00edciles que vivimos sabemos como argentinos y peronistas que la patria no se vende y la democracia debe ser defendida\u00bb El Gobernador encabez\u00f3 el izamiento del pabell\u00f3n nacional, donde reafirm\u00f3 el compromiso con la defensa de la democracia, los derechos conquistados y el federalismo, en un contexto de profunda [&hellip;]<\/p>\n","protected":false},"author":3,"featured_media":3168,"comment_status":"open","ping_status":"open","sticky":false,"template":"","format":"standard","meta":{"_jetpack_memberships_contains_paid_content":false,"footnotes":""},"categories":[1],"tags":[],"class_list":["post-3166","post","type-post","status-publish","format-standard","has-post-thumbnail","hentry","category-local"],"jetpack_featured_media_url":"https:\/\/pasahoy.com.ar\/ph\/wp-content\/uploads\/2025\/06\/1000439442.jpg","jetpack_sharing_enabled":true,"_links":{"self":[{"href":"https:\/\/pasahoy.com.ar\/ph\/wp-json\/wp\/v2\/posts\/3166","targetHints":{"allow":["GET"]}}],"collection":[{"href":"https:\/\/pasahoy.com.ar\/ph\/wp-json\/wp\/v2\/posts"}],"about":[{"href":"https:\/\/pasahoy.com.ar\/ph\/wp-json\/wp\/v2\/types\/post"}],"author":[{"embeddable":true,"href":"https:\/\/pasahoy.com.ar\/ph\/wp-json\/wp\/v2\/users\/3"}],"replies":[{"embeddable":true,"href":"https:\/\/pasahoy.com.ar\/ph\/wp-json\/wp\/v2\/comments?post=3166"}],"version-history":[{"count":1,"href":"https:\/\/pasahoy.com.ar\/ph\/wp-json\/wp\/v2\/posts\/3166\/revisions"}],"predecessor-version":[{"id":3170,"href":"https:\/\/pasahoy.com.ar\/ph\/wp-json\/wp\/v2\/posts\/3166\/revisions\/3170"}],"wp:featuredmedia":[{"embeddable":true,"href":"https:\/\/pasahoy.com.ar\/ph\/wp-json\/wp\/v2\/media\/3168"}],"wp:attachment":[{"href":"https:\/\/pasahoy.com.ar\/ph\/wp-json\/wp\/v2\/media?parent=3166"}],"wp:term":[{"taxonomy":"category","embeddable":true,"href":"https:\/\/pasahoy.com.ar\/ph\/wp-json\/wp\/v2\/categories?post=3166"},{"taxonomy":"post_tag","embeddable":true,"href":"https:\/\/pasahoy.com.ar\/ph\/wp-json\/wp\/v2\/tags?post=3166"}],"curies":[{"name":"wp","href":"https:\/\/api.w.org\/{rel}","templated":true}]}}