{"id":3157,"date":"2025-06-19T21:40:00","date_gmt":"2025-06-19T21:40:00","guid":{"rendered":"https:\/\/pasahoy.com.ar\/ph\/?p=3157"},"modified":"2025-06-19T21:40:18","modified_gmt":"2025-06-19T21:40:18","slug":"parlamento-del-norte-grandevicegobernadores-se-unieron-al-reclamo-por-la-coparticipacion-y-pidieron-por-la-paz-mundial","status":"publish","type":"post","link":"https:\/\/pasahoy.com.ar\/ph\/parlamento-del-norte-grandevicegobernadores-se-unieron-al-reclamo-por-la-coparticipacion-y-pidieron-por-la-paz-mundial\/","title":{"rendered":"Parlamento del Norte Grande,Vicegobernadores se unieron al reclamo por la coparticipaci\u00f3n y pidieron por la paz mundial"},"content":{"rendered":"\n<p><\/p>\n\n\n\n<figure class=\"wp-block-gallery has-nested-images columns-default is-cropped wp-block-gallery-1 is-layout-flex wp-block-gallery-is-layout-flex\">\n<figure class=\"wp-block-image size-large\"><img loading=\"lazy\" decoding=\"async\" width=\"1024\" height=\"688\" data-id=\"3159\" src=\"https:\/\/pasahoy.com.ar\/ph\/wp-content\/uploads\/2025\/06\/1000437746-1024x688.jpg\" alt=\"\" class=\"wp-image-3159\" srcset=\"https:\/\/pasahoy.com.ar\/ph\/wp-content\/uploads\/2025\/06\/1000437746-1024x688.jpg 1024w, https:\/\/pasahoy.com.ar\/ph\/wp-content\/uploads\/2025\/06\/1000437746-300x202.jpg 300w, https:\/\/pasahoy.com.ar\/ph\/wp-content\/uploads\/2025\/06\/1000437746-768x516.jpg 768w, https:\/\/pasahoy.com.ar\/ph\/wp-content\/uploads\/2025\/06\/1000437746-1536x1032.jpg 1536w, https:\/\/pasahoy.com.ar\/ph\/wp-content\/uploads\/2025\/06\/1000437746-2048x1376.jpg 2048w\" sizes=\"auto, (max-width: 1024px) 100vw, 1024px\" \/><\/figure>\n\n\n\n<figure class=\"wp-block-image size-large\"><img loading=\"lazy\" decoding=\"async\" width=\"1024\" height=\"683\" data-id=\"3158\" src=\"https:\/\/pasahoy.com.ar\/ph\/wp-content\/uploads\/2025\/06\/1000437747-1024x683.jpg\" alt=\"\" class=\"wp-image-3158\" srcset=\"https:\/\/pasahoy.com.ar\/ph\/wp-content\/uploads\/2025\/06\/1000437747-1024x683.jpg 1024w, https:\/\/pasahoy.com.ar\/ph\/wp-content\/uploads\/2025\/06\/1000437747-300x200.jpg 300w, https:\/\/pasahoy.com.ar\/ph\/wp-content\/uploads\/2025\/06\/1000437747-768x512.jpg 768w, https:\/\/pasahoy.com.ar\/ph\/wp-content\/uploads\/2025\/06\/1000437747-1536x1024.jpg 1536w, https:\/\/pasahoy.com.ar\/ph\/wp-content\/uploads\/2025\/06\/1000437747-2048x1365.jpg 2048w\" sizes=\"auto, (max-width: 1024px) 100vw, 1024px\" \/><\/figure>\n<\/figure>\n\n\n\n<p>En una nueva reuni\u00f3n de la Mesa Ejecutiva del Parlamento del Norte Grande, la vicegobernadora de La Rioja, Teresita Madera, particip\u00f3 de manera virtual para acompa\u00f1ar los pronunciamientos centrales que marcaron la jornada: el reclamo firme por una distribuci\u00f3n justa de los recursos coparticipables, acompa\u00f1ando en este sentido a los gobernadores de la regi\u00f3n; y un llamado urgente a la paz mundial, en el marco de un escenario internacional de creciente tensi\u00f3n.<\/p>\n\n\n\n<p>Durante el encuentro, se expres\u00f3 una profunda preocupaci\u00f3n por la ca\u00edda de los fondos coparticipables, situaci\u00f3n que afecta a las provincias del Norte Grande y al resto del pa\u00eds; marcado adem\u00e1s el acompa\u00f1amiento a los gobernadores en este sentido. Seg\u00fan se detall\u00f3, en el mes de mayo la baja fue de un 23% promedio, lo que pone en riesgo el financiamiento de funciones esenciales que hoy est\u00e1n a cargo de las provincias.<\/p>\n\n\n\n<p>\u201cSe trata de recursos con afectaci\u00f3n espec\u00edfica que pertenecen a las provincias. No son fondos discrecionales del Gobierno nacional, sino derechos garantizados por ley; un reclamo que nuestro gobernador Ricardo Quintela viene llevando adelante y que acompa\u00f1amos para garantizar el normal funcionamiento de la administraci\u00f3n provincial, remarc\u00f3 Teresita Madera.<\/p>\n\n\n\n<p>Adem\u00e1s, se emiti\u00f3 un pronunciamiento un\u00e1nime por la paz mundial, ante la escalada b\u00e9lica entre Israel e Ir\u00e1n. Citando al Papa Francisco \u2014quien advirti\u00f3 que \u201cestamos cerca de una guerra casi mundial\u201d\u2014, el Parlamento del Norte Grande manifest\u00f3 su rechazo a toda forma de violencia y su compromiso con la diplomacia y el di\u00e1logo como \u00fanicos caminos posibles.<br>\u201cReafirmamos que, ante cualquier situaci\u00f3n de beligerancia, apostamos siempre por la paz mundial\u201d, indica el documento.<\/p>\n\n\n\n<p>El pr\u00f3ximo encuentro del Parlamento del Norte Grande se realizar\u00e1 los d\u00edas 28 y 29 de julio en la provincia de Catamarca, en lo que ser\u00e1 la 56\u00b0 sesi\u00f3n plenaria, donde se continuar\u00e1 trabajando por una Argentina m\u00e1s justa, equitativa y federal.<\/p>\n","protected":false},"excerpt":{"rendered":"<p>En una nueva reuni\u00f3n de la Mesa Ejecutiva del Parlamento del Norte Grande, la vicegobernadora de La Rioja, Teresita Madera, particip\u00f3 de manera virtual para acompa\u00f1ar los pronunciamientos centrales que marcaron la jornada: el reclamo firme por una distribuci\u00f3n justa de los recursos coparticipables, acompa\u00f1ando en este sentido a los gobernadores de la regi\u00f3n; y [&hellip;]<\/p>\n","protected":false},"author":3,"featured_media":3159,"comment_status":"open","ping_status":"open","sticky":false,"template":"","format":"standard","meta":{"_jetpack_memberships_contains_paid_content":false,"footnotes":""},"categories":[2],"tags":[],"class_list":["post-3157","post","type-post","status-publish","format-standard","has-post-thumbnail","hentry","category-nacional"],"jetpack_featured_media_url":"https:\/\/pasahoy.com.ar\/ph\/wp-content\/uploads\/2025\/06\/1000437746-scaled.jpg","jetpack_sharing_enabled":true,"_links":{"self":[{"href":"https:\/\/pasahoy.com.ar\/ph\/wp-json\/wp\/v2\/posts\/3157","targetHints":{"allow":["GET"]}}],"collection":[{"href":"https:\/\/pasahoy.com.ar\/ph\/wp-json\/wp\/v2\/posts"}],"about":[{"href":"https:\/\/pasahoy.com.ar\/ph\/wp-json\/wp\/v2\/types\/post"}],"author":[{"embeddable":true,"href":"https:\/\/pasahoy.com.ar\/ph\/wp-json\/wp\/v2\/users\/3"}],"replies":[{"embeddable":true,"href":"https:\/\/pasahoy.com.ar\/ph\/wp-json\/wp\/v2\/comments?post=3157"}],"version-history":[{"count":1,"href":"https:\/\/pasahoy.com.ar\/ph\/wp-json\/wp\/v2\/posts\/3157\/revisions"}],"predecessor-version":[{"id":3160,"href":"https:\/\/pasahoy.com.ar\/ph\/wp-json\/wp\/v2\/posts\/3157\/revisions\/3160"}],"wp:featuredmedia":[{"embeddable":true,"href":"https:\/\/pasahoy.com.ar\/ph\/wp-json\/wp\/v2\/media\/3159"}],"wp:attachment":[{"href":"https:\/\/pasahoy.com.ar\/ph\/wp-json\/wp\/v2\/media?parent=3157"}],"wp:term":[{"taxonomy":"category","embeddable":true,"href":"https:\/\/pasahoy.com.ar\/ph\/wp-json\/wp\/v2\/categories?post=3157"},{"taxonomy":"post_tag","embeddable":true,"href":"https:\/\/pasahoy.com.ar\/ph\/wp-json\/wp\/v2\/tags?post=3157"}],"curies":[{"name":"wp","href":"https:\/\/api.w.org\/{rel}","templated":true}]}}