{"id":3153,"date":"2025-06-19T21:35:51","date_gmt":"2025-06-19T21:35:51","guid":{"rendered":"https:\/\/pasahoy.com.ar\/ph\/?p=3153"},"modified":"2025-06-19T21:35:51","modified_gmt":"2025-06-19T21:35:51","slug":"doble-reconocimiento-legislativo-a-la-cultura-riojana","status":"publish","type":"post","link":"https:\/\/pasahoy.com.ar\/ph\/doble-reconocimiento-legislativo-a-la-cultura-riojana\/","title":{"rendered":"Doble Reconocimiento Legislativo a la Cultura Riojana"},"content":{"rendered":"\n<p><em>La Legislatura de La Rioja fue escenario de un emotivo doble reconocimiento a dos figuras clave de la cultura local. Se homenaje\u00f3 la trayectoria de Marta In\u00e9s Molina y se rindi\u00f3 un merecido tributo p\u00f3stumo a Rub\u00e9n Ricardo Montivero, destacando su invaluable aporte al patrimonio cultural riojano.<\/em><\/p>\n\n\n\n<figure class=\"wp-block-gallery has-nested-images columns-default is-cropped wp-block-gallery-1 is-layout-flex wp-block-gallery-is-layout-flex\">\n<figure class=\"wp-block-image size-large\"><img loading=\"lazy\" decoding=\"async\" width=\"1024\" height=\"682\" data-id=\"3154\" src=\"https:\/\/pasahoy.com.ar\/ph\/wp-content\/uploads\/2025\/06\/1000437737-1024x682.jpg\" alt=\"\" class=\"wp-image-3154\" srcset=\"https:\/\/pasahoy.com.ar\/ph\/wp-content\/uploads\/2025\/06\/1000437737-1024x682.jpg 1024w, https:\/\/pasahoy.com.ar\/ph\/wp-content\/uploads\/2025\/06\/1000437737-300x200.jpg 300w, https:\/\/pasahoy.com.ar\/ph\/wp-content\/uploads\/2025\/06\/1000437737-768x512.jpg 768w, https:\/\/pasahoy.com.ar\/ph\/wp-content\/uploads\/2025\/06\/1000437737-1536x1023.jpg 1536w, https:\/\/pasahoy.com.ar\/ph\/wp-content\/uploads\/2025\/06\/1000437737.jpg 1600w\" sizes=\"auto, (max-width: 1024px) 100vw, 1024px\" \/><\/figure>\n\n\n\n<figure class=\"wp-block-image size-large\"><img loading=\"lazy\" decoding=\"async\" width=\"1024\" height=\"682\" data-id=\"3155\" src=\"https:\/\/pasahoy.com.ar\/ph\/wp-content\/uploads\/2025\/06\/1000437738-1024x682.jpg\" alt=\"\" class=\"wp-image-3155\" srcset=\"https:\/\/pasahoy.com.ar\/ph\/wp-content\/uploads\/2025\/06\/1000437738-1024x682.jpg 1024w, https:\/\/pasahoy.com.ar\/ph\/wp-content\/uploads\/2025\/06\/1000437738-300x200.jpg 300w, https:\/\/pasahoy.com.ar\/ph\/wp-content\/uploads\/2025\/06\/1000437738-768x512.jpg 768w, https:\/\/pasahoy.com.ar\/ph\/wp-content\/uploads\/2025\/06\/1000437738-1536x1023.jpg 1536w, https:\/\/pasahoy.com.ar\/ph\/wp-content\/uploads\/2025\/06\/1000437738.jpg 1600w\" sizes=\"auto, (max-width: 1024px) 100vw, 1024px\" \/><\/figure>\n<\/figure>\n\n\n\n<p>La ceremonia cont\u00f3 con la presencia de la vicegobernadora, Teresita Madera; la vicepresidenta segunda, Teresita Luna; el Ministro de Turismo y Culturas, Gustavo Luna; diputados provinciales, as\u00ed como familiares y amigos de los homenajeados, quienes se congregaron para celebrar sus legados.<\/p>\n\n\n\n<p><em>Marta In\u00e9s Molina: Una Vida al Servicio de la Cultura Municipal<\/em><br>El recinto legislativo reconoci\u00f3 la trayectoria de Marta In\u00e9s Molina, cuya dedicaci\u00f3n y compromiso dejaron una marca imborrable en el \u00e1mbito cultural de La Rioja, especialmente en el \u00e1mbito municipal. Este homenaje celebra su incansable labor y el valioso legado que ha construido en la cultura provincial.<\/p>\n\n\n\n<p><em>Rub\u00e9n Ricardo Montivero: Legado de un Artista Integral<\/em><br>En un momento de profunda emoci\u00f3n, la Legislatura tambi\u00e9n rindi\u00f3 homenaje p\u00f3stumo a Rub\u00e9n Ricardo Montivero. Cantante, historiador y gu\u00eda tur\u00edstico, Montivero dedic\u00f3 su vida a difundir la riqueza cultural e hist\u00f3rica de La Rioja. Su voz interpret\u00f3 el sentir popular, sus investigaciones aportaron valiosos conocimientos sobre el pasado provincial y su rol como gu\u00eda tur\u00edstico permiti\u00f3 a muchos descubrir los encantos de nuestra tierra.<\/p>\n\n\n\n<p>Durante las alocuciones, la vicegobernadora, Teresita Madera, destac\u00f3 la invaluable labor de ambos hacia la cultura riojana. <em>\u00abEstos reconocimientos que se dan en nuestra legislatura forman parte de nuestro futuro, porque nada se puede hacer mirando hacia adelante sin tener en cuenta nuestros or\u00edgenes y ra\u00edces. Gracias a estos hombres y mujeres que han aportado a nuestra cultura\u00bb<\/em>, afirm\u00f3. Adem\u00e1s, resalt\u00f3 el trabajo militante de la familia Montivero: <em>\u00abGracias por su aporte a nuestro partido y por creer que en lo social hab\u00eda que involucrarse\u00bb<\/em>, concluy\u00f3.<\/p>\n\n\n\n<p>Por su parte, Marta In\u00e9s Molina expres\u00f3 su gratitud por este momento \u00abinolvidable\u00bb y comparti\u00f3 recuerdos de su paso por la Municipalidad riojana. <em>\u00abEs inexplicable lo que se siente estar ac\u00e1. Yo fui directora, pero siempre compa\u00f1era de mis compa\u00f1eros. Era un encanto poder cumplir con las actuaciones que nos ped\u00edan del interior, zonas rurales, iglesias, escuelas. Gracias a todos los compa\u00f1eros que nos ayudaron en esto\u00bb<\/em>, manifest\u00f3.<\/p>\n\n\n\n<p>Walter Montivero, visiblemente emocionado, agradeci\u00f3 en nombre de su padre. <em>\u00abPara nosotros la m\u00fasica siempre ha sido lo cotidiano. Como dec\u00eda mi viejo, hay veces que no conoces un lugar, pero gracias al folclore, especialmente a la m\u00fasica, te transportas imaginariamente a ese lugar. Desde muy chicos recordamos el amor de mi padre por el folclore y por el turismo\u00bb<\/em>, record\u00f3.<\/p>\n\n\n\n<p>Estos reconocimientos reafirman el compromiso de la Legislatura riojana con la valoraci\u00f3n de quienes, con su talento y dedicaci\u00f3n, contribuyen a construir y enriquecer la identidad cultural de la provincia.<\/p>\n","protected":false},"excerpt":{"rendered":"<p>La Legislatura de La Rioja fue escenario de un emotivo doble reconocimiento a dos figuras clave de la cultura local. Se homenaje\u00f3 la trayectoria de Marta In\u00e9s Molina y se rindi\u00f3 un merecido tributo p\u00f3stumo a Rub\u00e9n Ricardo Montivero, destacando su invaluable aporte al patrimonio cultural riojano. La ceremonia cont\u00f3 con la presencia de la [&hellip;]<\/p>\n","protected":false},"author":3,"featured_media":3154,"comment_status":"open","ping_status":"open","sticky":false,"template":"","format":"standard","meta":{"_jetpack_memberships_contains_paid_content":false,"footnotes":""},"categories":[1],"tags":[],"class_list":["post-3153","post","type-post","status-publish","format-standard","has-post-thumbnail","hentry","category-local"],"jetpack_featured_media_url":"https:\/\/pasahoy.com.ar\/ph\/wp-content\/uploads\/2025\/06\/1000437737.jpg","jetpack_sharing_enabled":true,"_links":{"self":[{"href":"https:\/\/pasahoy.com.ar\/ph\/wp-json\/wp\/v2\/posts\/3153","targetHints":{"allow":["GET"]}}],"collection":[{"href":"https:\/\/pasahoy.com.ar\/ph\/wp-json\/wp\/v2\/posts"}],"about":[{"href":"https:\/\/pasahoy.com.ar\/ph\/wp-json\/wp\/v2\/types\/post"}],"author":[{"embeddable":true,"href":"https:\/\/pasahoy.com.ar\/ph\/wp-json\/wp\/v2\/users\/3"}],"replies":[{"embeddable":true,"href":"https:\/\/pasahoy.com.ar\/ph\/wp-json\/wp\/v2\/comments?post=3153"}],"version-history":[{"count":1,"href":"https:\/\/pasahoy.com.ar\/ph\/wp-json\/wp\/v2\/posts\/3153\/revisions"}],"predecessor-version":[{"id":3156,"href":"https:\/\/pasahoy.com.ar\/ph\/wp-json\/wp\/v2\/posts\/3153\/revisions\/3156"}],"wp:featuredmedia":[{"embeddable":true,"href":"https:\/\/pasahoy.com.ar\/ph\/wp-json\/wp\/v2\/media\/3154"}],"wp:attachment":[{"href":"https:\/\/pasahoy.com.ar\/ph\/wp-json\/wp\/v2\/media?parent=3153"}],"wp:term":[{"taxonomy":"category","embeddable":true,"href":"https:\/\/pasahoy.com.ar\/ph\/wp-json\/wp\/v2\/categories?post=3153"},{"taxonomy":"post_tag","embeddable":true,"href":"https:\/\/pasahoy.com.ar\/ph\/wp-json\/wp\/v2\/tags?post=3153"}],"curies":[{"name":"wp","href":"https:\/\/api.w.org\/{rel}","templated":true}]}}