{"id":3146,"date":"2025-06-19T21:34:53","date_gmt":"2025-06-19T21:34:53","guid":{"rendered":"https:\/\/pasahoy.com.ar\/ph\/?p=3146"},"modified":"2025-06-19T21:34:53","modified_gmt":"2025-06-19T21:34:53","slug":"estudiantes-docentes-y-autoridades-profundizaron-el-compromiso-para-construir-espacios-libres-de-bullying","status":"publish","type":"post","link":"https:\/\/pasahoy.com.ar\/ph\/estudiantes-docentes-y-autoridades-profundizaron-el-compromiso-para-construir-espacios-libres-de-bullying\/","title":{"rendered":"Estudiantes, docentes y autoridades profundizaron el compromiso para construir espacios libres de bullying"},"content":{"rendered":"\n<p><em>En el 2\u00b0 Encuentro Intersectorial \u201cVoces Federales\u201d, realizado en el Colegio Provincial N\u00b010, se compartieron experiencias y propuestas impulsadas por estudiantes en torno a la convivencia escolar. Participaron funcionarios provinciales y referentes de diversas \u00e1reas.<\/em><\/p>\n\n\n\n<figure class=\"wp-block-gallery has-nested-images columns-default is-cropped wp-block-gallery-1 is-layout-flex wp-block-gallery-is-layout-flex\">\n<figure class=\"wp-block-image size-large\"><img loading=\"lazy\" decoding=\"async\" width=\"1024\" height=\"682\" data-id=\"3147\" src=\"https:\/\/pasahoy.com.ar\/ph\/wp-content\/uploads\/2025\/06\/1000437719-1024x682.jpg\" alt=\"\" class=\"wp-image-3147\" srcset=\"https:\/\/pasahoy.com.ar\/ph\/wp-content\/uploads\/2025\/06\/1000437719-1024x682.jpg 1024w, https:\/\/pasahoy.com.ar\/ph\/wp-content\/uploads\/2025\/06\/1000437719-300x200.jpg 300w, https:\/\/pasahoy.com.ar\/ph\/wp-content\/uploads\/2025\/06\/1000437719-768x512.jpg 768w, https:\/\/pasahoy.com.ar\/ph\/wp-content\/uploads\/2025\/06\/1000437719.jpg 1280w\" sizes=\"auto, (max-width: 1024px) 100vw, 1024px\" \/><\/figure>\n\n\n\n<figure class=\"wp-block-image size-large\"><img loading=\"lazy\" decoding=\"async\" width=\"1024\" height=\"682\" data-id=\"3150\" src=\"https:\/\/pasahoy.com.ar\/ph\/wp-content\/uploads\/2025\/06\/1000437723-1024x682.jpg\" alt=\"\" class=\"wp-image-3150\" srcset=\"https:\/\/pasahoy.com.ar\/ph\/wp-content\/uploads\/2025\/06\/1000437723-1024x682.jpg 1024w, https:\/\/pasahoy.com.ar\/ph\/wp-content\/uploads\/2025\/06\/1000437723-300x200.jpg 300w, https:\/\/pasahoy.com.ar\/ph\/wp-content\/uploads\/2025\/06\/1000437723-768x512.jpg 768w, https:\/\/pasahoy.com.ar\/ph\/wp-content\/uploads\/2025\/06\/1000437723.jpg 1280w\" sizes=\"auto, (max-width: 1024px) 100vw, 1024px\" \/><\/figure>\n\n\n\n<figure class=\"wp-block-image size-large\"><img loading=\"lazy\" decoding=\"async\" width=\"1024\" height=\"682\" data-id=\"3149\" src=\"https:\/\/pasahoy.com.ar\/ph\/wp-content\/uploads\/2025\/06\/1000437721-1024x682.jpg\" alt=\"\" class=\"wp-image-3149\" srcset=\"https:\/\/pasahoy.com.ar\/ph\/wp-content\/uploads\/2025\/06\/1000437721-1024x682.jpg 1024w, https:\/\/pasahoy.com.ar\/ph\/wp-content\/uploads\/2025\/06\/1000437721-300x200.jpg 300w, https:\/\/pasahoy.com.ar\/ph\/wp-content\/uploads\/2025\/06\/1000437721-768x512.jpg 768w, https:\/\/pasahoy.com.ar\/ph\/wp-content\/uploads\/2025\/06\/1000437721.jpg 1280w\" sizes=\"auto, (max-width: 1024px) 100vw, 1024px\" \/><\/figure>\n\n\n\n<figure class=\"wp-block-image size-large\"><img loading=\"lazy\" decoding=\"async\" width=\"1024\" height=\"682\" data-id=\"3148\" src=\"https:\/\/pasahoy.com.ar\/ph\/wp-content\/uploads\/2025\/06\/1000437727-1024x682.jpg\" alt=\"\" class=\"wp-image-3148\" srcset=\"https:\/\/pasahoy.com.ar\/ph\/wp-content\/uploads\/2025\/06\/1000437727-1024x682.jpg 1024w, https:\/\/pasahoy.com.ar\/ph\/wp-content\/uploads\/2025\/06\/1000437727-300x200.jpg 300w, https:\/\/pasahoy.com.ar\/ph\/wp-content\/uploads\/2025\/06\/1000437727-768x512.jpg 768w, https:\/\/pasahoy.com.ar\/ph\/wp-content\/uploads\/2025\/06\/1000437727.jpg 1280w\" sizes=\"auto, (max-width: 1024px) 100vw, 1024px\" \/><\/figure>\n\n\n\n<figure class=\"wp-block-image size-large\"><img loading=\"lazy\" decoding=\"async\" width=\"1024\" height=\"682\" data-id=\"3151\" src=\"https:\/\/pasahoy.com.ar\/ph\/wp-content\/uploads\/2025\/06\/1000437725-1024x682.jpg\" alt=\"\" class=\"wp-image-3151\" srcset=\"https:\/\/pasahoy.com.ar\/ph\/wp-content\/uploads\/2025\/06\/1000437725-1024x682.jpg 1024w, https:\/\/pasahoy.com.ar\/ph\/wp-content\/uploads\/2025\/06\/1000437725-300x200.jpg 300w, https:\/\/pasahoy.com.ar\/ph\/wp-content\/uploads\/2025\/06\/1000437725-768x512.jpg 768w, https:\/\/pasahoy.com.ar\/ph\/wp-content\/uploads\/2025\/06\/1000437725.jpg 1280w\" sizes=\"auto, (max-width: 1024px) 100vw, 1024px\" \/><\/figure>\n<\/figure>\n\n\n\n<p>Bajo el lema \u201cPor m\u00e1s espacios libres de bullying\u201d, este viernes se llev\u00f3 a cabo el 2\u00b0 Encuentro Intersectorial \u201cVoces Federales\u201d en el Colegio Provincial N\u00b010. La jornada tuvo como prop\u00f3sito generar espacios de intercambio y construcci\u00f3n colectiva sobre la problem\u00e1tica, con una participaci\u00f3n activa de estudiantes, docentes y actores territoriales.<br>Durante el encuentro, se abordaron inquietudes surgidas en instancias previas de trabajo escolar, donde los estudiantes, acompa\u00f1ados por sus docentes, reflexionaron sobre sus vivencias, intercambiaron aprendizajes y compartieron propuestas para mejorar la convivencia en las escuelas.<br>Las y los estudiantes expusieron las producciones realizadas en el marco de la iniciativa \u201cEspacios libres de Bullying\u201d e intercambiaron puntos de vista con otros participantes. A su vez, las autoridades presentes renovaron el compromiso de continuar promoviendo el di\u00e1logo y la articulaci\u00f3n intersectorial, con el objetivo de fortalecer las pol\u00edticas p\u00fablicas desde una perspectiva territorial.<\/p>\n\n\n\n<p><em>Construcci\u00f3n colectiva<\/em><br>El ministro de Educaci\u00f3n, Ariel Mart\u00ednez, agradeci\u00f3 el trabajo sostenido que permiti\u00f3 concretar por segunda vez este espacio y, en ese marco, sostuvo que \u201ctenemos la obligaci\u00f3n de construir un futuro diferente y para eso es importante escucharnos, escuchar las voces de ustedes, los estudiantes, y trabajar en una construcci\u00f3n colectiva, con respeto, con igualdad, con diversidad, con una mirada de resguardo y garant\u00eda de derechos\u201d.<br>Por su parte, el ministro de Desarrollo, Igualdad e Integraci\u00f3n Social, Alfredo Menem, destac\u00f3 la relevancia de estas instancias y destac\u00f3 que \u201cpara nuestra cartera es muy importante participar de estas iniciativas. Cada vez que intervenimos en tem\u00e1ticas como esta, aprendemos en base a la realidad que ustedes viven. Hoy nos vamos fortalecidos, con m\u00e1s ganas de hacer gesti\u00f3n y de seguir construyendo un Estado presente\u201d.<br>A su turno, la directora del establecimiento anfitri\u00f3n, Nancy Carrizo, tambi\u00e9n valor\u00f3 la experiencia y remarc\u00f3 que \u201cla tem\u00e1tica del bullying nos atraviesa y nos involucra a todos. Este encuentro es una forma de responder a las problem\u00e1ticas y demandas que nuestros estudiantes plantean. La jornada fue fruct\u00edfera, pero esto no termina aqu\u00ed: seguiremos trabajando en las aulas y junto a todas las entidades comprometidas con el tema\u201d.<br>De la actividad participaron tambi\u00e9n el subsecretario de Programas Socioeducativos Intersectoriales, Mario Rosales, docentes, equipos t\u00e9cnicos, referentes institucionales y actores territoriales de diferentes \u00e1reas.<\/p>\n","protected":false},"excerpt":{"rendered":"<p>En el 2\u00b0 Encuentro Intersectorial \u201cVoces Federales\u201d, realizado en el Colegio Provincial N\u00b010, se compartieron experiencias y propuestas impulsadas por estudiantes en torno a la convivencia escolar. Participaron funcionarios provinciales y referentes de diversas \u00e1reas. Bajo el lema \u201cPor m\u00e1s espacios libres de bullying\u201d, este viernes se llev\u00f3 a cabo el 2\u00b0 Encuentro Intersectorial \u201cVoces [&hellip;]<\/p>\n","protected":false},"author":3,"featured_media":3147,"comment_status":"open","ping_status":"open","sticky":false,"template":"","format":"standard","meta":{"_jetpack_memberships_contains_paid_content":false,"footnotes":""},"categories":[1],"tags":[],"class_list":["post-3146","post","type-post","status-publish","format-standard","has-post-thumbnail","hentry","category-local"],"jetpack_featured_media_url":"https:\/\/pasahoy.com.ar\/ph\/wp-content\/uploads\/2025\/06\/1000437719.jpg","jetpack_sharing_enabled":true,"_links":{"self":[{"href":"https:\/\/pasahoy.com.ar\/ph\/wp-json\/wp\/v2\/posts\/3146","targetHints":{"allow":["GET"]}}],"collection":[{"href":"https:\/\/pasahoy.com.ar\/ph\/wp-json\/wp\/v2\/posts"}],"about":[{"href":"https:\/\/pasahoy.com.ar\/ph\/wp-json\/wp\/v2\/types\/post"}],"author":[{"embeddable":true,"href":"https:\/\/pasahoy.com.ar\/ph\/wp-json\/wp\/v2\/users\/3"}],"replies":[{"embeddable":true,"href":"https:\/\/pasahoy.com.ar\/ph\/wp-json\/wp\/v2\/comments?post=3146"}],"version-history":[{"count":1,"href":"https:\/\/pasahoy.com.ar\/ph\/wp-json\/wp\/v2\/posts\/3146\/revisions"}],"predecessor-version":[{"id":3152,"href":"https:\/\/pasahoy.com.ar\/ph\/wp-json\/wp\/v2\/posts\/3146\/revisions\/3152"}],"wp:featuredmedia":[{"embeddable":true,"href":"https:\/\/pasahoy.com.ar\/ph\/wp-json\/wp\/v2\/media\/3147"}],"wp:attachment":[{"href":"https:\/\/pasahoy.com.ar\/ph\/wp-json\/wp\/v2\/media?parent=3146"}],"wp:term":[{"taxonomy":"category","embeddable":true,"href":"https:\/\/pasahoy.com.ar\/ph\/wp-json\/wp\/v2\/categories?post=3146"},{"taxonomy":"post_tag","embeddable":true,"href":"https:\/\/pasahoy.com.ar\/ph\/wp-json\/wp\/v2\/tags?post=3146"}],"curies":[{"name":"wp","href":"https:\/\/api.w.org\/{rel}","templated":true}]}}