{"id":3142,"date":"2025-06-19T21:33:57","date_gmt":"2025-06-19T21:33:57","guid":{"rendered":"https:\/\/pasahoy.com.ar\/ph\/?p=3142"},"modified":"2025-06-19T21:33:57","modified_gmt":"2025-06-19T21:33:57","slug":"la-rioja-se-posiciona-como-nuevo-actor-estrategico-en-la-industria-del-litio-regional","status":"publish","type":"post","link":"https:\/\/pasahoy.com.ar\/ph\/la-rioja-se-posiciona-como-nuevo-actor-estrategico-en-la-industria-del-litio-regional\/","title":{"rendered":"La Rioja se posiciona como nuevo actor estrat\u00e9gico en la industria del litio regional"},"content":{"rendered":"\n<p><em>En el Congreso de Litio en Latinoam\u00e9rica 2025, la Provincia expuso sus proyectos de prospecci\u00f3n y destac\u00f3 su potencial como futuro polo de desarrollo minero.<\/em><\/p>\n\n\n\n<figure class=\"wp-block-gallery has-nested-images columns-default is-cropped wp-block-gallery-1 is-layout-flex wp-block-gallery-is-layout-flex\">\n<figure class=\"wp-block-image size-large\"><img loading=\"lazy\" decoding=\"async\" width=\"1024\" height=\"768\" data-id=\"3144\" src=\"https:\/\/pasahoy.com.ar\/ph\/wp-content\/uploads\/2025\/06\/1000437730-1024x768.jpg\" alt=\"\" class=\"wp-image-3144\" srcset=\"https:\/\/pasahoy.com.ar\/ph\/wp-content\/uploads\/2025\/06\/1000437730-1024x768.jpg 1024w, https:\/\/pasahoy.com.ar\/ph\/wp-content\/uploads\/2025\/06\/1000437730-300x225.jpg 300w, https:\/\/pasahoy.com.ar\/ph\/wp-content\/uploads\/2025\/06\/1000437730-768x576.jpg 768w, https:\/\/pasahoy.com.ar\/ph\/wp-content\/uploads\/2025\/06\/1000437730-1536x1152.jpg 1536w, https:\/\/pasahoy.com.ar\/ph\/wp-content\/uploads\/2025\/06\/1000437730.jpg 1600w\" sizes=\"auto, (max-width: 1024px) 100vw, 1024px\" \/><\/figure>\n\n\n\n<figure class=\"wp-block-image size-large\"><img loading=\"lazy\" decoding=\"async\" width=\"634\" height=\"495\" data-id=\"3143\" src=\"https:\/\/pasahoy.com.ar\/ph\/wp-content\/uploads\/2025\/06\/1000437729.jpg\" alt=\"\" class=\"wp-image-3143\" srcset=\"https:\/\/pasahoy.com.ar\/ph\/wp-content\/uploads\/2025\/06\/1000437729.jpg 634w, https:\/\/pasahoy.com.ar\/ph\/wp-content\/uploads\/2025\/06\/1000437729-300x234.jpg 300w\" sizes=\"auto, (max-width: 634px) 100vw, 634px\" \/><\/figure>\n<\/figure>\n\n\n\n<p>La provincia de La Rioja tuvo una destacada participaci\u00f3n en el Congreso de Litio en Latinoam\u00e9rica 2025, que se llev\u00f3 a cabo en la ciudad de Buenos Aires y reuni\u00f3 a referentes del sector minero de todo el continente. En ese marco, se presentaron los avances en materia de prospecci\u00f3n y se puso en valor el potencial del territorio riojano para el desarrollo de esta industria clave en la transici\u00f3n energ\u00e9tica.<br>La exposici\u00f3n estuvo a cargo de Walter G\u00f3mez, presidente de Energ\u00eda y Minerales Sociedad del Estado (EMSE), quien brind\u00f3 un panorama detallado sobre los trabajos exploratorios que se est\u00e1n llevando adelante en diversas zonas del Oeste provincial. El titular de la empresa estatal explic\u00f3 que actualmente se realizan estudios geol\u00f3gicos y t\u00e9cnicos de base para identificar \u00e1reas con potencial lit\u00edfero, lo que permitir\u00e1 establecer prioridades para las futuras etapas de exploraci\u00f3n.<\/p>\n\n\n\n<p><em>Desarrollo sustentable<\/em><br>Durante su intervenci\u00f3n, G\u00f3mez subray\u00f3 la importancia del litio como recurso estrat\u00e9gico para un modelo energ\u00e9tico sustentable, y destac\u00f3 la decisi\u00f3n del Gobierno de La Rioja de \u201cimpulsar un modelo de desarrollo sustentable, con \u00e9nfasis en la atracci\u00f3n de inversiones, el respeto ambiental y la generaci\u00f3n de empleo local\u201d.<br>La participaci\u00f3n en este congreso internacional se enmarca en una pol\u00edtica activa de promoci\u00f3n del potencial minero provincial, con el objetivo de consolidar v\u00ednculos con actores del sector y posicionar a La Rioja como un nuevo referente en el mapa del litio en Am\u00e9rica Latina.<br>En paralelo, EMSE avanza con los proyectos Zeolita y Benjam\u00edn, enfocados en tareas de prospecci\u00f3n para futuras iniciativas de exploraci\u00f3n en distintos puntos del territorio provincial.<\/p>\n","protected":false},"excerpt":{"rendered":"<p>En el Congreso de Litio en Latinoam\u00e9rica 2025, la Provincia expuso sus proyectos de prospecci\u00f3n y destac\u00f3 su potencial como futuro polo de desarrollo minero. La provincia de La Rioja tuvo una destacada participaci\u00f3n en el Congreso de Litio en Latinoam\u00e9rica 2025, que se llev\u00f3 a cabo en la ciudad de Buenos Aires y reuni\u00f3 [&hellip;]<\/p>\n","protected":false},"author":3,"featured_media":3144,"comment_status":"open","ping_status":"open","sticky":false,"template":"","format":"standard","meta":{"_jetpack_memberships_contains_paid_content":false,"footnotes":""},"categories":[1],"tags":[],"class_list":["post-3142","post","type-post","status-publish","format-standard","has-post-thumbnail","hentry","category-local"],"jetpack_featured_media_url":"https:\/\/pasahoy.com.ar\/ph\/wp-content\/uploads\/2025\/06\/1000437730.jpg","jetpack_sharing_enabled":true,"_links":{"self":[{"href":"https:\/\/pasahoy.com.ar\/ph\/wp-json\/wp\/v2\/posts\/3142","targetHints":{"allow":["GET"]}}],"collection":[{"href":"https:\/\/pasahoy.com.ar\/ph\/wp-json\/wp\/v2\/posts"}],"about":[{"href":"https:\/\/pasahoy.com.ar\/ph\/wp-json\/wp\/v2\/types\/post"}],"author":[{"embeddable":true,"href":"https:\/\/pasahoy.com.ar\/ph\/wp-json\/wp\/v2\/users\/3"}],"replies":[{"embeddable":true,"href":"https:\/\/pasahoy.com.ar\/ph\/wp-json\/wp\/v2\/comments?post=3142"}],"version-history":[{"count":1,"href":"https:\/\/pasahoy.com.ar\/ph\/wp-json\/wp\/v2\/posts\/3142\/revisions"}],"predecessor-version":[{"id":3145,"href":"https:\/\/pasahoy.com.ar\/ph\/wp-json\/wp\/v2\/posts\/3142\/revisions\/3145"}],"wp:featuredmedia":[{"embeddable":true,"href":"https:\/\/pasahoy.com.ar\/ph\/wp-json\/wp\/v2\/media\/3144"}],"wp:attachment":[{"href":"https:\/\/pasahoy.com.ar\/ph\/wp-json\/wp\/v2\/media?parent=3142"}],"wp:term":[{"taxonomy":"category","embeddable":true,"href":"https:\/\/pasahoy.com.ar\/ph\/wp-json\/wp\/v2\/categories?post=3142"},{"taxonomy":"post_tag","embeddable":true,"href":"https:\/\/pasahoy.com.ar\/ph\/wp-json\/wp\/v2\/tags?post=3142"}],"curies":[{"name":"wp","href":"https:\/\/api.w.org\/{rel}","templated":true}]}}