{"id":3136,"date":"2025-06-19T20:07:57","date_gmt":"2025-06-19T20:07:57","guid":{"rendered":"https:\/\/pasahoy.com.ar\/ph\/?p=3136"},"modified":"2025-06-19T20:07:57","modified_gmt":"2025-06-19T20:07:57","slug":"lourdes-ortiz-nego-aprietes-en-la-marcha-en-defensa-a-cristina-kircher","status":"publish","type":"post","link":"https:\/\/pasahoy.com.ar\/ph\/lourdes-ortiz-nego-aprietes-en-la-marcha-en-defensa-a-cristina-kircher\/","title":{"rendered":"Lourdes Ortiz neg\u00f3 aprietes en la marcha en defensa a Cristina Kircher"},"content":{"rendered":"\n<p>La diputada provincial rechaz\u00f3 con firmeza las acusaciones de sectores de la oposici\u00f3n que denunciaron presuntas presiones a trabajadores estatales para asistir a la movilizaci\u00f3n realizada este mi\u00e9rcoles en La Rioja, en respaldo a Cristina Fern\u00e1ndez de Kirchner y en defensa del sistema democr\u00e1tico.<\/p>\n\n\n\n<p>La legisladora peronista defendi\u00f3 el car\u00e1cter voluntario y consciente de la convocatoria, y asegur\u00f3 que se trat\u00f3 de una \u201cexpresi\u00f3n genuina\u201d de la militancia y del pueblo riojano ante un momento cr\u00edtico para la democracia argentina.<\/p>\n\n\n\n<p>\u201cEscuch\u00e9 y le\u00ed muchos comentarios malintencionados que intentan deslegitimar lo que fue una jornada hist\u00f3rica. A quienes insin\u00faan o dicen directamente que hubo trabajadores obligados a participar, los invito a dar nombres y apellidos. Que digan con claridad qui\u00e9n oblig\u00f3 a qui\u00e9n, y que lo sostengan p\u00fablicamente. Porque en la calle, en la conversaci\u00f3n real con la comunidad, ese relato se cae solo\u201d, afirm\u00f3 Ortiz. <\/p>\n\n\n\n<p>La diputada particip\u00f3 de la concentraci\u00f3n que tuvo lugar en el Parque de Juventudes, donde cientos de personas se movilizaron bajo consignas de apoyo a la expresidenta y en rechazo a los intentos de proscripci\u00f3n de su figura por parte del Poder Judicial. Seg\u00fan explic\u00f3, la marcha fue convocada con un fuerte componente de conciencia pol\u00edtica y compromiso social, no por imposici\u00f3n ni por prebendas.<\/p>\n\n\n\n<p>\u201cQuienes estuvimos all\u00ed sab\u00edamos por qu\u00e9 est\u00e1bamos. Hubo una necesidad de expresi\u00f3n y de encuentro. La consigna fue clara: defender la democracia, respaldar a Cristina y responder al llamado de nuestro gobernador Ricardo Quintela, que nos pidi\u00f3 tener una actitud convocante, comprometida. No hubo ni amenazas ni beneficios de por medio, solo militancia real\u201d, expres\u00f3.<\/p>\n\n\n\n<p>Ortiz se\u00f1al\u00f3 que este tipo de denuncias infundadas se repiten cada vez que el peronismo moviliza, especialmente cuando lo hace con contundencia. \u201cEs una estrategia desgastada, que la oposici\u00f3n usa para intentar tapar su propia falta de propuestas. No tienen nada nuevo que decir, entonces recurren al discurso de la victimizaci\u00f3n y la sospecha. Pero la gente no es tonta. Sabe distinguir cu\u00e1ndo una marcha nace de la convicci\u00f3n y cu\u00e1ndo es forzada. Y esta fue una movilizaci\u00f3n masiva, leg\u00edtima y profundamente pol\u00edtica\u201d, sostuvo.<\/p>\n\n\n\n<p>Adem\u00e1s, cuestion\u00f3 el papel de la oposici\u00f3n local, a la que calific\u00f3 como \u201cvac\u00eda de ideas y alejada de la realidad riojana\u201d. \u201cDesde hace tiempo vemos que no hay un debate serio por parte de los sectores opositores. En la Legislatura no presentan proyectos, no abren discusiones, solo se oponen por oponerse. Y cuando el peronismo se expresa, recurren al discurso del apriete para deslegitimar una manifestaci\u00f3n popular. Es un recurso cobarde y falto de argumentos\u201d, asegur\u00f3.<\/p>\n\n\n\n<figure class=\"wp-block-gallery has-nested-images columns-default is-cropped wp-block-gallery-1 is-layout-flex wp-block-gallery-is-layout-flex\">\n<figure class=\"wp-block-image size-large\"><img loading=\"lazy\" decoding=\"async\" width=\"1024\" height=\"704\" data-id=\"3137\" src=\"https:\/\/pasahoy.com.ar\/ph\/wp-content\/uploads\/2025\/06\/1000437546-1024x704.png\" alt=\"\" class=\"wp-image-3137\" srcset=\"https:\/\/pasahoy.com.ar\/ph\/wp-content\/uploads\/2025\/06\/1000437546-1024x704.png 1024w, https:\/\/pasahoy.com.ar\/ph\/wp-content\/uploads\/2025\/06\/1000437546-300x206.png 300w, https:\/\/pasahoy.com.ar\/ph\/wp-content\/uploads\/2025\/06\/1000437546-768x528.png 768w, https:\/\/pasahoy.com.ar\/ph\/wp-content\/uploads\/2025\/06\/1000437546.png 1080w\" sizes=\"auto, (max-width: 1024px) 100vw, 1024px\" \/><\/figure>\n<\/figure>\n","protected":false},"excerpt":{"rendered":"<p>La diputada provincial rechaz\u00f3 con firmeza las acusaciones de sectores de la oposici\u00f3n que denunciaron presuntas presiones a trabajadores estatales para asistir a la movilizaci\u00f3n realizada este mi\u00e9rcoles en La Rioja, en respaldo a Cristina Fern\u00e1ndez de Kirchner y en defensa del sistema democr\u00e1tico. La legisladora peronista defendi\u00f3 el car\u00e1cter voluntario y consciente de la [&hellip;]<\/p>\n","protected":false},"author":3,"featured_media":3137,"comment_status":"open","ping_status":"open","sticky":false,"template":"","format":"standard","meta":{"_jetpack_memberships_contains_paid_content":false,"footnotes":""},"categories":[1],"tags":[],"class_list":["post-3136","post","type-post","status-publish","format-standard","has-post-thumbnail","hentry","category-local"],"jetpack_featured_media_url":"https:\/\/pasahoy.com.ar\/ph\/wp-content\/uploads\/2025\/06\/1000437546.png","jetpack_sharing_enabled":true,"_links":{"self":[{"href":"https:\/\/pasahoy.com.ar\/ph\/wp-json\/wp\/v2\/posts\/3136","targetHints":{"allow":["GET"]}}],"collection":[{"href":"https:\/\/pasahoy.com.ar\/ph\/wp-json\/wp\/v2\/posts"}],"about":[{"href":"https:\/\/pasahoy.com.ar\/ph\/wp-json\/wp\/v2\/types\/post"}],"author":[{"embeddable":true,"href":"https:\/\/pasahoy.com.ar\/ph\/wp-json\/wp\/v2\/users\/3"}],"replies":[{"embeddable":true,"href":"https:\/\/pasahoy.com.ar\/ph\/wp-json\/wp\/v2\/comments?post=3136"}],"version-history":[{"count":1,"href":"https:\/\/pasahoy.com.ar\/ph\/wp-json\/wp\/v2\/posts\/3136\/revisions"}],"predecessor-version":[{"id":3138,"href":"https:\/\/pasahoy.com.ar\/ph\/wp-json\/wp\/v2\/posts\/3136\/revisions\/3138"}],"wp:featuredmedia":[{"embeddable":true,"href":"https:\/\/pasahoy.com.ar\/ph\/wp-json\/wp\/v2\/media\/3137"}],"wp:attachment":[{"href":"https:\/\/pasahoy.com.ar\/ph\/wp-json\/wp\/v2\/media?parent=3136"}],"wp:term":[{"taxonomy":"category","embeddable":true,"href":"https:\/\/pasahoy.com.ar\/ph\/wp-json\/wp\/v2\/categories?post=3136"},{"taxonomy":"post_tag","embeddable":true,"href":"https:\/\/pasahoy.com.ar\/ph\/wp-json\/wp\/v2\/tags?post=3136"}],"curies":[{"name":"wp","href":"https:\/\/api.w.org\/{rel}","templated":true}]}}