{"id":3133,"date":"2025-06-19T20:01:20","date_gmt":"2025-06-19T20:01:20","guid":{"rendered":"https:\/\/pasahoy.com.ar\/ph\/?p=3133"},"modified":"2025-06-19T20:01:37","modified_gmt":"2025-06-19T20:01:37","slug":"moyano-cerro-la-paritaria-de-camioneros-1-de-aumento-mensual-y-un-bono-para-compensar","status":"publish","type":"post","link":"https:\/\/pasahoy.com.ar\/ph\/moyano-cerro-la-paritaria-de-camioneros-1-de-aumento-mensual-y-un-bono-para-compensar\/","title":{"rendered":"Moyano cerr\u00f3 la paritaria de Camioneros: 1% de aumento mensual y un bono para compensar"},"content":{"rendered":"\n<p>El gremio de Camioneros acord\u00f3 un aumento del 3% para el pr\u00f3ximo trimestre. Ser\u00e1 en tres cuotas del 1% y se suma una suma fija no remunerativa de $45.000.<\/p>\n\n\n\n<p>La\u00a0<strong>Federaci\u00f3n Nacional de Camioneros<\/strong>, que encabeza\u00a0<strong>Hugo Moyano<\/strong>, acord\u00f3 con las c\u00e1maras empresarias del sector un\u00a0<strong>aumento de salarios del 3%\u00a0<\/strong>para el trimestre junio, julio y agosto, que se abonar\u00e1\u00a0<strong>en tres cuotas mensuales del 1%<\/strong>, en l\u00ednea con la pauta fijada por la\u00a0<strong>Secretar\u00eda de Trabajo de la Naci\u00f3n.<\/strong> <\/p>\n\n\n\n<p>El acuerdo paritario, que ahora debe ser homologado por la Secretar\u00eda, establece adem\u00e1s el pago de\u00a0<strong>una suma fija no remunerativa de $45.000<\/strong>\u00a0que se pagar\u00e1\u00a0<strong>por \u00fanica vez con los salarios de junio<\/strong>, confirmaron fuentes sindicales.<\/p>\n\n\n\n<p>El gremio de camioneros suscribi\u00f3 el acuerdo por el sector gremial, mientras que por la parte empresaria lo firmaron la Federaci\u00f3n Argentina de Entidades de Transporte y Log\u00edstica (<strong>FAETYL<\/strong>), la Federaci\u00f3n Argentina de Entidades Empresarias del Autotransporte de Cargas (<strong>FADEEAC<\/strong>) y la Confederaci\u00f3n Argentina del Transporte Automotor de Cargas (<strong>CATAC<\/strong>).<\/p>\n\n\n\n<p>El acuerdo paritario contempla asimismo un&nbsp;<strong>aporte empresarial por \u00fanica vez de $18.500 por trabajador<\/strong>&nbsp;para a la Obra Social de Choferes de Camiones (<strong>Oschoca<\/strong>) que sobre una base de&nbsp;<strong>100.000 afiliados<\/strong>&nbsp;implicar\u00eda unos&nbsp;<strong>$ 1.850 millones<\/strong>&nbsp;para la entidad que atiende la salud de los trabajadores camioneros.<\/p>\n\n\n\n<p>Moyano hab\u00eda acordado para el trimestre anterior un incremento salarial de 3,2 por ciento, tambi\u00e9n en tres cuotas, a raz\u00f3n de 1,2 por ciento en marzo, 1 por ciento en abril y 1 por ciento en mayo, que&nbsp;<strong>quedo debajo de los \u00edndices inflacionarios<\/strong>&nbsp;que en ese segmento ascendieron a un 8 por ciento.<\/p>\n\n\n\n<p>Fuentes del sindicato advirtieron que la suma no remunerativa de $45.000 servir\u00eda para\u00a0<strong>amortiguar el desfasaje con la inflaci\u00f3n del trimestre anterior.<\/strong><\/p>\n\n\n\n<figure class=\"wp-block-gallery has-nested-images columns-default is-cropped wp-block-gallery-1 is-layout-flex wp-block-gallery-is-layout-flex\">\n<figure class=\"wp-block-image size-large\"><img loading=\"lazy\" decoding=\"async\" width=\"1024\" height=\"707\" data-id=\"3134\" src=\"https:\/\/pasahoy.com.ar\/ph\/wp-content\/uploads\/2025\/06\/1000437545-1024x707.png\" alt=\"\" class=\"wp-image-3134\" srcset=\"https:\/\/pasahoy.com.ar\/ph\/wp-content\/uploads\/2025\/06\/1000437545-1024x707.png 1024w, https:\/\/pasahoy.com.ar\/ph\/wp-content\/uploads\/2025\/06\/1000437545-300x207.png 300w, https:\/\/pasahoy.com.ar\/ph\/wp-content\/uploads\/2025\/06\/1000437545-768x530.png 768w, https:\/\/pasahoy.com.ar\/ph\/wp-content\/uploads\/2025\/06\/1000437545.png 1059w\" sizes=\"auto, (max-width: 1024px) 100vw, 1024px\" \/><\/figure>\n<\/figure>\n","protected":false},"excerpt":{"rendered":"<p>El gremio de Camioneros acord\u00f3 un aumento del 3% para el pr\u00f3ximo trimestre. Ser\u00e1 en tres cuotas del 1% y se suma una suma fija no remunerativa de $45.000. La\u00a0Federaci\u00f3n Nacional de Camioneros, que encabeza\u00a0Hugo Moyano, acord\u00f3 con las c\u00e1maras empresarias del sector un\u00a0aumento de salarios del 3%\u00a0para el trimestre junio, julio y agosto, que [&hellip;]<\/p>\n","protected":false},"author":3,"featured_media":3134,"comment_status":"open","ping_status":"open","sticky":false,"template":"","format":"standard","meta":{"_jetpack_memberships_contains_paid_content":false,"footnotes":""},"categories":[2],"tags":[],"class_list":["post-3133","post","type-post","status-publish","format-standard","has-post-thumbnail","hentry","category-nacional"],"jetpack_featured_media_url":"https:\/\/pasahoy.com.ar\/ph\/wp-content\/uploads\/2025\/06\/1000437545.png","jetpack_sharing_enabled":true,"_links":{"self":[{"href":"https:\/\/pasahoy.com.ar\/ph\/wp-json\/wp\/v2\/posts\/3133","targetHints":{"allow":["GET"]}}],"collection":[{"href":"https:\/\/pasahoy.com.ar\/ph\/wp-json\/wp\/v2\/posts"}],"about":[{"href":"https:\/\/pasahoy.com.ar\/ph\/wp-json\/wp\/v2\/types\/post"}],"author":[{"embeddable":true,"href":"https:\/\/pasahoy.com.ar\/ph\/wp-json\/wp\/v2\/users\/3"}],"replies":[{"embeddable":true,"href":"https:\/\/pasahoy.com.ar\/ph\/wp-json\/wp\/v2\/comments?post=3133"}],"version-history":[{"count":1,"href":"https:\/\/pasahoy.com.ar\/ph\/wp-json\/wp\/v2\/posts\/3133\/revisions"}],"predecessor-version":[{"id":3135,"href":"https:\/\/pasahoy.com.ar\/ph\/wp-json\/wp\/v2\/posts\/3133\/revisions\/3135"}],"wp:featuredmedia":[{"embeddable":true,"href":"https:\/\/pasahoy.com.ar\/ph\/wp-json\/wp\/v2\/media\/3134"}],"wp:attachment":[{"href":"https:\/\/pasahoy.com.ar\/ph\/wp-json\/wp\/v2\/media?parent=3133"}],"wp:term":[{"taxonomy":"category","embeddable":true,"href":"https:\/\/pasahoy.com.ar\/ph\/wp-json\/wp\/v2\/categories?post=3133"},{"taxonomy":"post_tag","embeddable":true,"href":"https:\/\/pasahoy.com.ar\/ph\/wp-json\/wp\/v2\/tags?post=3133"}],"curies":[{"name":"wp","href":"https:\/\/api.w.org\/{rel}","templated":true}]}}