{"id":3130,"date":"2025-06-19T19:57:25","date_gmt":"2025-06-19T19:57:25","guid":{"rendered":"https:\/\/pasahoy.com.ar\/ph\/?p=3130"},"modified":"2025-06-19T19:57:38","modified_gmt":"2025-06-19T19:57:38","slug":"la-justicia-reconocio-el-derecho-a-la-identidad-de-genero-de-una-ciudadana-de-chepes","status":"publish","type":"post","link":"https:\/\/pasahoy.com.ar\/ph\/la-justicia-reconocio-el-derecho-a-la-identidad-de-genero-de-una-ciudadana-de-chepes\/","title":{"rendered":"LA JUSTICIA RECONOCI\u00d3 EL DERECHO A LA IDENTIDAD DE G\u00c9NERO DE UNA CIUDADANA DE CHEPES"},"content":{"rendered":"\n<p>La C\u00e1mara de Instancia \u00danica de la Quinta Circunscripci\u00f3n Judicial, con sede en la ciudad de Chepes, hizo lugar al pedido de rectificaci\u00f3n registral solicitado por una persona, en cumplimiento de lo establecido por la Ley de Identidad de G\u00e9nero.<\/p>\n\n\n\n<figure class=\"wp-block-gallery has-nested-images columns-default is-cropped wp-block-gallery-1 is-layout-flex wp-block-gallery-is-layout-flex\">\n<figure class=\"wp-block-image size-large\"><img loading=\"lazy\" decoding=\"async\" width=\"833\" height=\"561\" data-id=\"3131\" src=\"https:\/\/pasahoy.com.ar\/ph\/wp-content\/uploads\/2025\/06\/1000437153.png\" alt=\"\" class=\"wp-image-3131\" srcset=\"https:\/\/pasahoy.com.ar\/ph\/wp-content\/uploads\/2025\/06\/1000437153.png 833w, https:\/\/pasahoy.com.ar\/ph\/wp-content\/uploads\/2025\/06\/1000437153-300x202.png 300w, https:\/\/pasahoy.com.ar\/ph\/wp-content\/uploads\/2025\/06\/1000437153-768x517.png 768w\" sizes=\"auto, (max-width: 833px) 100vw, 833px\" \/><\/figure>\n<\/figure>\n\n\n\n<p>La resoluci\u00f3n fue dictada por la jueza de C\u00e1mara Dra. Mar\u00eda Alejandra L\u00f3pez, titular de la Sala Unipersonal N\u00b0 2, con la intervenci\u00f3n del secretario Dr. Miguel R. Ochoa. En su fallo, la magistrada autoriz\u00f3 la rectificaci\u00f3n del acta de nacimiento, DNI y dem\u00e1s registros p\u00fablicos y privados donde conste el sexo de la ciudadana, ordenando que se consigne \u201csexo: femenino\u201d conforme a su identidad de g\u00e9nero auto percibida.<\/p>\n\n\n\n<p>En su argumentaci\u00f3n, la jueza destac\u00f3 que el pedido se enmarca en lo dispuesto por la Ley Nacional N\u00b0 26.743, que garantiza el derecho de todas las personas al reconocimiento y desarrollo de su identidad de g\u00e9nero. Asimismo, valor\u00f3 que la solicitud fue presentada por medio de la Defensor\u00eda Oficial.<\/p>\n\n\n\n<p>El fallo subraya la vigencia de pol\u00edticas p\u00fablicas con enfoque de derechos humanos y perspectiva de g\u00e9nero, al se\u00f1alar que \u201cel respeto a la autonom\u00eda de la libre voluntad de la ciudadana, refleja su voluntad de elecci\u00f3n en b\u00fasqueda de justicia respecto de su autopercepci\u00f3n\u201d. En ese marco, se orden\u00f3 comunicar la decisi\u00f3n al Registro Civil y Capacidad de las Personas y dem\u00e1s organismos competentes.<\/p>\n\n\n\n<p>Esta sentencia reafirma el compromiso de la Funci\u00f3n Judicial riojana con el cumplimiento de los derechos consagrados en la Constituci\u00f3n Nacional, la Ley de Identidad de G\u00e9nero y los tratados internacionales de derechos humanos.<\/p>\n","protected":false},"excerpt":{"rendered":"<p>La C\u00e1mara de Instancia \u00danica de la Quinta Circunscripci\u00f3n Judicial, con sede en la ciudad de Chepes, hizo lugar al pedido de rectificaci\u00f3n registral solicitado por una persona, en cumplimiento de lo establecido por la Ley de Identidad de G\u00e9nero. La resoluci\u00f3n fue dictada por la jueza de C\u00e1mara Dra. Mar\u00eda Alejandra L\u00f3pez, titular de [&hellip;]<\/p>\n","protected":false},"author":3,"featured_media":3131,"comment_status":"open","ping_status":"open","sticky":false,"template":"","format":"standard","meta":{"_jetpack_memberships_contains_paid_content":false,"footnotes":""},"categories":[12],"tags":[],"class_list":["post-3130","post","type-post","status-publish","format-standard","has-post-thumbnail","hentry","category-judicial"],"jetpack_featured_media_url":"https:\/\/pasahoy.com.ar\/ph\/wp-content\/uploads\/2025\/06\/1000437153.png","jetpack_sharing_enabled":true,"_links":{"self":[{"href":"https:\/\/pasahoy.com.ar\/ph\/wp-json\/wp\/v2\/posts\/3130","targetHints":{"allow":["GET"]}}],"collection":[{"href":"https:\/\/pasahoy.com.ar\/ph\/wp-json\/wp\/v2\/posts"}],"about":[{"href":"https:\/\/pasahoy.com.ar\/ph\/wp-json\/wp\/v2\/types\/post"}],"author":[{"embeddable":true,"href":"https:\/\/pasahoy.com.ar\/ph\/wp-json\/wp\/v2\/users\/3"}],"replies":[{"embeddable":true,"href":"https:\/\/pasahoy.com.ar\/ph\/wp-json\/wp\/v2\/comments?post=3130"}],"version-history":[{"count":1,"href":"https:\/\/pasahoy.com.ar\/ph\/wp-json\/wp\/v2\/posts\/3130\/revisions"}],"predecessor-version":[{"id":3132,"href":"https:\/\/pasahoy.com.ar\/ph\/wp-json\/wp\/v2\/posts\/3130\/revisions\/3132"}],"wp:featuredmedia":[{"embeddable":true,"href":"https:\/\/pasahoy.com.ar\/ph\/wp-json\/wp\/v2\/media\/3131"}],"wp:attachment":[{"href":"https:\/\/pasahoy.com.ar\/ph\/wp-json\/wp\/v2\/media?parent=3130"}],"wp:term":[{"taxonomy":"category","embeddable":true,"href":"https:\/\/pasahoy.com.ar\/ph\/wp-json\/wp\/v2\/categories?post=3130"},{"taxonomy":"post_tag","embeddable":true,"href":"https:\/\/pasahoy.com.ar\/ph\/wp-json\/wp\/v2\/tags?post=3130"}],"curies":[{"name":"wp","href":"https:\/\/api.w.org\/{rel}","templated":true}]}}