{"id":3127,"date":"2025-06-19T19:56:22","date_gmt":"2025-06-19T19:56:22","guid":{"rendered":"https:\/\/pasahoy.com.ar\/ph\/?p=3127"},"modified":"2025-06-19T19:56:35","modified_gmt":"2025-06-19T19:56:35","slug":"la-justicia-proceso-a-tres-jovenes-por-fugarse-de-la-alcaidia","status":"publish","type":"post","link":"https:\/\/pasahoy.com.ar\/ph\/la-justicia-proceso-a-tres-jovenes-por-fugarse-de-la-alcaidia\/","title":{"rendered":"LA JUSTICIA PROCES\u00d3 A TRES J\u00d3VENES POR FUGARSE DE LA ALCAID\u00cdA"},"content":{"rendered":"\n<p>El Juzgado de Instrucci\u00f3n en lo Criminal y Correccional N.\u00ba 3, de la Primera Circunscripci\u00f3n Judicial con asiento en la ciudad de La Rioja, a cargo de la jueza Dra. Mar\u00eda Eugenia Torres, dict\u00f3 el procesamiento con prisi\u00f3n preventiva de Angelo M. F., Leandro M. N. y Mart\u00edn G. G. F., como supuestos coautores del delito de evasi\u00f3n.<\/p>\n\n\n\n<figure class=\"wp-block-gallery has-nested-images columns-default is-cropped wp-block-gallery-1 is-layout-flex wp-block-gallery-is-layout-flex\">\n<figure class=\"wp-block-image size-large\"><img loading=\"lazy\" decoding=\"async\" width=\"855\" height=\"563\" data-id=\"3128\" src=\"https:\/\/pasahoy.com.ar\/ph\/wp-content\/uploads\/2025\/06\/1000437154.png\" alt=\"\" class=\"wp-image-3128\" srcset=\"https:\/\/pasahoy.com.ar\/ph\/wp-content\/uploads\/2025\/06\/1000437154.png 855w, https:\/\/pasahoy.com.ar\/ph\/wp-content\/uploads\/2025\/06\/1000437154-300x198.png 300w, https:\/\/pasahoy.com.ar\/ph\/wp-content\/uploads\/2025\/06\/1000437154-768x506.png 768w\" sizes=\"auto, (max-width: 855px) 100vw, 855px\" \/><\/figure>\n<\/figure>\n\n\n\n<p>La medida judicial alcanza a tres hombres que, al momento del hecho, se encontraban legalmente detenidos en el pabell\u00f3n \u201cD\u201d de la Unidad Especial de Alcaid\u00eda de la Polic\u00eda Provincial, en el marco de diferentes causas penales en tr\u00e1mite por delitos contra la propiedad. Seg\u00fan se desprende del expediente, los imputados habr\u00edan forzado el techo de la celda, rompiendo el enrejado y las chapas, para luego darse a la fuga entre la madrugada y la ma\u00f1ana del 26 de diciembre de 2023.<\/p>\n\n\n\n<p>La resoluci\u00f3n fue adoptada luego de que la C\u00e1mara Tercera en lo Criminal y Correccional revocara un primer pronunciamiento por falta de fundamentaci\u00f3n, ordenando una nueva valoraci\u00f3n de los hechos. En esta oportunidad, la jueza consider\u00f3 acreditado con el grado de probabilidad exigido en esta etapa que los tres imputados actuaron con dominio del hecho, logrando efectivamente sustraerse del estado de detenci\u00f3n.<\/p>\n\n\n\n<p>Durante la investigaci\u00f3n se reunieron numerosas pruebas, incluyendo informes de guardia, inspecciones oculares, actas de allanamiento, testimonios del personal policial, pericias t\u00e9cnicas y registros fotogr\u00e1ficos del pabell\u00f3n afectado y del operativo de recaptura, que tuvo lugar al d\u00eda siguiente en un domicilio ubicado en la zona oeste de la ciudad.<\/p>\n\n\n\n<p>Si bien los imputados reconocieron el hecho en sus declaraciones ampliatorias, alegaron que actuaron motivados por las condiciones de detenci\u00f3n. La magistrada desestim\u00f3 la aplicaci\u00f3n del estado de necesidad justificante, argumentando que exist\u00edan v\u00edas legales adecuadas para denunciar posibles irregularidades sin recurrir a una acci\u00f3n il\u00edcita.<\/p>\n\n\n\n<p>Como parte de la resoluci\u00f3n, tambi\u00e9n se orden\u00f3 el embargo preventivo de los bienes de los tres procesados por un monto total de $1.500.000 y se dispuso que dos de ellos contin\u00faen detenidos en el Servicio Penitenciario Provincial. Respecto a Mart\u00edn G. G. F., se orden\u00f3 su inmediata detenci\u00f3n una vez firme la resoluci\u00f3n.<\/p>\n","protected":false},"excerpt":{"rendered":"<p>El Juzgado de Instrucci\u00f3n en lo Criminal y Correccional N.\u00ba 3, de la Primera Circunscripci\u00f3n Judicial con asiento en la ciudad de La Rioja, a cargo de la jueza Dra. Mar\u00eda Eugenia Torres, dict\u00f3 el procesamiento con prisi\u00f3n preventiva de Angelo M. F., Leandro M. N. y Mart\u00edn G. G. F., como supuestos coautores del [&hellip;]<\/p>\n","protected":false},"author":3,"featured_media":3128,"comment_status":"open","ping_status":"open","sticky":false,"template":"","format":"standard","meta":{"_jetpack_memberships_contains_paid_content":false,"footnotes":""},"categories":[12],"tags":[],"class_list":["post-3127","post","type-post","status-publish","format-standard","has-post-thumbnail","hentry","category-judicial"],"jetpack_featured_media_url":"https:\/\/pasahoy.com.ar\/ph\/wp-content\/uploads\/2025\/06\/1000437154.png","jetpack_sharing_enabled":true,"_links":{"self":[{"href":"https:\/\/pasahoy.com.ar\/ph\/wp-json\/wp\/v2\/posts\/3127","targetHints":{"allow":["GET"]}}],"collection":[{"href":"https:\/\/pasahoy.com.ar\/ph\/wp-json\/wp\/v2\/posts"}],"about":[{"href":"https:\/\/pasahoy.com.ar\/ph\/wp-json\/wp\/v2\/types\/post"}],"author":[{"embeddable":true,"href":"https:\/\/pasahoy.com.ar\/ph\/wp-json\/wp\/v2\/users\/3"}],"replies":[{"embeddable":true,"href":"https:\/\/pasahoy.com.ar\/ph\/wp-json\/wp\/v2\/comments?post=3127"}],"version-history":[{"count":1,"href":"https:\/\/pasahoy.com.ar\/ph\/wp-json\/wp\/v2\/posts\/3127\/revisions"}],"predecessor-version":[{"id":3129,"href":"https:\/\/pasahoy.com.ar\/ph\/wp-json\/wp\/v2\/posts\/3127\/revisions\/3129"}],"wp:featuredmedia":[{"embeddable":true,"href":"https:\/\/pasahoy.com.ar\/ph\/wp-json\/wp\/v2\/media\/3128"}],"wp:attachment":[{"href":"https:\/\/pasahoy.com.ar\/ph\/wp-json\/wp\/v2\/media?parent=3127"}],"wp:term":[{"taxonomy":"category","embeddable":true,"href":"https:\/\/pasahoy.com.ar\/ph\/wp-json\/wp\/v2\/categories?post=3127"},{"taxonomy":"post_tag","embeddable":true,"href":"https:\/\/pasahoy.com.ar\/ph\/wp-json\/wp\/v2\/tags?post=3127"}],"curies":[{"name":"wp","href":"https:\/\/api.w.org\/{rel}","templated":true}]}}