{"id":3121,"date":"2025-06-18T23:43:19","date_gmt":"2025-06-18T23:43:19","guid":{"rendered":"https:\/\/pasahoy.com.ar\/ph\/?p=3121"},"modified":"2025-06-18T23:43:40","modified_gmt":"2025-06-18T23:43:40","slug":"ajuste-de-milei-en-salud-58-400-pacientes-de-vih-se-pueden-quedar-sin-remedios-por-falta-de-stock-publico","status":"publish","type":"post","link":"https:\/\/pasahoy.com.ar\/ph\/ajuste-de-milei-en-salud-58-400-pacientes-de-vih-se-pueden-quedar-sin-remedios-por-falta-de-stock-publico\/","title":{"rendered":"Ajuste de Milei en salud: 58.400 pacientes de VIH se pueden quedar sin remedios por falta de stock p\u00fablico"},"content":{"rendered":"\n<p>El recorte de medicamentos\u00a0antirretrovirales se profundiz\u00f3 en los \u00faltimos meses y organizaciones de pacientes denuncian que ya no hay stocks de algunas drogas porque el Estado dej\u00f3 de comprar.<\/p>\n\n\n\n<p>Mientras se agudiza el ajuste a la salud p\u00fablica en los hospitales m\u00e1s importantes del pa\u00eds, el gobierno de\u00a0<a href=\"https:\/\/www.eldestapeweb.com\/politica\/javier-milei-presidente\/el-peronismo-los-indignados-y-los-datos-del-rechazo-al-sistema-politico-20256180557\">Javier Milei\u00a0<\/a>deja en riesgo a\u00a0<strong>m\u00e1s de 50 mil pacientes de VIH que necesitan medicamentos\u00a0<\/strong>para continuar con su tratamiento a partir de agosto porque el Estado est\u00e1 limitando el stock. Hay faltantes. En algunos casos, inclusive, no se registraron ni siquiera compras en los \u00faltimos meses, de acuerdo a un informe del\u00a0Observatorio de Acceso a Medicamentos (OAM) de Fundaci\u00f3n GEP.\u00a0<strong><em>El Destape<\/em><\/strong>\u00a0se comunic\u00f3 con el Ministerio de Salud pero no brindaron informaci\u00f3n que contrastara esos datos.\u00a0<\/p>\n\n\n\n<p>El Frente Nacional por la Salud de las Personas con VIH, Hepatitis y Tuberculosis alert\u00f3 hace apenas cuatro meses los alcances que pod\u00edan tener los despidos de Milei en\u00a0la\u00a0Direcci\u00f3n de Respuesta al VIH, ITS, Hepatitis virales y Tuberculosis. Un 40% de la planta de esa dependencia qued\u00f3 en la calle. En ese momento, desde el Ministerio de Salud aseguraban en off y p\u00fablicamente que esa \u00abreestructuraci\u00f3n\u00bb, no afectar\u00eda \u00abel funcionamiento ni cumplimiento de las responsabilidades de esta cartera\u00bb y que la decisi\u00f3n buscaba volver \u00abm\u00e1s eficientes\u00a0\u00e1reas que estaban sobredimensionadas por amiguismos de gobiernos de turnos y Fundaciones que se creen los due\u00f1os del Estado\u00bb.\u00a0<strong>Los primeros efectos de esa decisi\u00f3n se ven plasmados en este informe de GEP.<\/strong><\/p>\n\n\n\n<p>No nos olvidemos que esto viene del a\u00f1o anterior. Muchas de esas compras que nosotros est\u00e1bamos reclamando que no se estaban haciendo, finalmente no se hicieron. Nos dec\u00edan que estaban los expedientes en curso, los expedientes se demoraron, despu\u00e9s algunos se cayeron, otros nunca se iniciaron. La verdad que la situaci\u00f3n es muy preocupante\u00bb,<\/p>\n\n\n\n<p>subray\u00f3 Jos\u00e9 Di Bello,\u00a0presidente de la Fundaci\u00f3n Grupo Efecto Positivo e integrante del Frente Nacional VIH.\u00a0<\/p>\n\n\n\n<p><strong>La principal preocupaci\u00f3n por la provisi\u00f3n de\u00a0antirretrovirales gira en torno a\u00a0la situaci\u00f3n de Tenofovir 300 mg + Lamivudina 300 mg + Dolutegravir 50 mg,<\/strong>\u00a0medicamento del cual depende el tratamiento de m\u00e1s de 48.000 personas. Concretamente, en la Argentina hay m\u00e1s de 140 mil personas con VIH, de los cuales\u00a0el 87% conoce su diagn\u00f3stico.\u00a0De estos, casi 7 de cada 10 se atiende en el subsistema p\u00fablico de salud. Es decir, cerca de 70 mil personas se encuentran en tratamiento con antirretrovirales provistos por el subsistema de Salud P\u00fablico.<\/p>\n\n\n\n<p>De esas 70 mil personas, al menos 48 mil necesitan para sobrevivir estas tres drogas y otras\u00a010.500 personas requieren\u00a0Darunavir 800 mg + Ritonavir 100 mg. En este punto, el informe alerta que ellos est\u00e1n en una situaci\u00f3n de riesgo mayor, dado que<strong>\u00a0\u00abno se registran compras ni ampliaciones por los canales formales y habituales de informaci\u00f3n\u00bb\u00a0<\/strong>de este medicamento. Esos medicamentos por mes le cuestan a cada paciente que lo quiere comprar por su cuenta m\u00e1s de\u00a0<strong>$128.850 pesos argentinos. Eso al menos pag\u00f3 el Estado, pero en farmacias se consigue m\u00e1s caro.<\/strong> <\/p>\n\n\n\n<h2 class=\"wp-block-heading\">Compras directas<\/h2>\n\n\n\n<p>\u00abDecidimos no renovar muchos contratos de las direcciones de VIH y vacunas ya que estamos convencidos que hay que armar equipos de trabajo de otra manera:&nbsp;<strong>evitar las compras directas a un \u00fanico proveedor<\/strong>, evitar tirar vacunas e insumos por millones y millones de d\u00f3lares. Necesitamos equipos nuevos para los nuevos desaf\u00edos, no m\u00e1s de lo que qued\u00f3 demostrado que no funcion\u00f3\u00bb, explicaron a este medio desde el Ministerio de Salud cuando desmantelaron la Direcci\u00f3n de VIH y la de Vacunas.&nbsp;<strong>Desde GEP alertan ahora que, a pesar de la motosierra, se profundizaron las compras directas y \u00absin sentido\u00bb en m\u00e1s de un 70$.&nbsp;<\/strong><\/p>\n\n\n\n<p>Si se toma en cuenta la informaci\u00f3n de\u00a0<em>Comprar<\/em>, que es portal web donde\u00a0est\u00e1n publicadas todos los procesos de compra, no hay compras iniciadas y los tiempos\u00a0no les van a dar, por m\u00e1s que iniciaran ahora las compras. Sobre esto tambi\u00e9n es interesante mencionar que en el 2024, por todo el an\u00e1lisis que hicimos, el 75%, creo que en estos 13 a\u00f1os es la vez m\u00e1s alta, el porcentaje m\u00e1s alto,\u00a0<strong>el 75% de las compras que se hicieron, se hicieron como compras directas y argumentando exclusividad<\/strong>\u00ab, advirti\u00f3 Di Bello, quien aclara que en dogas espec\u00edficas, como\u00a0lamivudina dolutegravir, la provisi\u00f3n es mucho m\u00e1s simple y sin embargo no hay stock suficiente: \u00abArgentina hace ya unos tres a\u00f1os que compra a trav\u00e9s del mecanismo del fondo estrat\u00e9gico de la OPS, con lo cual se paga muy, muy, muy, muy barato. No se entiende por qu\u00e9 no est\u00e1n cursando esa operaci\u00f3n\u00bb <\/p>\n\n\n\n<p>A eso se le suma el ajuste presupuestario, dado que este va a ser el tercer a\u00f1o con las mismas partidas en la Direcci\u00f3n por las pr\u00f3rrogas de 2024 y 2025, con lo cual el poder de adquisici\u00f3n\u00a0<strong>mengu\u00f3 un 76%,<\/strong>\u00a0a pesar de que la mayor\u00eda de los medicamentos se compra a precio d\u00f3lar porque se compra a las farmac\u00e9uticas multinacionales.\u00a0<strong>\u00abExigimos que levanten el cepo a la informaci\u00f3n\u00bb, reclam\u00f3 GEP al denunciar que no est\u00e1n respondiendo a sus pedidos de informe para aclarar la situaci\u00f3n.<\/strong><\/p>\n\n\n\n<figure class=\"wp-block-gallery has-nested-images columns-default is-cropped wp-block-gallery-1 is-layout-flex wp-block-gallery-is-layout-flex\">\n<figure class=\"wp-block-image size-large\"><img loading=\"lazy\" decoding=\"async\" width=\"1024\" height=\"712\" data-id=\"3124\" src=\"https:\/\/pasahoy.com.ar\/ph\/wp-content\/uploads\/2025\/06\/1000435519-1024x712.png\" alt=\"\" class=\"wp-image-3124\" srcset=\"https:\/\/pasahoy.com.ar\/ph\/wp-content\/uploads\/2025\/06\/1000435519-1024x712.png 1024w, https:\/\/pasahoy.com.ar\/ph\/wp-content\/uploads\/2025\/06\/1000435519-300x209.png 300w, https:\/\/pasahoy.com.ar\/ph\/wp-content\/uploads\/2025\/06\/1000435519-768x534.png 768w, https:\/\/pasahoy.com.ar\/ph\/wp-content\/uploads\/2025\/06\/1000435519.png 1080w\" sizes=\"auto, (max-width: 1024px) 100vw, 1024px\" \/><\/figure>\n\n\n\n<figure class=\"wp-block-image size-large\"><img loading=\"lazy\" decoding=\"async\" width=\"931\" height=\"880\" data-id=\"3123\" src=\"https:\/\/pasahoy.com.ar\/ph\/wp-content\/uploads\/2025\/06\/1000435643.png\" alt=\"\" class=\"wp-image-3123\" srcset=\"https:\/\/pasahoy.com.ar\/ph\/wp-content\/uploads\/2025\/06\/1000435643.png 931w, https:\/\/pasahoy.com.ar\/ph\/wp-content\/uploads\/2025\/06\/1000435643-300x284.png 300w, https:\/\/pasahoy.com.ar\/ph\/wp-content\/uploads\/2025\/06\/1000435643-768x726.png 768w\" sizes=\"auto, (max-width: 931px) 100vw, 931px\" \/><\/figure>\n\n\n\n<figure class=\"wp-block-image size-large\"><img loading=\"lazy\" decoding=\"async\" width=\"903\" height=\"899\" data-id=\"3122\" src=\"https:\/\/pasahoy.com.ar\/ph\/wp-content\/uploads\/2025\/06\/1000435644.png\" alt=\"\" class=\"wp-image-3122\" srcset=\"https:\/\/pasahoy.com.ar\/ph\/wp-content\/uploads\/2025\/06\/1000435644.png 903w, https:\/\/pasahoy.com.ar\/ph\/wp-content\/uploads\/2025\/06\/1000435644-300x300.png 300w, https:\/\/pasahoy.com.ar\/ph\/wp-content\/uploads\/2025\/06\/1000435644-150x150.png 150w, https:\/\/pasahoy.com.ar\/ph\/wp-content\/uploads\/2025\/06\/1000435644-768x765.png 768w\" sizes=\"auto, (max-width: 903px) 100vw, 903px\" \/><\/figure>\n<\/figure>\n","protected":false},"excerpt":{"rendered":"<p>El recorte de medicamentos\u00a0antirretrovirales se profundiz\u00f3 en los \u00faltimos meses y organizaciones de pacientes denuncian que ya no hay stocks de algunas drogas porque el Estado dej\u00f3 de comprar. Mientras se agudiza el ajuste a la salud p\u00fablica en los hospitales m\u00e1s importantes del pa\u00eds, el gobierno de\u00a0Javier Milei\u00a0deja en riesgo a\u00a0m\u00e1s de 50 mil [&hellip;]<\/p>\n","protected":false},"author":3,"featured_media":3124,"comment_status":"open","ping_status":"open","sticky":false,"template":"","format":"standard","meta":{"_jetpack_memberships_contains_paid_content":false,"footnotes":""},"categories":[2],"tags":[],"class_list":["post-3121","post","type-post","status-publish","format-standard","has-post-thumbnail","hentry","category-nacional"],"jetpack_featured_media_url":"https:\/\/pasahoy.com.ar\/ph\/wp-content\/uploads\/2025\/06\/1000435519.png","jetpack_sharing_enabled":true,"_links":{"self":[{"href":"https:\/\/pasahoy.com.ar\/ph\/wp-json\/wp\/v2\/posts\/3121","targetHints":{"allow":["GET"]}}],"collection":[{"href":"https:\/\/pasahoy.com.ar\/ph\/wp-json\/wp\/v2\/posts"}],"about":[{"href":"https:\/\/pasahoy.com.ar\/ph\/wp-json\/wp\/v2\/types\/post"}],"author":[{"embeddable":true,"href":"https:\/\/pasahoy.com.ar\/ph\/wp-json\/wp\/v2\/users\/3"}],"replies":[{"embeddable":true,"href":"https:\/\/pasahoy.com.ar\/ph\/wp-json\/wp\/v2\/comments?post=3121"}],"version-history":[{"count":1,"href":"https:\/\/pasahoy.com.ar\/ph\/wp-json\/wp\/v2\/posts\/3121\/revisions"}],"predecessor-version":[{"id":3125,"href":"https:\/\/pasahoy.com.ar\/ph\/wp-json\/wp\/v2\/posts\/3121\/revisions\/3125"}],"wp:featuredmedia":[{"embeddable":true,"href":"https:\/\/pasahoy.com.ar\/ph\/wp-json\/wp\/v2\/media\/3124"}],"wp:attachment":[{"href":"https:\/\/pasahoy.com.ar\/ph\/wp-json\/wp\/v2\/media?parent=3121"}],"wp:term":[{"taxonomy":"category","embeddable":true,"href":"https:\/\/pasahoy.com.ar\/ph\/wp-json\/wp\/v2\/categories?post=3121"},{"taxonomy":"post_tag","embeddable":true,"href":"https:\/\/pasahoy.com.ar\/ph\/wp-json\/wp\/v2\/tags?post=3121"}],"curies":[{"name":"wp","href":"https:\/\/api.w.org\/{rel}","templated":true}]}}