{"id":3112,"date":"2025-06-18T22:36:24","date_gmt":"2025-06-18T22:36:24","guid":{"rendered":"https:\/\/pasahoy.com.ar\/ph\/?p=3112"},"modified":"2025-06-18T22:36:53","modified_gmt":"2025-06-18T22:36:53","slug":"trump-desplego-700-militares-en-florida-texas-y-luisiana-para-reforzar-los-operativos-contra-inmigrantes","status":"publish","type":"post","link":"https:\/\/pasahoy.com.ar\/ph\/trump-desplego-700-militares-en-florida-texas-y-luisiana-para-reforzar-los-operativos-contra-inmigrantes\/","title":{"rendered":"Trump despleg\u00f3 700 militares en Florida, Texas y Luisiana para reforzar los operativos contra inmigrantes"},"content":{"rendered":"\n<p>Brindar\u00e1n apoyo log\u00edstico en el procesamientos de migrantes indocumentados.<\/p>\n\n\n\n<p>El gobierno del presidente estadounidense,\u00a0<strong>Donald Trump<\/strong>, despleg\u00f3 a 700 militares hacia los estados de Florida, Texas y Luisiana para reforzar los operativos contra migrantes. Lo inform\u00f3 este martes el Pent\u00e1gono en un comunicado.<\/p>\n\n\n\n<p>Los efectivos, detall\u00f3 el Departamento de Defensa, \u201cbrindar\u00e1n apoyo log\u00edstico y realizar\u00e1n funciones administrativas asociadas con el procesamiento de migrantes indocumentados en centros de detenci\u00f3n\u201d del Servicio de Control de Inmigraci\u00f3n y Aduanas (ICE, en ingl\u00e9s) y no participar\u00e1n en tareas de orden p\u00fablico. <\/p>\n\n\n\n<p>El anuncio llega tras una ola de protestas a nivel nacional en rechazo a las pol\u00edticas migratorias del mandatario y el aumento en las detenciones de inmigrantes.<\/p>\n\n\n\n<h2 class=\"wp-block-heading\">Los \u00c1ngeles ces\u00f3 el toque de queda <\/h2>\n\n\n\n<p>Las manifestaciones comenzaron en Los \u00c1ngeles, donde las protestas fueron en su mayor\u00eda pac\u00edficas, aunque algunas resultaron en enfrentamientos violentos entre los manifestantes y la polic\u00eda.<\/p>\n\n\n\n<p>Las autoridades angelinas decretaron el toquen de queda la semana pasada, pero la medida ces\u00f3 este mismo martes. <\/p>\n\n\n\n<p>Trump orden\u00f3 el despliegue de militares y de miembros de la Guardia Nacional, estos \u00faltimos en contra de la voluntad del gobernador de California, el dem\u00f3crata\u00a0<strong>Gavin Newsom<\/strong>.<\/p>\n\n\n\n<p>Newsom se opuso a la militarizaci\u00f3n del estado. Su fiscal general demand\u00f3 al Gobierno del presidente republicano y lo acus\u00f3 de abuso de poder.<\/p>\n\n\n\n<p>Una corte orden\u00f3 a Trump que devolviera el control de la Guardia Nacional a California, aunque luego otro tribunal de apelaciones bloque\u00f3 de manera temporal ese fallo hasta escuchar m\u00e1s argumentos sobre el caso esta semana.<\/p>\n\n\n\n<p>En contraste, Texas, Florida y Luisiana, est\u00e1n gobernados por l\u00edderes republicanos. El gobernador de Texas,&nbsp;<strong>Greg Abbott<\/strong>, orden\u00f3 la semana pasada el despliegue de la Guardia Nacional en anticipaci\u00f3n a las protestas del fin de semana.<\/p>\n\n\n\n<figure class=\"wp-block-gallery has-nested-images columns-default is-cropped wp-block-gallery-1 is-layout-flex wp-block-gallery-is-layout-flex\">\n<figure class=\"wp-block-image size-large\"><img loading=\"lazy\" decoding=\"async\" width=\"938\" height=\"529\" data-id=\"3113\" src=\"https:\/\/pasahoy.com.ar\/ph\/wp-content\/uploads\/2025\/06\/1000435472.png\" alt=\"\" class=\"wp-image-3113\" srcset=\"https:\/\/pasahoy.com.ar\/ph\/wp-content\/uploads\/2025\/06\/1000435472.png 938w, https:\/\/pasahoy.com.ar\/ph\/wp-content\/uploads\/2025\/06\/1000435472-300x169.png 300w, https:\/\/pasahoy.com.ar\/ph\/wp-content\/uploads\/2025\/06\/1000435472-768x433.png 768w\" sizes=\"auto, (max-width: 938px) 100vw, 938px\" \/><\/figure>\n<\/figure>\n","protected":false},"excerpt":{"rendered":"<p>Brindar\u00e1n apoyo log\u00edstico en el procesamientos de migrantes indocumentados. El gobierno del presidente estadounidense,\u00a0Donald Trump, despleg\u00f3 a 700 militares hacia los estados de Florida, Texas y Luisiana para reforzar los operativos contra migrantes. Lo inform\u00f3 este martes el Pent\u00e1gono en un comunicado. Los efectivos, detall\u00f3 el Departamento de Defensa, \u201cbrindar\u00e1n apoyo log\u00edstico y realizar\u00e1n funciones [&hellip;]<\/p>\n","protected":false},"author":3,"featured_media":3113,"comment_status":"open","ping_status":"open","sticky":false,"template":"","format":"standard","meta":{"_jetpack_memberships_contains_paid_content":false,"footnotes":""},"categories":[3],"tags":[],"class_list":["post-3112","post","type-post","status-publish","format-standard","has-post-thumbnail","hentry","category-internacional"],"jetpack_featured_media_url":"https:\/\/pasahoy.com.ar\/ph\/wp-content\/uploads\/2025\/06\/1000435472.png","jetpack_sharing_enabled":true,"_links":{"self":[{"href":"https:\/\/pasahoy.com.ar\/ph\/wp-json\/wp\/v2\/posts\/3112","targetHints":{"allow":["GET"]}}],"collection":[{"href":"https:\/\/pasahoy.com.ar\/ph\/wp-json\/wp\/v2\/posts"}],"about":[{"href":"https:\/\/pasahoy.com.ar\/ph\/wp-json\/wp\/v2\/types\/post"}],"author":[{"embeddable":true,"href":"https:\/\/pasahoy.com.ar\/ph\/wp-json\/wp\/v2\/users\/3"}],"replies":[{"embeddable":true,"href":"https:\/\/pasahoy.com.ar\/ph\/wp-json\/wp\/v2\/comments?post=3112"}],"version-history":[{"count":1,"href":"https:\/\/pasahoy.com.ar\/ph\/wp-json\/wp\/v2\/posts\/3112\/revisions"}],"predecessor-version":[{"id":3114,"href":"https:\/\/pasahoy.com.ar\/ph\/wp-json\/wp\/v2\/posts\/3112\/revisions\/3114"}],"wp:featuredmedia":[{"embeddable":true,"href":"https:\/\/pasahoy.com.ar\/ph\/wp-json\/wp\/v2\/media\/3113"}],"wp:attachment":[{"href":"https:\/\/pasahoy.com.ar\/ph\/wp-json\/wp\/v2\/media?parent=3112"}],"wp:term":[{"taxonomy":"category","embeddable":true,"href":"https:\/\/pasahoy.com.ar\/ph\/wp-json\/wp\/v2\/categories?post=3112"},{"taxonomy":"post_tag","embeddable":true,"href":"https:\/\/pasahoy.com.ar\/ph\/wp-json\/wp\/v2\/tags?post=3112"}],"curies":[{"name":"wp","href":"https:\/\/api.w.org\/{rel}","templated":true}]}}