{"id":3109,"date":"2025-06-18T22:26:12","date_gmt":"2025-06-18T22:26:12","guid":{"rendered":"https:\/\/pasahoy.com.ar\/ph\/?p=3109"},"modified":"2025-06-18T22:26:25","modified_gmt":"2025-06-18T22:26:25","slug":"como-esta-mirtha-legrand-tras-su-operacion-que-pasara-con-el-programa-de-este-sabado","status":"publish","type":"post","link":"https:\/\/pasahoy.com.ar\/ph\/como-esta-mirtha-legrand-tras-su-operacion-que-pasara-con-el-programa-de-este-sabado\/","title":{"rendered":"C\u00f3mo est\u00e1 Mirtha Legrand tras su operaci\u00f3n: qu\u00e9 pasar\u00e1 con el programa de este s\u00e1bado"},"content":{"rendered":"\n<p>La diva de la televisi\u00f3n debi\u00f3 ser intervenida este martes por un lunar en una de sus manos. Actualmente, se recupera rodeada de su familia.<\/p>\n\n\n\n<p><strong><a href=\"https:\/\/www.minutouno.com\/espectaculos\/operaron-mirtha-legrand-la-sorpresiva-intervencion-la-que-fue-sometida-la-diva-la-television-n6157978\" target=\"_blank\" rel=\"noreferrer noopener\">Mirtha Legrand fue sometida a una cirug\u00eda ambulatoria este martes 17 de junio<\/a><\/strong>&nbsp;para tratar una afecci\u00f3n cr\u00f3nica en una de sus manos que ya no pod\u00eda posponer.&nbsp;<strong>La intervenci\u00f3n, llevada a cabo en el Sanatorio Luis Agote de Recoleta, fue exitosa y dur\u00f3 apenas 12 minutos<\/strong>, seg\u00fan confirm\u00f3 su hija, Marcela Tinayre, quien la acompa\u00f1\u00f3 durante el procedimiento.<\/p>\n\n\n\n<p>La buena noticia gener\u00f3 alivio tanto en su familia como entre sus admiradores. Dada la baja complejidad de la operaci\u00f3n, la diva no necesit\u00f3 quedar internada y regres\u00f3 a su hogar el mismo d\u00eda. Eso es porque la cirug\u00eda ten\u00eda que ver con<strong>\u00a0un lunar en una de sus manos<\/strong>. <\/p>\n\n\n\n<p>Actualmente, la conductora de&nbsp;<em>\u00abLa Noche de Mirtha\u00bb (El Trece)<\/em>&nbsp;se encuentra en su casa, recuper\u00e1ndose cerca de su familia m\u00e1s \u00edntima: su hija y sus nietos. En este sentido, muchos se preguntan si la diva podr\u00e1 estar este s\u00e1bado en su programa, teniendo en cuenta que las grabaciones se realizan los d\u00edas viernes.<\/p>\n\n\n\n<p>Hasta el momento, las redes sociales del ciclo no se pronunciaron al respecto, por lo que se espera que Mirtha pueda estar, dada la baja complejidad de la intervenci\u00f3n que le realizaron. En caso de que no est\u00e9, su reemplazo ser\u00e1 -por supuesto- Juana Viale, su nieta.<\/p>\n\n\n\n<h2 class=\"wp-block-heading\"><strong>Cu\u00e1ndo fue la \u00faltima vez que Mirtha Legrand hab\u00eda ingresado en un quir\u00f3fano<\/strong><\/h2>\n\n\n\n<p>Antes de esta reciente intervenci\u00f3n, Mirtha Legrand hab\u00eda pasado por el quir\u00f3fano en 2023, en lo que signific\u00f3 una operaci\u00f3n m\u00e1s compleja que la actual.<\/p>\n\n\n\n<p>As\u00ed lo relataba ella misma:&nbsp;<strong>\u00abLes quiero contar que para seguir activa como a m\u00ed me gusta, y porque siempre apuesto a la vida, decid\u00ed instalar un marcapasos de \u00faltima generaci\u00f3n que regule adecuadamente mi ritmo card\u00edaco, algo que ya ven\u00eda conversando desde la colocaci\u00f3n de los stent hace un tiempo\u00bb<\/strong>, cont\u00f3 en aquel momento en redes sociales.<\/p>\n\n\n\n<figure class=\"wp-block-gallery has-nested-images columns-default is-cropped wp-block-gallery-1 is-layout-flex wp-block-gallery-is-layout-flex\">\n<figure class=\"wp-block-image size-large\"><img loading=\"lazy\" decoding=\"async\" width=\"1024\" height=\"751\" data-id=\"3110\" src=\"https:\/\/pasahoy.com.ar\/ph\/wp-content\/uploads\/2025\/06\/1000435452-1024x751.png\" alt=\"\" class=\"wp-image-3110\" srcset=\"https:\/\/pasahoy.com.ar\/ph\/wp-content\/uploads\/2025\/06\/1000435452-1024x751.png 1024w, https:\/\/pasahoy.com.ar\/ph\/wp-content\/uploads\/2025\/06\/1000435452-300x220.png 300w, https:\/\/pasahoy.com.ar\/ph\/wp-content\/uploads\/2025\/06\/1000435452-768x563.png 768w, https:\/\/pasahoy.com.ar\/ph\/wp-content\/uploads\/2025\/06\/1000435452.png 1036w\" sizes=\"auto, (max-width: 1024px) 100vw, 1024px\" \/><\/figure>\n<\/figure>\n","protected":false},"excerpt":{"rendered":"<p>La diva de la televisi\u00f3n debi\u00f3 ser intervenida este martes por un lunar en una de sus manos. Actualmente, se recupera rodeada de su familia. Mirtha Legrand fue sometida a una cirug\u00eda ambulatoria este martes 17 de junio&nbsp;para tratar una afecci\u00f3n cr\u00f3nica en una de sus manos que ya no pod\u00eda posponer.&nbsp;La intervenci\u00f3n, llevada a [&hellip;]<\/p>\n","protected":false},"author":3,"featured_media":3110,"comment_status":"open","ping_status":"open","sticky":false,"template":"","format":"standard","meta":{"_jetpack_memberships_contains_paid_content":false,"footnotes":""},"categories":[5],"tags":[],"class_list":["post-3109","post","type-post","status-publish","format-standard","has-post-thumbnail","hentry","category-espectaculo"],"jetpack_featured_media_url":"https:\/\/pasahoy.com.ar\/ph\/wp-content\/uploads\/2025\/06\/1000435452.png","jetpack_sharing_enabled":true,"_links":{"self":[{"href":"https:\/\/pasahoy.com.ar\/ph\/wp-json\/wp\/v2\/posts\/3109","targetHints":{"allow":["GET"]}}],"collection":[{"href":"https:\/\/pasahoy.com.ar\/ph\/wp-json\/wp\/v2\/posts"}],"about":[{"href":"https:\/\/pasahoy.com.ar\/ph\/wp-json\/wp\/v2\/types\/post"}],"author":[{"embeddable":true,"href":"https:\/\/pasahoy.com.ar\/ph\/wp-json\/wp\/v2\/users\/3"}],"replies":[{"embeddable":true,"href":"https:\/\/pasahoy.com.ar\/ph\/wp-json\/wp\/v2\/comments?post=3109"}],"version-history":[{"count":1,"href":"https:\/\/pasahoy.com.ar\/ph\/wp-json\/wp\/v2\/posts\/3109\/revisions"}],"predecessor-version":[{"id":3111,"href":"https:\/\/pasahoy.com.ar\/ph\/wp-json\/wp\/v2\/posts\/3109\/revisions\/3111"}],"wp:featuredmedia":[{"embeddable":true,"href":"https:\/\/pasahoy.com.ar\/ph\/wp-json\/wp\/v2\/media\/3110"}],"wp:attachment":[{"href":"https:\/\/pasahoy.com.ar\/ph\/wp-json\/wp\/v2\/media?parent=3109"}],"wp:term":[{"taxonomy":"category","embeddable":true,"href":"https:\/\/pasahoy.com.ar\/ph\/wp-json\/wp\/v2\/categories?post=3109"},{"taxonomy":"post_tag","embeddable":true,"href":"https:\/\/pasahoy.com.ar\/ph\/wp-json\/wp\/v2\/tags?post=3109"}],"curies":[{"name":"wp","href":"https:\/\/api.w.org\/{rel}","templated":true}]}}