{"id":3106,"date":"2025-06-18T20:18:10","date_gmt":"2025-06-18T20:18:10","guid":{"rendered":"https:\/\/pasahoy.com.ar\/ph\/?p=3106"},"modified":"2025-06-18T20:18:45","modified_gmt":"2025-06-18T20:18:45","slug":"cristina-kirchner-frente-a-una-plaza-de-mayo-llena-los-pueblos-finalmente-siempre-vuelven","status":"publish","type":"post","link":"https:\/\/pasahoy.com.ar\/ph\/cristina-kirchner-frente-a-una-plaza-de-mayo-llena-los-pueblos-finalmente-siempre-vuelven\/","title":{"rendered":"Cristina Kirchner, frente a una Plaza de Mayo llena: \u00abLos pueblos finalmente siempre vuelven\u00bb"},"content":{"rendered":"\n<p>Ante una multitud, y con un mensaje grabado, la ex Presidenta le agradeci\u00f3 a la militancia por el apoyo. Cuestion\u00f3 el modelo de Milei: \u00abSe va a caer\u00bb.\u00a0<\/p>\n\n\n\n<p>La\u00a0<a href=\"https:\/\/www.eldestapeweb.com\/politica\/cristina-kirchner\/una-detencion-humillante-y-abusiva-que-no-le-imponen-ni-a-los-genocidas-tobillera-visitas-limitadas-y-no-perturbar-al-barrio--2025617213517\">ex presidenta\u00a0<\/a><strong><a href=\"https:\/\/www.eldestapeweb.com\/politica\/cristina-kirchner\/una-detencion-humillante-y-abusiva-que-no-le-imponen-ni-a-los-genocidas-tobillera-visitas-limitadas-y-no-perturbar-al-barrio--2025617213517\">Cristina Fern\u00e1ndez de Kirchner<\/a>\u00a0habl\u00f3 frente a una Plaza de Mayo llena, donde miles de militantes fueron a apoyarla tras el fallo proscriptivo de la Corte Suprema<\/strong>\u00a0y el comienzo de su condena con prisi\u00f3n domiciliaria. \u00abVamos a volver, argentinos y argentinas. Lo vamos a volver a hacer una y mil veces como se ha hecho desde el fondo de la historia.\u00a0<strong>Los pueblos finalmente siempre vuelven<\/strong>\u00ab, dijo desde su prisi\u00f3n domiciliaria en un audio que se reprodujo en el centro porte\u00f1o.<\/p>\n\n\n\n<p>Cuando dio su discurso, que se grab\u00f3 antes de que comenzara la movilizaci\u00f3n,\u00a0<strong>CFK\u00a0<\/strong>adopt\u00f3 un tono de voz calmo, con el que se la escuch\u00f3 entera desde su domicilio ubicado en\u00a0<strong>San Jos\u00e9 1111<\/strong>, en el\u00a0<strong>barrio porte\u00f1o de Constituci\u00f3n<\/strong>. Desde la organizaci\u00f3n, aseguraron que marcharon un mill\u00f3n de personas: despu\u00e9s del mensaje grabado,\u00a0<strong>la ex presidenta habl\u00f3 en vivo para agradecerles a quienes fueron a apoyarla<\/strong>.\u00a0<\/p>\n\n\n\n<p>Hoy es el momento de demostrar que\u00a0<strong>vamos a defender la democracia con las mismas herramientas con las que la construimos<\/strong>: sin violencia, pero con coraje; sin miedo, pero con absoluta claridad del momento hist\u00f3rico que estamos atravesando todos los argentinos\u00bb, expres\u00f3 en un pasaje de su discurso. \u00abLo vamos a hacer con mucho amor, como siempre, con amor profundo por esta Patria que tant\u00edsimas veces intentaron arrodillar y supo levantarse una y otra vez\u00bb, continu\u00f3 y agreg\u00f3: \u00abEl pueblo argentino ya lo demostr\u00f3 mil veces, que sabe ponerse de pie, sabe organizarse, sabe luchar y, si lo expulsan, tambi\u00e9n sabe volver\u00bb.\u00a0<\/p>\n\n\n\n<p>Me gusta ese &#8216;vamos a volver&#8217;, porque revela una voluntad, la de volver a tener un pa\u00eds donde los pibes puedan comer cuatro veces al d\u00eda y en el colegio les den libros y computadoras, que los laburantes lleguen a fin de mes y puedan ahorrar para comprarse un autito, una casita, un terrenito, algo que sea de ellos conseguido con el esfuerzo de su trabajo. bien peronista\u00bb, agreg\u00f3 CFK. <\/p>\n\n\n\n<figure class=\"wp-block-gallery has-nested-images columns-default is-cropped wp-block-gallery-1 is-layout-flex wp-block-gallery-is-layout-flex\">\n<figure class=\"wp-block-image size-large\"><img loading=\"lazy\" decoding=\"async\" width=\"965\" height=\"543\" data-id=\"3107\" src=\"https:\/\/pasahoy.com.ar\/ph\/wp-content\/uploads\/2025\/06\/1000435140.png\" alt=\"\" class=\"wp-image-3107\" srcset=\"https:\/\/pasahoy.com.ar\/ph\/wp-content\/uploads\/2025\/06\/1000435140.png 965w, https:\/\/pasahoy.com.ar\/ph\/wp-content\/uploads\/2025\/06\/1000435140-300x169.png 300w, https:\/\/pasahoy.com.ar\/ph\/wp-content\/uploads\/2025\/06\/1000435140-768x432.png 768w\" sizes=\"auto, (max-width: 965px) 100vw, 965px\" \/><\/figure>\n<\/figure>\n","protected":false},"excerpt":{"rendered":"<p>Ante una multitud, y con un mensaje grabado, la ex Presidenta le agradeci\u00f3 a la militancia por el apoyo. Cuestion\u00f3 el modelo de Milei: \u00abSe va a caer\u00bb.\u00a0 La\u00a0ex presidenta\u00a0Cristina Fern\u00e1ndez de Kirchner\u00a0habl\u00f3 frente a una Plaza de Mayo llena, donde miles de militantes fueron a apoyarla tras el fallo proscriptivo de la Corte Suprema\u00a0y [&hellip;]<\/p>\n","protected":false},"author":3,"featured_media":3107,"comment_status":"open","ping_status":"open","sticky":false,"template":"","format":"standard","meta":{"_jetpack_memberships_contains_paid_content":false,"footnotes":""},"categories":[2],"tags":[],"class_list":["post-3106","post","type-post","status-publish","format-standard","has-post-thumbnail","hentry","category-nacional"],"jetpack_featured_media_url":"https:\/\/pasahoy.com.ar\/ph\/wp-content\/uploads\/2025\/06\/1000435140.png","jetpack_sharing_enabled":true,"_links":{"self":[{"href":"https:\/\/pasahoy.com.ar\/ph\/wp-json\/wp\/v2\/posts\/3106","targetHints":{"allow":["GET"]}}],"collection":[{"href":"https:\/\/pasahoy.com.ar\/ph\/wp-json\/wp\/v2\/posts"}],"about":[{"href":"https:\/\/pasahoy.com.ar\/ph\/wp-json\/wp\/v2\/types\/post"}],"author":[{"embeddable":true,"href":"https:\/\/pasahoy.com.ar\/ph\/wp-json\/wp\/v2\/users\/3"}],"replies":[{"embeddable":true,"href":"https:\/\/pasahoy.com.ar\/ph\/wp-json\/wp\/v2\/comments?post=3106"}],"version-history":[{"count":1,"href":"https:\/\/pasahoy.com.ar\/ph\/wp-json\/wp\/v2\/posts\/3106\/revisions"}],"predecessor-version":[{"id":3108,"href":"https:\/\/pasahoy.com.ar\/ph\/wp-json\/wp\/v2\/posts\/3106\/revisions\/3108"}],"wp:featuredmedia":[{"embeddable":true,"href":"https:\/\/pasahoy.com.ar\/ph\/wp-json\/wp\/v2\/media\/3107"}],"wp:attachment":[{"href":"https:\/\/pasahoy.com.ar\/ph\/wp-json\/wp\/v2\/media?parent=3106"}],"wp:term":[{"taxonomy":"category","embeddable":true,"href":"https:\/\/pasahoy.com.ar\/ph\/wp-json\/wp\/v2\/categories?post=3106"},{"taxonomy":"post_tag","embeddable":true,"href":"https:\/\/pasahoy.com.ar\/ph\/wp-json\/wp\/v2\/tags?post=3106"}],"curies":[{"name":"wp","href":"https:\/\/api.w.org\/{rel}","templated":true}]}}