{"id":3071,"date":"2025-06-17T23:21:22","date_gmt":"2025-06-17T23:21:22","guid":{"rendered":"https:\/\/pasahoy.com.ar\/ph\/?p=3071"},"modified":"2025-06-17T23:21:36","modified_gmt":"2025-06-17T23:21:36","slug":"reforma-de-la-policia-federal-una-por-una-cuales-son-las-facultades-de-la-fuerza-segun-el-nuevo-decreto","status":"publish","type":"post","link":"https:\/\/pasahoy.com.ar\/ph\/reforma-de-la-policia-federal-una-por-una-cuales-son-las-facultades-de-la-fuerza-segun-el-nuevo-decreto\/","title":{"rendered":"Reforma de la Polic\u00eda Federal: una por una, cu\u00e1les son las facultades de la fuerza seg\u00fan el nuevo decreto"},"content":{"rendered":"\n<p>La medida cambia el rol operativo de la fuerza y, en algunas circunstancias, autoriza investigaciones sin orden judicial. Su principal objetivo ser\u00e1 centrarse en delitos federales y complejos. <\/p>\n\n\n\n<p>El Gobierno de&nbsp;<strong>Javier Mile<\/strong>i&nbsp;aprob\u00f3 el&nbsp;<strong>nuevo&nbsp;<a href=\"https:\/\/www.perfil.com\/noticias\/politica\/el-gobierno-busca-reformar-la-policia-federal-milei-prepara-un-decreto-que-genera-polemicas.phtml\">Estatuto de la Polic\u00eda Federal Argentina (PFA)<\/a>&nbsp;<\/strong>a trav\u00e9s de un decreto, con el fin de realizar una reforma institucional que&nbsp;<strong>redefine la misi\u00f3n de la fuerza<\/strong>&nbsp;y lanza un programa integral de modernizaci\u00f3n. En ese sentido, la resoluci\u00f3n&nbsp;establece que&nbsp;ya no tendr\u00e1 competencias sobre la&nbsp;<strong>seguridad local&nbsp;<\/strong>en la Ciudad Aut\u00f3noma de Buenos Aires<strong>&nbsp;<\/strong>y&nbsp;<strong>modifica sus facultades<\/strong>&nbsp;y escalafones.<\/p>\n\n\n\n<p>A trav\u00e9s del Decreto 383\/2025, que lleva la firma del Presidente,\u00a0el jefe de Gabinete,\u00a0<strong>Guillermo Francos<\/strong>\u00a0y la<a href=\"https:\/\/www.perfil.com\/noticias\/politica\/grabois-las-haces-las-pagas-bullrich-celebro-la-detencion-del-dirigente-y-lo-acuso-de-usurpador.phtml\">\u00a0ministra de Seguridad,\u00a0<\/a><strong><a href=\"https:\/\/www.perfil.com\/noticias\/politica\/grabois-las-haces-las-pagas-bullrich-celebro-la-detencion-del-dirigente-y-lo-acuso-de-usurpador.phtml\">Patricia Bullrich<\/a>,<\/strong>\u00a0se\u00a0<strong>derog\u00f3 el decreto-ley de 1958<\/strong>\u00a0que reg\u00eda la estructura de la fuerza. As\u00ed, se puso en marcha\u00a0<strong>un programa de modernizaci\u00f3n<\/strong>\u00a0financiado con fondos reasignados por la reducci\u00f3n en la cantidad de ingresantes y surgieron algunas pol\u00e9micas relativas\u00a0detenciones, requisas y ciberpatrullaje, en determinadas situaciones. <\/p>\n\n\n\n<p>La medida establece un cambio en el rol operativo de la PFA, que pasar\u00e1 a concentrarse en la<strong>&nbsp;investigaci\u00f3n de delitos federales y complejos<\/strong>, como el crimen organizado, el narcotr\u00e1fico y el ciberdelito. Deja, de esta manera,&nbsp;su tradicional presencia en tareas de seguridad urbana, especialmente en territorio porte\u00f1o,&nbsp;funci\u00f3n que progresivamente se fue transfiriendo mediante un convenio con el Gobierno de la Ciudad en 2016.<\/p>\n\n\n\n<p>Entre los ejes principales del nuevo Estatuto figuran la\u00a0<strong>modernizaci\u00f3n de la estructura org\u00e1nica<\/strong>, la incorporaci\u00f3n de tecnolog\u00edas forenses y sistemas de informaci\u00f3n, un programa de formaci\u00f3n para profesionales universitarios y la\u00a0<strong>implementaci\u00f3n de protocolos\u00a0<\/strong>de \u00faltima generaci\u00f3n para\u00a0la investigaci\u00f3n criminal. <\/p>\n\n\n\n<p>Esta transformaci\u00f3n busca una&nbsp;<strong>fuerza \u00e1gil, inteligente y profesional<\/strong>\u201d, expres\u00f3 Bullrich acerca de la reforma, al indicar que est\u00e1&nbsp;alineada con est\u00e1ndares&nbsp;<a href=\"https:\/\/www.perfil.com\/noticias\/politica\/bullrich-ratifico-al-jefe-de-la-pfa-y-cree-que-el-operativo-fue-exitoso.phtml\">internacionales como los del FBI<\/a>&nbsp;(Federal Bureau&nbsp;of Investigation, en ingl\u00e9s) estadounidense. Como ya hab\u00eda adelantado este medio, distintos especialistas pusieron el foco en algunas de las funciones de la fuerza, detalladas en el Cap\u00edtulo II del T\u00edtulo I del estatuto, ubicado en el Anexo del decreto.<\/p>\n\n\n\n<p>Dentro de las facultades, el punto 7 del art\u00edculo 6 mencionara que, fuera de los casos establecidos en los C\u00f3digos Procesales Penales y dem\u00e1s legislaci\u00f3n vigente,&nbsp;no podr\u00e1&nbsp;<strong>detener a las personas sin orden de juez competente<\/strong>.&nbsp;Sin embargo, \u00absi existiesen circunstancias debidamente fundadas que hagan presumir que alguien hubiese cometido o pudiere cometer alg\u00fan hecho delictivo y no acreditase fehacientemente su identidad\u00bb, podr\u00e1 ser conducido a la dependencia policial, notificando al juez de turno y demor\u00e1ndolo&nbsp;por un tiempo m\u00ednimo para establecer su identidad, el cual&nbsp;<strong>no puede exceder las 10 horas<\/strong>.<\/p>\n\n\n\n<p>Asimismo, aclara que&nbsp;\u00abse le permitir\u00e1&nbsp;<strong>comunicarse en forma inmediata con un familiar<\/strong>&nbsp;o persona de su confianza\u00bb para informarle su situaci\u00f3n; y los demorados no podr\u00e1n ser alojados junto ni en lugares destinados a detenidos por delitos o contravenciones.<\/p>\n\n\n\n<p>El punto 11 de ese art\u00edculo, en tanto, indica que los agentes pueden \u00ab<strong>realizar\u00a0sin necesidad de autorizaci\u00f3n judicial<\/strong>, tareas de prevenci\u00f3n del delito\u00a0<strong>en espacios p\u00fablicos digitales<\/strong>, tales como<a href=\"https:\/\/www.perfil.com\/noticias\/economia\/phishing-el-nuevo-robo-del-siglo.phtml\">\u00a0<strong>redes sociales abiertas<\/strong>, sitios web p\u00fablicos y otras fuentes abiertas<\/a>, conforme a las pautas y principios rectores dictados para dichas actividades por la autoridad competente\u00bb. <\/p>\n\n\n\n<p>Estas tareas de prevenci\u00f3n del delito deber\u00e1n respetar la&nbsp;<strong>protecci\u00f3n de los datos personales<\/strong>, la libertad de expresi\u00f3n, la intimidad y la privacidad de las personas\u00bb, agrega.<\/p>\n\n\n\n<p>Adem\u00e1s, el \u00edtem n\u00famero 13 muestra que los efectivos podr\u00e1n \u00ab<strong>realizar requisas personales<\/strong>&nbsp;<strong>con orden judicial<\/strong>, conforme con lo establecido por la normativa procesal y dem\u00e1s legislaci\u00f3n vigente.&nbsp;<strong>Sin dicha orden, podr\u00e1 hacerlo respecto de personas<\/strong>, inspeccionando los efectos que lleven consigo, as\u00ed como el interior de veh\u00edculos, aeronaves y embarcaciones\u00bb, ante los siguientes supuestos:<\/p>\n\n\n\n<ol class=\"wp-block-list\">\n<li>Que existan circunstancias previas que razonable y objetivamente permitan presumir que se ocultan cosas relacionadas con un delito.<\/li>\n\n\n\n<li>Que no fuere posible esperar la orden judicial ante el peligro cierto de que\u00a0<a href=\"https:\/\/www.perfil.com\/noticias\/reperfilar\/en-argentina-crecieron-un-40-los-ciberdelitos-en-el-ultimo-ano.phtml\">desaparezcan las pruebas que se intentan incautar<\/a>.<\/li>\n\n\n\n<li>Que se practique en la v\u00eda p\u00fablica o en lugares de acceso p\u00fablico y en el marco de operativos de prevenci\u00f3n.<\/li>\n\n\n\n<li>En los dem\u00e1s casos que prevea la legislaci\u00f3n vigente.<\/li>\n<\/ol>\n\n\n\n<h2 class=\"wp-block-heading\">Otras facultades de la Polic\u00eda Federal<\/h2>\n\n\n\n<ul class=\"wp-block-list\">\n<li>Efectuar tareas de inteligencia criminal, mediante la obtenci\u00f3n, reuni\u00f3n, sistematizaci\u00f3n y an\u00e1lisis de la informaci\u00f3n referida a actividades criminales o riesgos que afecten a la seguridad interior.<\/li>\n\n\n\n<li>Recabar informaci\u00f3n y asegurar pruebas, con el fin de que luego sean presentadas al Ministerio P\u00fablico o a los jueces competentes, para facilitar el inicio o la continuaci\u00f3n de una investigaci\u00f3n.<\/li>\n\n\n\n<li>Efectuar an\u00e1lisis criminal, de pol\u00edticas de seguridad y de operatoria policial, lo cual no se encontrar\u00e1 alcanzado por la Ley de Inteligencia Nacional N\u00b0 25.520 y sus modificaciones, salvo disposici\u00f3n expresa de la autoridad competente.<\/li>\n\n\n\n<li>Tener acceso a informaci\u00f3n y bases de datos p\u00fablicas con el fin de llevar adelante, de manera justificada, tareas de investigaci\u00f3n o de inteligencia criminal. A su vez, podr\u00e1 solicitar el acceso a bases privadas. En ambos casos, deber\u00e1n cumplir con la normativa de protecci\u00f3n de datos personales.<\/li>\n\n\n\n<li>Relacionarse con la comunidad, instituciones y organizaciones de la sociedad civil con el fin de prevenir los delitos de su competencia y establecer redes de trabajo y comunicaci\u00f3n.<\/li>\n<\/ul>\n\n\n\n<ul class=\"wp-block-list\">\n<li>Registrar y calificar a las personas dedicadas habitualmente a una actividad que la polic\u00eda debe reprimir.<\/li>\n\n\n\n<li>Contar con bases de datos y sistemas de informaci\u00f3n que sean necesarios para el cumplimiento de sus misiones y funciones. A estos efectos, deber\u00e1 cumplir la normativa de protecci\u00f3n de datos personales y, en los casos que sea pertinente, de la Ley de Inteligencia Nacional N\u00b0 25.520 y sus modificaciones y de aquella que la sustituya o complemente.<\/li>\n\n\n\n<li>Requerir de jueces y magistrados competentes autorizaciones para allanamientos con fines de pesquisa, detenci\u00f3n de personas o secuestros, de conformidad con lo dispuesto por la normativa procesal correspondiente y dem\u00e1s legislaci\u00f3n vigente.<\/li>\n\n\n\n<li>Realizar las acciones necesarias para la prevenci\u00f3n del delito y de mantenimiento del orden p\u00fablico, en materias de su competencia, tareas que podr\u00e1n ser ampliadas a requerimiento del Ministerio de Seguridad Nacional.<\/li>\n<\/ul>\n\n\n\n<h2 class=\"wp-block-heading\">Otros puntos sobre la reforma<\/h2>\n\n\n\n<p>El Ejecutivo tambi\u00e9n habilit\u00f3 a la cartera que dirige<strong>&nbsp;<\/strong>Patricia Bullrich&nbsp;a&nbsp;<strong>exceptuar del retiro obligatorio a oficiales superiores<\/strong>, convocar personal retirado y reorganizar los escalafones internos. Adem\u00e1s, la fuerza de seguridad ahora quedar\u00e1 dividida en dos departamentos principales<strong>: el Departamento Federal de Investigaciones (DFI) y el Departamento Federal de Coordinaci\u00f3n (DFC).<\/strong><\/p>\n\n\n\n<p>Ambos contar\u00e1n tambi\u00e9n con superintendencias y direcciones generales orientadas a distintas \u00e1reas clave como inteligencia criminal, narcotr\u00e1fico, an\u00e1lisis forense, cooperaci\u00f3n internacional, comunicaciones, bienestar del personal y asuntos internos.<\/p>\n\n\n\n<p>M\u00e1s all\u00e1 de las nuevas atribuciones, la reforma busca&nbsp;<strong>reducir el tama\u00f1o de la fuerza y reconvertir su perfil operativo.<\/strong>&nbsp;El decreto instruye al Ministerio de Seguridad a fijar un<strong>&nbsp;cupo anual m\u00e1ximo de suboficiales ingresantes<\/strong>, que no podr\u00e1 ser mayor al registrado en 2025 y tendr\u00e1 que disminuir de forma progresiva.<\/p>\n\n\n\n<p>Tambi\u00e9n se se\u00f1ala que la disminuci\u00f3n en la cantidad de ingresantes generar\u00e1 un&nbsp;<strong>ahorro presupuestario<\/strong>&nbsp;que se destinar\u00e1 al mencionado programa de modernizaci\u00f3n de la PFA<strong>,&nbsp;<\/strong>que est\u00e1 enfocado en la adquisici\u00f3n de bienes de uso, soluciones tecnol\u00f3gicas y redise\u00f1o de procesos.<\/p>\n\n\n\n<figure class=\"wp-block-gallery has-nested-images columns-default is-cropped wp-block-gallery-1 is-layout-flex wp-block-gallery-is-layout-flex\">\n<figure class=\"wp-block-image size-large\"><img loading=\"lazy\" decoding=\"async\" width=\"968\" height=\"547\" data-id=\"3072\" src=\"https:\/\/pasahoy.com.ar\/ph\/wp-content\/uploads\/2025\/06\/1000431980.png\" alt=\"\" class=\"wp-image-3072\" srcset=\"https:\/\/pasahoy.com.ar\/ph\/wp-content\/uploads\/2025\/06\/1000431980.png 968w, https:\/\/pasahoy.com.ar\/ph\/wp-content\/uploads\/2025\/06\/1000431980-300x170.png 300w, https:\/\/pasahoy.com.ar\/ph\/wp-content\/uploads\/2025\/06\/1000431980-768x434.png 768w\" sizes=\"auto, (max-width: 968px) 100vw, 968px\" \/><\/figure>\n<\/figure>\n","protected":false},"excerpt":{"rendered":"<p>La medida cambia el rol operativo de la fuerza y, en algunas circunstancias, autoriza investigaciones sin orden judicial. Su principal objetivo ser\u00e1 centrarse en delitos federales y complejos. El Gobierno de&nbsp;Javier Milei&nbsp;aprob\u00f3 el&nbsp;nuevo&nbsp;Estatuto de la Polic\u00eda Federal Argentina (PFA)&nbsp;a trav\u00e9s de un decreto, con el fin de realizar una reforma institucional que&nbsp;redefine la misi\u00f3n de [&hellip;]<\/p>\n","protected":false},"author":3,"featured_media":3072,"comment_status":"open","ping_status":"open","sticky":false,"template":"","format":"standard","meta":{"_jetpack_memberships_contains_paid_content":false,"footnotes":""},"categories":[9],"tags":[],"class_list":["post-3071","post","type-post","status-publish","format-standard","has-post-thumbnail","hentry","category-policial"],"jetpack_featured_media_url":"https:\/\/pasahoy.com.ar\/ph\/wp-content\/uploads\/2025\/06\/1000431980.png","jetpack_sharing_enabled":true,"_links":{"self":[{"href":"https:\/\/pasahoy.com.ar\/ph\/wp-json\/wp\/v2\/posts\/3071","targetHints":{"allow":["GET"]}}],"collection":[{"href":"https:\/\/pasahoy.com.ar\/ph\/wp-json\/wp\/v2\/posts"}],"about":[{"href":"https:\/\/pasahoy.com.ar\/ph\/wp-json\/wp\/v2\/types\/post"}],"author":[{"embeddable":true,"href":"https:\/\/pasahoy.com.ar\/ph\/wp-json\/wp\/v2\/users\/3"}],"replies":[{"embeddable":true,"href":"https:\/\/pasahoy.com.ar\/ph\/wp-json\/wp\/v2\/comments?post=3071"}],"version-history":[{"count":1,"href":"https:\/\/pasahoy.com.ar\/ph\/wp-json\/wp\/v2\/posts\/3071\/revisions"}],"predecessor-version":[{"id":3073,"href":"https:\/\/pasahoy.com.ar\/ph\/wp-json\/wp\/v2\/posts\/3071\/revisions\/3073"}],"wp:featuredmedia":[{"embeddable":true,"href":"https:\/\/pasahoy.com.ar\/ph\/wp-json\/wp\/v2\/media\/3072"}],"wp:attachment":[{"href":"https:\/\/pasahoy.com.ar\/ph\/wp-json\/wp\/v2\/media?parent=3071"}],"wp:term":[{"taxonomy":"category","embeddable":true,"href":"https:\/\/pasahoy.com.ar\/ph\/wp-json\/wp\/v2\/categories?post=3071"},{"taxonomy":"post_tag","embeddable":true,"href":"https:\/\/pasahoy.com.ar\/ph\/wp-json\/wp\/v2\/tags?post=3071"}],"curies":[{"name":"wp","href":"https:\/\/api.w.org\/{rel}","templated":true}]}}