{"id":3068,"date":"2025-06-17T23:16:07","date_gmt":"2025-06-17T23:16:07","guid":{"rendered":"https:\/\/pasahoy.com.ar\/ph\/?p=3068"},"modified":"2025-06-17T23:16:24","modified_gmt":"2025-06-17T23:16:24","slug":"lo-confirmo-el-gobierno-de-cuanto-sera-la-jubilacion-minima-de-anses-en-julio-2025","status":"publish","type":"post","link":"https:\/\/pasahoy.com.ar\/ph\/lo-confirmo-el-gobierno-de-cuanto-sera-la-jubilacion-minima-de-anses-en-julio-2025\/","title":{"rendered":"Lo confirm\u00f3 el gobierno: de cu\u00e1nto ser\u00e1 la jubilaci\u00f3n m\u00ednima de ANSES en julio 2025"},"content":{"rendered":"\n<p>Las prestaciones otorgadas por el organismo aumentar\u00e1n un 1,5% el pr\u00f3ximo mes, de acuerdo al dato de la inflaci\u00f3n de mayo analizado por el INDEC.<\/p>\n\n\n\n<p>La\u00a0<strong>Administraci\u00f3n Nacional de la Seguridad Social (<a href=\"https:\/\/www.ambito.com\/economia\/de-cuanto-sera-el-aumento-la-auh-anses-julio-2025-este-es-el-monto-exacto-n6156094\" target=\"_blank\" rel=\"noreferrer noopener\">ANSES<\/a>)<\/strong>\u00a0es un organismo dependiente del Ministerio de Capital Humano. Es responsable de entregar las prestaciones y servicios que le corresponden a todos los ciudadanos seg\u00fan la ley vigente en todo el pa\u00eds. Se encarga, por ejemplo, del pago de las asignaciones familiares, jubilaciones y pensiones. <\/p>\n\n\n\n<p>El 12 de junio, el Instituto Nacional de Estad\u00edsticas y Censos (<strong>INDEC<\/strong>) dio a conocer el<strong>\u00a0\u00cdndice de Precios al Consumidor (IPC)<\/strong>\u00a0correspondiente al mes de\u00a0<strong>mayo<\/strong>. Y, de acuerdo al decreto de la nueva f\u00f3rmula de movilidad, que rige desde el a\u00f1o pasado, los montos de las prestaciones de ANSES se modifican dependiendo de cu\u00e1nto fue la inflaci\u00f3n dos meses antes registrada. \u00a1Conoc\u00e9 los nuevos montos actualizados! <\/p>\n\n\n\n<h2 class=\"wp-block-heading\">Monto de las jubilaciones de ANSES en julio 2025<\/h2>\n\n\n\n<p>Las prestaciones sociales otorgadas por el ANSES aumentar\u00e1n un&nbsp;<strong>1,5%<\/strong>&nbsp;en julio, correspondiente al dato de la inflaci\u00f3n de mayo que analiz\u00f3 el INDEC. Esto se debe a que, desde el a\u00f1o pasado, la f\u00f3rmula de movilidad rige por el&nbsp;<strong>Decreto 274\/24<\/strong>. El cual toma como referencia el \u00cdndice de Precios al Consumidor (IPC) de dos meses atr\u00e1s y propone un aumento en las prestaciones y beneficios sociales proporcional a este dato.<\/p>\n\n\n\n<p>Por otro lado, si la entidad continua entregando el<strong>&nbsp;bono de ingresos<\/strong>&nbsp;adicional de&nbsp;<strong>$70.000&nbsp;<\/strong>a los titulares que cobren el haber m\u00ednimo, estos ser\u00e1n los nuevos valores:<\/p>\n\n\n\n<ul class=\"wp-block-list\">\n<li>Jubilaci\u00f3n m\u00ednima:\u00a0<strong>$379.294,78\u00a0<\/strong>(<strong>$309.294,78<\/strong>\u00a0del haber actualizado + $70.000 del bono adicional)<\/li>\n\n\n\n<li>Pensi\u00f3n Universal del Adulto Mayor (PUAM):\u00a0<strong>$317.435,82<\/strong>\u00a0(<strong>$247.435,82\u00a0<\/strong>del haber actualizado + $70.000 del bono adicional)<\/li>\n\n\n\n<li>Pensiones No Contributivas (PNC) por Invalidez y Vejez:\u00a0<strong>$286.506,35<\/strong>\u00a0(<strong>$216.506,35\u00a0<\/strong>del haber actualizado + $70.000 del bono adicional)<\/li>\n\n\n\n<li>Jubilaci\u00f3n m\u00e1xima: pasar\u00e1 de $2.050.503,62 a\u00a0<strong>$2.081.261,17<\/strong> <\/li>\n\n\n\n<li><\/li>\n<\/ul>\n\n\n\n<figure class=\"wp-block-gallery has-nested-images columns-default is-cropped wp-block-gallery-1 is-layout-flex wp-block-gallery-is-layout-flex\">\n<figure class=\"wp-block-image size-large\"><img loading=\"lazy\" decoding=\"async\" width=\"987\" height=\"545\" data-id=\"3069\" src=\"https:\/\/pasahoy.com.ar\/ph\/wp-content\/uploads\/2025\/06\/1000431963.png\" alt=\"\" class=\"wp-image-3069\" srcset=\"https:\/\/pasahoy.com.ar\/ph\/wp-content\/uploads\/2025\/06\/1000431963.png 987w, https:\/\/pasahoy.com.ar\/ph\/wp-content\/uploads\/2025\/06\/1000431963-300x166.png 300w, https:\/\/pasahoy.com.ar\/ph\/wp-content\/uploads\/2025\/06\/1000431963-768x424.png 768w\" sizes=\"auto, (max-width: 987px) 100vw, 987px\" \/><\/figure>\n<\/figure>\n","protected":false},"excerpt":{"rendered":"<p>Las prestaciones otorgadas por el organismo aumentar\u00e1n un 1,5% el pr\u00f3ximo mes, de acuerdo al dato de la inflaci\u00f3n de mayo analizado por el INDEC. La\u00a0Administraci\u00f3n Nacional de la Seguridad Social (ANSES)\u00a0es un organismo dependiente del Ministerio de Capital Humano. Es responsable de entregar las prestaciones y servicios que le corresponden a todos los ciudadanos [&hellip;]<\/p>\n","protected":false},"author":3,"featured_media":3069,"comment_status":"open","ping_status":"open","sticky":false,"template":"","format":"standard","meta":{"_jetpack_memberships_contains_paid_content":false,"footnotes":""},"categories":[2],"tags":[],"class_list":["post-3068","post","type-post","status-publish","format-standard","has-post-thumbnail","hentry","category-nacional"],"jetpack_featured_media_url":"https:\/\/pasahoy.com.ar\/ph\/wp-content\/uploads\/2025\/06\/1000431963.png","jetpack_sharing_enabled":true,"_links":{"self":[{"href":"https:\/\/pasahoy.com.ar\/ph\/wp-json\/wp\/v2\/posts\/3068","targetHints":{"allow":["GET"]}}],"collection":[{"href":"https:\/\/pasahoy.com.ar\/ph\/wp-json\/wp\/v2\/posts"}],"about":[{"href":"https:\/\/pasahoy.com.ar\/ph\/wp-json\/wp\/v2\/types\/post"}],"author":[{"embeddable":true,"href":"https:\/\/pasahoy.com.ar\/ph\/wp-json\/wp\/v2\/users\/3"}],"replies":[{"embeddable":true,"href":"https:\/\/pasahoy.com.ar\/ph\/wp-json\/wp\/v2\/comments?post=3068"}],"version-history":[{"count":1,"href":"https:\/\/pasahoy.com.ar\/ph\/wp-json\/wp\/v2\/posts\/3068\/revisions"}],"predecessor-version":[{"id":3070,"href":"https:\/\/pasahoy.com.ar\/ph\/wp-json\/wp\/v2\/posts\/3068\/revisions\/3070"}],"wp:featuredmedia":[{"embeddable":true,"href":"https:\/\/pasahoy.com.ar\/ph\/wp-json\/wp\/v2\/media\/3069"}],"wp:attachment":[{"href":"https:\/\/pasahoy.com.ar\/ph\/wp-json\/wp\/v2\/media?parent=3068"}],"wp:term":[{"taxonomy":"category","embeddable":true,"href":"https:\/\/pasahoy.com.ar\/ph\/wp-json\/wp\/v2\/categories?post=3068"},{"taxonomy":"post_tag","embeddable":true,"href":"https:\/\/pasahoy.com.ar\/ph\/wp-json\/wp\/v2\/tags?post=3068"}],"curies":[{"name":"wp","href":"https:\/\/api.w.org\/{rel}","templated":true}]}}