{"id":3065,"date":"2025-06-17T23:08:44","date_gmt":"2025-06-17T23:08:44","guid":{"rendered":"https:\/\/pasahoy.com.ar\/ph\/?p=3065"},"modified":"2025-06-17T23:09:11","modified_gmt":"2025-06-17T23:09:11","slug":"la-guerra-con-israel-el-dilema-de-donald-trump-intervenir-o-no-en-iran","status":"publish","type":"post","link":"https:\/\/pasahoy.com.ar\/ph\/la-guerra-con-israel-el-dilema-de-donald-trump-intervenir-o-no-en-iran\/","title":{"rendered":"La guerra con Israel: el dilema de Donald Trump, intervenir o no en Ir\u00e1n"},"content":{"rendered":"\n<p><strong>\u00bfEstados Unidos se implicar\u00e1 directamente en la guerra entre su aliado Israel e Ir\u00e1n?<\/strong>&nbsp;Se desconoce la decisi\u00f3n que el presidente Donald Trump tomar\u00e1, pero por el momento prepara el terreno.<\/p>\n\n\n\n<p>Trump aliment\u00f3 las especulaciones sobre una intervenci\u00f3n estadounidense al acortar su participaci\u00f3n en una cumbre del G7 en Canad\u00e1 y con algunas de sus declaraciones.<\/p>\n\n\n\n<p>Este martes advirti\u00f3 que Estados Unidos\u00a0<strong>podr\u00eda matar al l\u00edder supremo de Ir\u00e1n, Ali Jamenei, pero no lo har\u00e1 \u00abpor ahora\u00bb.<\/strong> <\/p>\n\n\n\n<p>El dilema del presidente republicano es monumental. En su primer mandato y en lo que lleva del segundo, Trump ha prometido sacar a Estados Unidos de sus \u00abguerras eternas\u00bb en Oriente Medio.<\/p>\n\n\n\n<p><strong>\u00abEs una importante elecci\u00f3n pol\u00edtica y militar que podr\u00eda definir su legado en Oriente Medio\u00bb<\/strong>, declar\u00f3 a la AFP Behnam Ben Taleblu, director del programa de Ir\u00e1n en la Fundaci\u00f3n para la Defensa de las Democracias <\/p>\n\n\n\n<p>Cuando la Casa Blanca anunci\u00f3 este martes que Trump iba a reunir al Consejo de Seguridad Nacional para abordar la guerra ya hab\u00eda indicios de que sopesaba abandonar lo que hasta hace poco era su v\u00eda diplom\u00e1tica preferida.<\/p>\n\n\n\n<p><strong>La opci\u00f3n m\u00e1s probable que baraja Trump ser\u00eda el uso de gigantescas bombas estadounidenses \u00abbunker-buster\u00bb<\/strong>&nbsp;contra la instalaci\u00f3n nuclear iran\u00ed de Fordow, profundamente enterrada y a la que el armamento de Israel no puede llegar.<\/p>\n\n\n\n<p>Seg\u00fan funcionarios estadounidenses, la prioridad de Trump<strong>&nbsp;es desmantelar el programa nuclear de Ir\u00e1n<\/strong>&nbsp;porque teme que el pa\u00eds quiera dotarse del arma at\u00f3mica. Teher\u00e1n lo desmiente.<\/p>\n\n\n\n<p>Trump tambi\u00e9n dio a entender que el asesinato del ayatol\u00e1 Jamenei est\u00e1 de nuevo sobre la mesa, d\u00edas despu\u00e9s de que un funcionario estadounidense dijera que se descart\u00f3.<\/p>\n\n\n\n<p>Funcionarios estadounidenses insisten en que Trump&nbsp;<strong>a\u00fan no ha tomado una decisi\u00f3n&nbsp;<\/strong>y sopesa todas las opciones en un contexto que cambia \u00abcada hora\u00bb.<\/p>\n\n\n\n<p>Seg\u00fan la plataforma de noticias Axios, Trump incluso considera una nueva reuni\u00f3n entre su principal negociador, Steve Witkoff, y el ministro de Relaciones Exteriores iran\u00ed, Ab\u00e1s Araqchi. <\/p>\n\n\n\n<figure class=\"wp-block-gallery has-nested-images columns-default is-cropped wp-block-gallery-1 is-layout-flex wp-block-gallery-is-layout-flex\">\n<figure class=\"wp-block-image size-large\"><img loading=\"lazy\" decoding=\"async\" width=\"878\" height=\"522\" data-id=\"3066\" src=\"https:\/\/pasahoy.com.ar\/ph\/wp-content\/uploads\/2025\/06\/1000431950.png\" alt=\"\" class=\"wp-image-3066\" srcset=\"https:\/\/pasahoy.com.ar\/ph\/wp-content\/uploads\/2025\/06\/1000431950.png 878w, https:\/\/pasahoy.com.ar\/ph\/wp-content\/uploads\/2025\/06\/1000431950-300x178.png 300w, https:\/\/pasahoy.com.ar\/ph\/wp-content\/uploads\/2025\/06\/1000431950-768x457.png 768w\" sizes=\"auto, (max-width: 878px) 100vw, 878px\" \/><\/figure>\n<\/figure>\n","protected":false},"excerpt":{"rendered":"<p>\u00bfEstados Unidos se implicar\u00e1 directamente en la guerra entre su aliado Israel e Ir\u00e1n?&nbsp;Se desconoce la decisi\u00f3n que el presidente Donald Trump tomar\u00e1, pero por el momento prepara el terreno. Trump aliment\u00f3 las especulaciones sobre una intervenci\u00f3n estadounidense al acortar su participaci\u00f3n en una cumbre del G7 en Canad\u00e1 y con algunas de sus declaraciones. [&hellip;]<\/p>\n","protected":false},"author":3,"featured_media":3066,"comment_status":"open","ping_status":"open","sticky":false,"template":"","format":"standard","meta":{"_jetpack_memberships_contains_paid_content":false,"footnotes":""},"categories":[3],"tags":[],"class_list":["post-3065","post","type-post","status-publish","format-standard","has-post-thumbnail","hentry","category-internacional"],"jetpack_featured_media_url":"https:\/\/pasahoy.com.ar\/ph\/wp-content\/uploads\/2025\/06\/1000431950.png","jetpack_sharing_enabled":true,"_links":{"self":[{"href":"https:\/\/pasahoy.com.ar\/ph\/wp-json\/wp\/v2\/posts\/3065","targetHints":{"allow":["GET"]}}],"collection":[{"href":"https:\/\/pasahoy.com.ar\/ph\/wp-json\/wp\/v2\/posts"}],"about":[{"href":"https:\/\/pasahoy.com.ar\/ph\/wp-json\/wp\/v2\/types\/post"}],"author":[{"embeddable":true,"href":"https:\/\/pasahoy.com.ar\/ph\/wp-json\/wp\/v2\/users\/3"}],"replies":[{"embeddable":true,"href":"https:\/\/pasahoy.com.ar\/ph\/wp-json\/wp\/v2\/comments?post=3065"}],"version-history":[{"count":1,"href":"https:\/\/pasahoy.com.ar\/ph\/wp-json\/wp\/v2\/posts\/3065\/revisions"}],"predecessor-version":[{"id":3067,"href":"https:\/\/pasahoy.com.ar\/ph\/wp-json\/wp\/v2\/posts\/3065\/revisions\/3067"}],"wp:featuredmedia":[{"embeddable":true,"href":"https:\/\/pasahoy.com.ar\/ph\/wp-json\/wp\/v2\/media\/3066"}],"wp:attachment":[{"href":"https:\/\/pasahoy.com.ar\/ph\/wp-json\/wp\/v2\/media?parent=3065"}],"wp:term":[{"taxonomy":"category","embeddable":true,"href":"https:\/\/pasahoy.com.ar\/ph\/wp-json\/wp\/v2\/categories?post=3065"},{"taxonomy":"post_tag","embeddable":true,"href":"https:\/\/pasahoy.com.ar\/ph\/wp-json\/wp\/v2\/tags?post=3065"}],"curies":[{"name":"wp","href":"https:\/\/api.w.org\/{rel}","templated":true}]}}