{"id":3053,"date":"2025-06-17T18:35:00","date_gmt":"2025-06-17T18:35:00","guid":{"rendered":"https:\/\/pasahoy.com.ar\/ph\/?p=3053"},"modified":"2025-06-17T18:35:14","modified_gmt":"2025-06-17T18:35:14","slug":"cristina-kirchner-quedara-presa-esta-tarde-en-su-casa-y-manana-no-podra-participar-de-la-movilizacion","status":"publish","type":"post","link":"https:\/\/pasahoy.com.ar\/ph\/cristina-kirchner-quedara-presa-esta-tarde-en-su-casa-y-manana-no-podra-participar-de-la-movilizacion\/","title":{"rendered":"Cristina Kirchner quedar\u00e1 presa esta tarde en su casa y ma\u00f1ana no podr\u00e1 participar de la movilizaci\u00f3n"},"content":{"rendered":"\n<p>El juez Gorini le notificar\u00e1 la prisi\u00f3n domiciliaria por Zoom. Busca evitar el desplazamiento de la expresidenta hasta Comodoro Py. Fuentes del Gobierno se lo confirmaron a TN. El PJ ratific\u00f3 la manifestaci\u00f3n: concentrar\u00e1n a las 10 en Constituci\u00f3n.<\/p>\n\n\n\n<p>El Tribunal Oral Federal N\u00b02 notificar\u00e1 esta tarde a Cristina Kirchner de la prisi\u00f3n domiciliaria. As\u00ed lo confirmaron fuentes del Gobierno a TN. Lo har\u00e1n por Zoom y ser\u00e1 para evitar el desplazamiento de la expresidenta.<\/p>\n\n\n\n<p>De esta manera,\u00a0<strong>la titular del PJ quedar\u00e1 presa<\/strong>\u00a0y no podr\u00e1 participar de la\u00a0<a href=\"https:\/\/tn.com.ar\/politica\/2025\/06\/17\/doble-cumbre-en-el-pj-antes-de-la-marcha-por-cfk-se-reunen-la-cupula-de-la-cgt-y-los-gobernadores-peronistas\/\" target=\"_blank\" rel=\"noreferrer noopener\">movilizaci\u00f3n prevista para ma\u00f1ana<\/a>.<\/p>\n\n\n\n<p>La definici\u00f3n se dar\u00e1 en medio de una jornada clave: este mismo martes, los&nbsp;<a href=\"https:\/\/tn.com.ar\/politica\/2025\/06\/17\/uno-por-uno-los-argumentos-de-los-fiscales-para-rechazar-la-prision-domiciliaria-de-cristina-kirchner\/\" rel=\"noreferrer noopener\" target=\"_blank\"><strong>fiscales Diego Luciani y Sergio Mola<\/strong><\/a>&nbsp;rechazaron el pedido de la defensa de Cristina y recomendaron que se mantenga la orden original de detenci\u00f3n. Sin embargo, el juez&nbsp;<strong>Jorge Gorini&nbsp;<\/strong>ya tiene avanzada una resoluci\u00f3n en sentido contrario y prepara los detalles finales del documento que oficializar\u00e1 la medida en las pr\u00f3ximas horas.<\/p>\n\n\n\n<p>El plazo para que la expresidenta se presente voluntariamente en tribunales vence este mi\u00e9rcoles. Pero una vez que se concrete la notificaci\u00f3n, la instancia judicial&nbsp;<strong>se cumplir\u00e1 sin necesidad de traslado<\/strong>&nbsp;y Cristina quedar\u00e1 detenida en su departamento de San Jos\u00e9 al 1100, en el barrio porte\u00f1o de&nbsp;<strong>Constituci\u00f3n<\/strong>.<\/p>\n\n\n\n<p>La medida incluye algunas condiciones puntuales.&nbsp;<strong>No habr\u00eda tobillera electr\u00f3nica<\/strong>&nbsp;por falta de dispositivos, pero se implementar\u00e1 una&nbsp;<strong>custodia presencial<\/strong>&nbsp;a cargo de fuerzas de seguridad oficiales. Tambi\u00e9n&nbsp;<strong>se restringir\u00e1 el aforo de reuniones pol\u00edticas<\/strong>&nbsp;en su domicilio, aunque no tendr\u00e1 l\u00edmites para comunicarse por redes, conceder&nbsp;<strong>entrevistas&nbsp;<\/strong>ni aparecer en espacios p\u00fablicos como el&nbsp;<strong>balc\u00f3n&nbsp;<\/strong>de su departamento.<\/p>\n\n\n\n<p>En el Gobierno tem\u00edan que un traslado judicial de Cristina desencadene una&nbsp;<strong>protesta dif\u00edcil de controlar<\/strong>. Desde el peronismo, sin embargo, insisten en que la movilizaci\u00f3n sigue en pie, incluso si la notificaci\u00f3n de la domiciliaria se concreta antes. La consigna&nbsp;<strong>\u201cCristina Libre\u201d<\/strong>, impulsada por distintos sectores del PJ, gremios y organizaciones sociales, apunta a denunciar una&nbsp;<strong>persecuci\u00f3n judicial<\/strong>&nbsp;y acompa\u00f1ar a la exmandataria frente a lo que consideran un caso de&nbsp;<em>lawfare<\/em>.<\/p>\n\n\n\n<p>Mientras tanto, la\u00a0<strong>defensa\u00a0<\/strong>de la exmandataria ya activ\u00f3 una estrategia internacional: denunci\u00f3 su situaci\u00f3n ante la\u00a0<strong>Corte Penal Internacional<\/strong>\u00a0y planea presentarse ante la CIDH para intentar\u00a0<strong>revertir la inhabilitaci\u00f3n de por vida<\/strong>\u00a0para ejercer cargos p\u00fablicos que tambi\u00e9n ratific\u00f3 la Corte Suprema. Como antecedente, citar\u00e1n el caso del actual presidente de Colombia, Gustavo Petro.<\/p>\n\n\n\n<p>Resta saber si la militancia aceptar\u00e1 la nueva realidad o insistir\u00e1 con una movilizaci\u00f3n que, ahora, pierde su raz\u00f3n inicial: la detenci\u00f3n en tribunales de la principal figura del kirchnerismo<em><strong>.<\/strong><\/em><\/p>\n\n\n\n<figure class=\"wp-block-gallery has-nested-images columns-default is-cropped wp-block-gallery-1 is-layout-flex wp-block-gallery-is-layout-flex\">\n<figure class=\"wp-block-image size-large\"><img loading=\"lazy\" decoding=\"async\" width=\"978\" height=\"546\" data-id=\"3054\" src=\"https:\/\/pasahoy.com.ar\/ph\/wp-content\/uploads\/2025\/06\/1000431460.png\" alt=\"\" class=\"wp-image-3054\" srcset=\"https:\/\/pasahoy.com.ar\/ph\/wp-content\/uploads\/2025\/06\/1000431460.png 978w, https:\/\/pasahoy.com.ar\/ph\/wp-content\/uploads\/2025\/06\/1000431460-300x167.png 300w, https:\/\/pasahoy.com.ar\/ph\/wp-content\/uploads\/2025\/06\/1000431460-768x429.png 768w\" sizes=\"auto, (max-width: 978px) 100vw, 978px\" \/><\/figure>\n<\/figure>\n","protected":false},"excerpt":{"rendered":"<p>El juez Gorini le notificar\u00e1 la prisi\u00f3n domiciliaria por Zoom. Busca evitar el desplazamiento de la expresidenta hasta Comodoro Py. Fuentes del Gobierno se lo confirmaron a TN. El PJ ratific\u00f3 la manifestaci\u00f3n: concentrar\u00e1n a las 10 en Constituci\u00f3n. El Tribunal Oral Federal N\u00b02 notificar\u00e1 esta tarde a Cristina Kirchner de la prisi\u00f3n domiciliaria. As\u00ed [&hellip;]<\/p>\n","protected":false},"author":3,"featured_media":3054,"comment_status":"open","ping_status":"open","sticky":false,"template":"","format":"standard","meta":{"_jetpack_memberships_contains_paid_content":false,"footnotes":""},"categories":[2],"tags":[],"class_list":["post-3053","post","type-post","status-publish","format-standard","has-post-thumbnail","hentry","category-nacional"],"jetpack_featured_media_url":"https:\/\/pasahoy.com.ar\/ph\/wp-content\/uploads\/2025\/06\/1000431460.png","jetpack_sharing_enabled":true,"_links":{"self":[{"href":"https:\/\/pasahoy.com.ar\/ph\/wp-json\/wp\/v2\/posts\/3053","targetHints":{"allow":["GET"]}}],"collection":[{"href":"https:\/\/pasahoy.com.ar\/ph\/wp-json\/wp\/v2\/posts"}],"about":[{"href":"https:\/\/pasahoy.com.ar\/ph\/wp-json\/wp\/v2\/types\/post"}],"author":[{"embeddable":true,"href":"https:\/\/pasahoy.com.ar\/ph\/wp-json\/wp\/v2\/users\/3"}],"replies":[{"embeddable":true,"href":"https:\/\/pasahoy.com.ar\/ph\/wp-json\/wp\/v2\/comments?post=3053"}],"version-history":[{"count":1,"href":"https:\/\/pasahoy.com.ar\/ph\/wp-json\/wp\/v2\/posts\/3053\/revisions"}],"predecessor-version":[{"id":3055,"href":"https:\/\/pasahoy.com.ar\/ph\/wp-json\/wp\/v2\/posts\/3053\/revisions\/3055"}],"wp:featuredmedia":[{"embeddable":true,"href":"https:\/\/pasahoy.com.ar\/ph\/wp-json\/wp\/v2\/media\/3054"}],"wp:attachment":[{"href":"https:\/\/pasahoy.com.ar\/ph\/wp-json\/wp\/v2\/media?parent=3053"}],"wp:term":[{"taxonomy":"category","embeddable":true,"href":"https:\/\/pasahoy.com.ar\/ph\/wp-json\/wp\/v2\/categories?post=3053"},{"taxonomy":"post_tag","embeddable":true,"href":"https:\/\/pasahoy.com.ar\/ph\/wp-json\/wp\/v2\/tags?post=3053"}],"curies":[{"name":"wp","href":"https:\/\/api.w.org\/{rel}","templated":true}]}}