{"id":3042,"date":"2025-06-17T18:20:15","date_gmt":"2025-06-17T18:20:15","guid":{"rendered":"https:\/\/pasahoy.com.ar\/ph\/?p=3042"},"modified":"2025-06-17T18:21:21","modified_gmt":"2025-06-17T18:21:21","slug":"los-fiscales-rechazaron-la-prision-domiciliaria-de-cristina-kirchner-y-define-el-juez","status":"publish","type":"post","link":"https:\/\/pasahoy.com.ar\/ph\/los-fiscales-rechazaron-la-prision-domiciliaria-de-cristina-kirchner-y-define-el-juez\/","title":{"rendered":"Los fiscales rechazaron la prisi\u00f3n domiciliaria de Cristina Kirchner y define el juez"},"content":{"rendered":"\n<p>La solicitud de la expresidenta para cumplir la pena en su casa qued\u00f3 en manos de Jorge Gorini; podr\u00eda comunicar su decisi\u00f3n de forma virtual, lo que podr\u00eda cambiar los planes de la marcha del PJ<\/p>\n\n\n\n<p>Los fiscales del juicio oral,&nbsp;<strong>Diego Luciani&nbsp;<\/strong>y&nbsp;<strong>Sergio Mola<\/strong>, rechazaron hoy el pedido de&nbsp;<strong>Cristina Kirchner<\/strong>&nbsp;para cumplir la pena de 6 a\u00f1os de prisi\u00f3n en su casa del barrio de Constituci\u00f3n. Ahora, la solicitud qued\u00f3&nbsp;<a href=\"https:\/\/www.lanacion.com.ar\/politica\/el-gobierno-envia-senales-a-la-justicia-para-evitar-la-marcha-del-miercoles-en-apoyo-a-cristina-nid16062025\/\">en manos del juez&nbsp;<strong>Jorge Gorini&nbsp;<\/strong><\/a>que junto a sus colegas del Tribunal Oral Federal N\u00b0 2 (TOF 2) deber\u00e1 definir la suerte de la expresidenta. Se espera una definici\u00f3n para hoy mismo, seg\u00fan las fuentes judiciales. <\/p>\n\n\n\n<p>No se advierten las razones humanitarias que justifican conceder una medida excepcional como lo es la detenci\u00f3n domiciliaria\u201d, dijeron los fiscales. \u201cEn particular, no se encuentran configuradas ni esgrimidas razones de salud o razones personales que, vinculadas a la edad, permitan inferir que el encierro carcelario pueda afectar el derecho a un trato digno o humanitario reconocido a las personas privadas de su libertad\u201d, argumentaron Luciani y Mola.<\/p>\n\n\n\n<p>Adem\u00e1s, los fiscales pidieron que, en caso de que el juez rechace su dictamen, que no es vinculante, la expresidenta s\u00ed utilice una&nbsp;<strong>tobillera electr\u00f3nica<\/strong>, a contramano del pedido de su abogado defensor, Alberto Beraldi, que dijo que ese monitoreo era \u201cinnecesario\u201d. En esa l\u00ednea, los fiscales desecharon que el uso de la tobillera sea una \u201cdilapidaci\u00f3n de los escasos recursos\u201d del Estado, tal como argument\u00f3 Beraldi en un escrito.<\/p>\n\n\n\n<p>Los representantes del Ministerio P\u00fablico apoyaron su postura en el art\u00edculo 10 del C\u00f3digo Penal que dice que los jueces \u201cpodr\u00e1n\u201d conceder el beneficio cuando el condenado supere los 70 a\u00f1os de edad, por lo que no est\u00e1n necesariamente obligados a otorgarla.<\/p>\n\n\n\n<p>Tambi\u00e9n mencionaron fallos de la C\u00e1mara de Casaci\u00f3n en ese sentido y el resultado del estudio socioambiental ordenado por el juez Gorini para saber si el domicilio elegido por la expresidenta -sobre la calle San Jos\u00e9 en el barrio de Constituci\u00f3n- cumple con los requisitos para poder transitar all\u00ed la pena. Durante esa evaluci\u00f3n, Cristina Kirchner sostuvo encontrarse en un buen estado de salud en general, aseguran los fiscales.<\/p>\n\n\n\n<p>\u201cEn suma, la ejecuci\u00f3n de la pena bajo el r\u00e9gimen domiciliario. En primer lugar, constituye una excepci\u00f3n al cumplimiento de la pena privativa de libertad en prisi\u00f3n. En segundo lugar,<strong>&nbsp;no debe ser admitida autom\u00e1ticamente<\/strong>&nbsp;por la mera circunstancia de que la persona condenada se encuentre comprendida dentro de uno de los supuestos previstos en las disposiciones citadas\u201d, afirmaron los fiscales. <\/p>\n\n\n\n<p>La defensa no ha demostrado que, ni se advierte -insistieron- que la privaci\u00f3n de libertad en el establecimiento carcelario suponga, por s\u00ed misma, un menoscabo a la vida o a la integridad personal de la peticionante\u201d. <\/p>\n\n\n\n<p>La defensa de Cristina Kirchner hab\u00eda solicitado la prisi\u00f3n domiciliaria en raz\u00f3n de la edad -la expresidenta tiene 72 a\u00f1os- y el ataque que sufri\u00f3 en septiembre de 2022 en la puerta de su casa en Recoleta. Argumentos que hoy desecharon los fiscales, pero que quedar\u00e1n bajo estudio del juez Gorini y sus colegas Andr\u00e9s Basso y Rodrigo G\u00edmenez Uriburu.<\/p>\n\n\n\n<p><\/p>\n\n\n\n<figure class=\"wp-block-gallery has-nested-images columns-default is-cropped wp-block-gallery-1 is-layout-flex wp-block-gallery-is-layout-flex\">\n<figure class=\"wp-block-image size-large\"><img loading=\"lazy\" decoding=\"async\" width=\"955\" height=\"553\" data-id=\"3043\" src=\"https:\/\/pasahoy.com.ar\/ph\/wp-content\/uploads\/2025\/06\/1000431397.png\" alt=\"\" class=\"wp-image-3043\" srcset=\"https:\/\/pasahoy.com.ar\/ph\/wp-content\/uploads\/2025\/06\/1000431397.png 955w, https:\/\/pasahoy.com.ar\/ph\/wp-content\/uploads\/2025\/06\/1000431397-300x174.png 300w, https:\/\/pasahoy.com.ar\/ph\/wp-content\/uploads\/2025\/06\/1000431397-768x445.png 768w\" sizes=\"auto, (max-width: 955px) 100vw, 955px\" \/><\/figure>\n<\/figure>\n","protected":false},"excerpt":{"rendered":"<p>La solicitud de la expresidenta para cumplir la pena en su casa qued\u00f3 en manos de Jorge Gorini; podr\u00eda comunicar su decisi\u00f3n de forma virtual, lo que podr\u00eda cambiar los planes de la marcha del PJ Los fiscales del juicio oral,&nbsp;Diego Luciani&nbsp;y&nbsp;Sergio Mola, rechazaron hoy el pedido de&nbsp;Cristina Kirchner&nbsp;para cumplir la pena de 6 a\u00f1os [&hellip;]<\/p>\n","protected":false},"author":3,"featured_media":3043,"comment_status":"open","ping_status":"open","sticky":false,"template":"","format":"standard","meta":{"_jetpack_memberships_contains_paid_content":false,"footnotes":""},"categories":[2],"tags":[],"class_list":["post-3042","post","type-post","status-publish","format-standard","has-post-thumbnail","hentry","category-nacional"],"jetpack_featured_media_url":"https:\/\/pasahoy.com.ar\/ph\/wp-content\/uploads\/2025\/06\/1000431397.png","jetpack_sharing_enabled":true,"_links":{"self":[{"href":"https:\/\/pasahoy.com.ar\/ph\/wp-json\/wp\/v2\/posts\/3042","targetHints":{"allow":["GET"]}}],"collection":[{"href":"https:\/\/pasahoy.com.ar\/ph\/wp-json\/wp\/v2\/posts"}],"about":[{"href":"https:\/\/pasahoy.com.ar\/ph\/wp-json\/wp\/v2\/types\/post"}],"author":[{"embeddable":true,"href":"https:\/\/pasahoy.com.ar\/ph\/wp-json\/wp\/v2\/users\/3"}],"replies":[{"embeddable":true,"href":"https:\/\/pasahoy.com.ar\/ph\/wp-json\/wp\/v2\/comments?post=3042"}],"version-history":[{"count":2,"href":"https:\/\/pasahoy.com.ar\/ph\/wp-json\/wp\/v2\/posts\/3042\/revisions"}],"predecessor-version":[{"id":3046,"href":"https:\/\/pasahoy.com.ar\/ph\/wp-json\/wp\/v2\/posts\/3042\/revisions\/3046"}],"wp:featuredmedia":[{"embeddable":true,"href":"https:\/\/pasahoy.com.ar\/ph\/wp-json\/wp\/v2\/media\/3043"}],"wp:attachment":[{"href":"https:\/\/pasahoy.com.ar\/ph\/wp-json\/wp\/v2\/media?parent=3042"}],"wp:term":[{"taxonomy":"category","embeddable":true,"href":"https:\/\/pasahoy.com.ar\/ph\/wp-json\/wp\/v2\/categories?post=3042"},{"taxonomy":"post_tag","embeddable":true,"href":"https:\/\/pasahoy.com.ar\/ph\/wp-json\/wp\/v2\/tags?post=3042"}],"curies":[{"name":"wp","href":"https:\/\/api.w.org\/{rel}","templated":true}]}}