{"id":3038,"date":"2025-06-17T18:16:40","date_gmt":"2025-06-17T18:16:40","guid":{"rendered":"https:\/\/pasahoy.com.ar\/ph\/?p=3038"},"modified":"2025-06-17T18:16:40","modified_gmt":"2025-06-17T18:16:40","slug":"el-ministro-ernesto-perez-participo-en-una-importante-inauguracion-en-ramallo","status":"publish","type":"post","link":"https:\/\/pasahoy.com.ar\/ph\/el-ministro-ernesto-perez-participo-en-una-importante-inauguracion-en-ramallo\/","title":{"rendered":"EL MINISTRO ERNESTO P\u00c9REZ PARTICIP\u00d3 EN UNA IMPORTANTE INAUGURACI\u00d3N EN RAMALLO"},"content":{"rendered":"\n<p><br>El gobierno de La Rioja espera firmar convenios estrat\u00e9gicos para el desarrollo de nuevos productos para el sector agropecuario.<br>Inauguraci\u00f3n de Planta de Biol\u00f3gicos de AFA<br>El Ministro de Producci\u00f3n y Ambiente, Ernesto P\u00e9rez, particip\u00f3 de la inauguraci\u00f3n de una Planta de Biol\u00f3gicos de Agricultores Federados Argentinos (AFA), en Ramallo, que representa una herramienta clave para el fortalecimiento del agro argentino.<br>Junto al Secretario de Agricultura, Ing. Jorge Mario Ortiz, y autoridades de AFA, fueron testigos de este avance tecnol\u00f3gico que abre nuevas oportunidades para la producci\u00f3n sostenible.<br>Desde el Ministerio de Producci\u00f3n y Ambiente se impulsa la articulaci\u00f3n entre provincias y entidades productivas. En ese marco, se prev\u00e9 la firma de convenios estrat\u00e9gicos entre La Rioja y AFA para el desarrollo de nuevos bioproductos que beneficien al sector agropecuario.<br>A mayor innovaci\u00f3n, mayor valor agregado y mejor futuro para el campo.<br>PIAR en acci\u00f3n<br>En el inicio de las actividades de los \u00faltimos d\u00edas, el equipo se reuni\u00f3 con el gerente de La Cayana, empresa elaboradora de alfajores artesanales, para avanzar en el proyecto de crecimiento de esta empresa riojana que apuesta a dar un salto hacia la industrializaci\u00f3n, un claro ejemplo en el marco del programa PIAR. Esta empresa, La Cayana, es una muestra de c\u00f3mo la innovaci\u00f3n, la tradici\u00f3n y el desarrollo local pueden combinarse para abrir nuevas oportunidades de producci\u00f3n, empleo y mercados.<br>Esta semana el Secretario de Biotecnolog\u00eda, Dr. Renzo Castro, y el Subsecretario de Modernizaci\u00f3n, Claudio Carvajal Manzo, participaron en representaci\u00f3n del Ministerio de Producci\u00f3n y Ambiente, del lanzamiento regional del programa Incubando Salud, organizado por la Fundaci\u00f3n Barcel\u00f3, en su sede de La Rioja. Este espacio impulsa ideas de negocio en salud y apoya a emprendedores en sus primeras etapas con asesoramiento, mentor\u00edas y recursos estrat\u00e9gicos. Durante el encuentro, tambi\u00e9n presentaron el programa PIAR, una iniciativa clave que promueve el desarrollo productivo con enfoque territorial y sustentable.<br>El programa PIAR, es un programa que no entrega subsidios, invierte en vos. Porque sabemos que no todos arrancan desde el mismo lugar, el Estado se convierte en tu socio estrat\u00e9gico para crear valor en origen y transformar tu producci\u00f3n.<\/p>\n\n\n\n<figure class=\"wp-block-gallery has-nested-images columns-default is-cropped wp-block-gallery-1 is-layout-flex wp-block-gallery-is-layout-flex\">\n<figure class=\"wp-block-image size-large\"><img loading=\"lazy\" decoding=\"async\" width=\"1024\" height=\"947\" data-id=\"3040\" src=\"https:\/\/pasahoy.com.ar\/ph\/wp-content\/uploads\/2025\/06\/1000431389-1024x947.png\" alt=\"\" class=\"wp-image-3040\" srcset=\"https:\/\/pasahoy.com.ar\/ph\/wp-content\/uploads\/2025\/06\/1000431389-1024x947.png 1024w, https:\/\/pasahoy.com.ar\/ph\/wp-content\/uploads\/2025\/06\/1000431389-300x278.png 300w, https:\/\/pasahoy.com.ar\/ph\/wp-content\/uploads\/2025\/06\/1000431389-768x710.png 768w, https:\/\/pasahoy.com.ar\/ph\/wp-content\/uploads\/2025\/06\/1000431389.png 1080w\" sizes=\"auto, (max-width: 1024px) 100vw, 1024px\" \/><\/figure>\n\n\n\n<figure class=\"wp-block-image size-large\"><img loading=\"lazy\" decoding=\"async\" width=\"880\" height=\"1024\" data-id=\"3039\" src=\"https:\/\/pasahoy.com.ar\/ph\/wp-content\/uploads\/2025\/06\/1000431390-880x1024.png\" alt=\"\" class=\"wp-image-3039\" srcset=\"https:\/\/pasahoy.com.ar\/ph\/wp-content\/uploads\/2025\/06\/1000431390-880x1024.png 880w, https:\/\/pasahoy.com.ar\/ph\/wp-content\/uploads\/2025\/06\/1000431390-258x300.png 258w, https:\/\/pasahoy.com.ar\/ph\/wp-content\/uploads\/2025\/06\/1000431390-768x893.png 768w, https:\/\/pasahoy.com.ar\/ph\/wp-content\/uploads\/2025\/06\/1000431390.png 1054w\" sizes=\"auto, (max-width: 880px) 100vw, 880px\" \/><\/figure>\n<\/figure>\n\n\n\n<p>Si ten\u00e9s una idea vinculada al sector productivo, te ayudamos a desarrollarla. Si ya est\u00e1s produciendo, te damos las herramientas para escalar. Y si sos Pyme, te impulsamos a dar el salto agroindustrial.<br>PIAR es m\u00e1s que una pol\u00edtica p\u00fablica: es una alianza de futuro. Apostamos al talento local, al trabajo genuino, a quienes hacen crecer el interior productivo.<br>Sumate a PIAR ingresando a www.piar.com.ar<br>\u00a8Con el apoyo de Ricardo Quintela hoy incluimos a 300 micro emprendedores al programa Piar, un programa que financiar\u00e1 capital de trabajo, capacitaciones, herramientas, acompa\u00f1ar\u00e1 en la obtenci\u00f3n de sellos y de permisos necesarios para que todos puedan comerciar en l\u00ednea y en las distintas plataformas de ecomerce. Quintela apoya decididamente al sector privado de nano, micro y peque\u00f1os emprendedores que esperaban oportunidades. Estamos en el camino de generar oportunidades y los estamos esperando. Visiten www.piar.com.ar\u00a8, declar\u00f3 el Ministro Ernesto P\u00e9rez.<br>Entrega de Herramientas a Escuelas<br>El Administrador del Ministerio de Producci\u00f3n y Ambiente, Octavio Wamba, recibi\u00f3 a la Senadora Nacional, Florencia L\u00f3pez, para planificar una agenda de trabajo conjunta en el departamento Arauco.<br>En el marco de esta visita, se hizo entrega de herramientas agr\u00edcolas para escuelas de toda la provincia, reafirmando el compromiso con la educaci\u00f3n y el desarrollo productivo de nuestras comunidades.<br>\u00a1Seguimos trabajando por una provincia m\u00e1s fuerte y sostenible!<br>Senasa en Guandacol<\/p>\n\n\n\n<p>Nuestros compa\u00f1eros de la Secretar\u00eda de Agricultura, recibieron la visita del equipo t\u00e9cnico del Senasa La Rioja, en el Valle de Guandacol, integrado por Mar\u00eda Jim\u00e9nez y Ana Laura Busto, encargadas del \u00e1rea de inocuidad.<\/p>\n\n\n\n<p>Huertas Provinciales<br>El intendente de Castro Barros, Miguel de la Vega, realiz\u00f3 la entrega de plantines del programa de Huertas Provinciales a los consorcios de riego y a escuelas primarias de su departamento. Las diferentes variedades de verduras de estaci\u00f3n servir\u00e1n a las familias coste\u00f1as para la creaci\u00f3n de huertos.<br>Adem\u00e1s se entregaron plantines a la comunidad de los Colorados, para huertas familiares y para una huerta comunitaria. Ah\u00ed se trabaj\u00f3 conjuntamente con la cooperativa El Chacho.<br>Tambi\u00e9n se entregaron esta semana bandejas de plantines en Barrio Sociedad Rural, en el Centro Vecinal, en Talamuyuna y en Barrio 1 de Diciembre.<br>En Santa Clara y Guandacol, departamento General Felipe Varela, nuestros compa\u00f1eros entregaron las bandejas de plantines de hortalizas para huertas familiares y comunitarias.<br>Adem\u00e1s se entregaron bandejas en el Centro Vecinal 20 de Mayo, en San Pedro, ruta 6.<br>Recursos H\u00eddricos<br>Esta semana el Subsecretario de Enlace, Ing. Fabricio Roger, acompa\u00f1ado por parte de su equipo t\u00e9cnico, fueron recibidos en Malanz\u00e1n, departamento Juan Facundo Quiroga, por el Secretario de Producci\u00f3n, Ing. Gabriel S\u00e1nchez, con el fin de visitar la localidad de Atiles, en pos de iniciar la formulaci\u00f3n de un proyecto h\u00eddrico en cuanto al mejoramiento en captaci\u00f3n, conducci\u00f3n y distribuci\u00f3n de agua, para poder seguir ampliando la frontera agr\u00edcola en nuestros Llanos Riojanos.<br>El pasado viernes, en representaci\u00f3n del Ministro de Producci\u00f3n y Ambiente, el Subsecretario de Enlace, Ing. Fabricio Roger, particip\u00f3 en el departamento San Blas De Los Sauces del \u00ab1er Encuentro Federal\u00bb organizado por el Municipio del Departamento y la Jefatura de Gabinete.<br>Una vez conformadas las Mesas de Trabajo el Subsecretario de Enlace explic\u00f3 el avance de obra del Proyecto H\u00eddrico en ejecuci\u00f3n en el r\u00edo Los Sauces, las intervenciones pr\u00f3ximas a realizarse y los componentes restantes que el proyecto contempla.<\/p>\n\n\n\n<p>Cuadrillas<br>Esta semana se trabaj\u00f3 arduamente en todo el territorio provincial.<br>En la zona de El Zapallar se cosecharon hermosas mazorcas de ma\u00edz. En tanto en el \u00e1rea de Banda Florida, departamento General Felipe Varela, se inici\u00f3 la siembra de alfalfa.<br>En Guandacol avanza el relevamiento de productores vit\u00edcolas, en el Programa de Incremento de Superficies para variedades de pasas de uva, en un trabajo conjunto con la Sapem Valle Sol.<br>En Pagancillo, las cuadrillas se ocuparon con la limpieza de tierras para la siembra de temporada.<br>En el \u00e1rea de Villa Uni\u00f3n, sobre la costanera, estuvieron pasando la desmalezadora para productores de la zona.<br>En la Escuela Alicia Carrizo, en Villa Uni\u00f3n, se realiz\u00f3 trabajo de limpieza para luego forestar y trabajar en la hermosa plantaci\u00f3n de frutales y en la huerta escolar, con la ayuda de los alumnos de la instituci\u00f3n.<br>Mientras, en Vinchina avanzaron los trabajos de limpieza de predios y preparaci\u00f3n de tierras, y ya se inici\u00f3 la siembra en varias fincas.<br>En la zona de Casas Viejas y Quebrada del Vallecito, departamento Rosario Vera Pe\u00f1aloza, se trabaj\u00f3 intensamente con la comunidad, en las fincas y en las huertas.<br>Reflexi\u00f3n<br>\u00a8Esta ha sido una intensa semana. Destaco el imparable avance del programa PIAR, que ya suma m\u00e1s de 300 emprendedores felices, entusiasmados, trabajando en firme para dar un importante salto econ\u00f3mico en sus empresas. Es muy importante este avance para muchos riojanos, solo tienen que animarse y consultar, el futuro desarrollo brillante puede estar mucho m\u00e1s cerca de lo que suponen. Por otra parte, rescato la inauguraci\u00f3n de la Planta de Biol\u00f3gicos, en Ramallo, de AFA, Agricultores Federados Argentinos, porque nos abre puertas al desarrollo de nuevos materiales biol\u00f3gicos muy importantes para nuestra evoluci\u00f3n agr\u00edcola, y acceso a los que ya est\u00e1n disponibles. El gobierno de La Rioja busca este tipo de convenios estrat\u00e9gicos, que fundan el avance hacia un impulso econ\u00f3mico positivo y sostenible para nuestro sector productivo.\u00a8 Fueron las palabras del Secretario de Agricultura, Ing. Jorge Mario Ortiz, al cierre de esta jornada de trabajo.<\/p>\n","protected":false},"excerpt":{"rendered":"<p>El gobierno de La Rioja espera firmar convenios estrat\u00e9gicos para el desarrollo de nuevos productos para el sector agropecuario.Inauguraci\u00f3n de Planta de Biol\u00f3gicos de AFAEl Ministro de Producci\u00f3n y Ambiente, Ernesto P\u00e9rez, particip\u00f3 de la inauguraci\u00f3n de una Planta de Biol\u00f3gicos de Agricultores Federados Argentinos (AFA), en Ramallo, que representa una herramienta clave para el [&hellip;]<\/p>\n","protected":false},"author":3,"featured_media":3040,"comment_status":"open","ping_status":"open","sticky":false,"template":"","format":"standard","meta":{"_jetpack_memberships_contains_paid_content":false,"footnotes":""},"categories":[1],"tags":[],"class_list":["post-3038","post","type-post","status-publish","format-standard","has-post-thumbnail","hentry","category-local"],"jetpack_featured_media_url":"https:\/\/pasahoy.com.ar\/ph\/wp-content\/uploads\/2025\/06\/1000431389.png","jetpack_sharing_enabled":true,"_links":{"self":[{"href":"https:\/\/pasahoy.com.ar\/ph\/wp-json\/wp\/v2\/posts\/3038","targetHints":{"allow":["GET"]}}],"collection":[{"href":"https:\/\/pasahoy.com.ar\/ph\/wp-json\/wp\/v2\/posts"}],"about":[{"href":"https:\/\/pasahoy.com.ar\/ph\/wp-json\/wp\/v2\/types\/post"}],"author":[{"embeddable":true,"href":"https:\/\/pasahoy.com.ar\/ph\/wp-json\/wp\/v2\/users\/3"}],"replies":[{"embeddable":true,"href":"https:\/\/pasahoy.com.ar\/ph\/wp-json\/wp\/v2\/comments?post=3038"}],"version-history":[{"count":1,"href":"https:\/\/pasahoy.com.ar\/ph\/wp-json\/wp\/v2\/posts\/3038\/revisions"}],"predecessor-version":[{"id":3041,"href":"https:\/\/pasahoy.com.ar\/ph\/wp-json\/wp\/v2\/posts\/3038\/revisions\/3041"}],"wp:featuredmedia":[{"embeddable":true,"href":"https:\/\/pasahoy.com.ar\/ph\/wp-json\/wp\/v2\/media\/3040"}],"wp:attachment":[{"href":"https:\/\/pasahoy.com.ar\/ph\/wp-json\/wp\/v2\/media?parent=3038"}],"wp:term":[{"taxonomy":"category","embeddable":true,"href":"https:\/\/pasahoy.com.ar\/ph\/wp-json\/wp\/v2\/categories?post=3038"},{"taxonomy":"post_tag","embeddable":true,"href":"https:\/\/pasahoy.com.ar\/ph\/wp-json\/wp\/v2\/tags?post=3038"}],"curies":[{"name":"wp","href":"https:\/\/api.w.org\/{rel}","templated":true}]}}