{"id":3033,"date":"2025-06-17T18:13:58","date_gmt":"2025-06-17T18:13:58","guid":{"rendered":"https:\/\/pasahoy.com.ar\/ph\/?p=3033"},"modified":"2025-06-17T18:13:58","modified_gmt":"2025-06-17T18:13:58","slug":"operativo-de-salud-permitio-que-mas-de-200-famatinenses-accedieran-a-controles-medicos-gratuitos","status":"publish","type":"post","link":"https:\/\/pasahoy.com.ar\/ph\/operativo-de-salud-permitio-que-mas-de-200-famatinenses-accedieran-a-controles-medicos-gratuitos\/","title":{"rendered":"Operativo de salud permiti\u00f3 que m\u00e1s de 200 famatinenses accedieran a controles m\u00e9dicos gratuitos"},"content":{"rendered":"\n<p><em>La iniciativa, impulsada por el Gobierno provincial en articulaci\u00f3n con el Municipio de Famatina, ofreci\u00f3 atenciones m\u00e9dicas en distintas especialidades con foco en la prevenci\u00f3n. Se realizaron m\u00e1s de 180 estudios y consultas en una jornada que reafirma la decisi\u00f3n pol\u00edtica de acercar servicios esenciales a comunidades alejadas.<\/em><\/p>\n\n\n\n<figure class=\"wp-block-gallery has-nested-images columns-default is-cropped wp-block-gallery-1 is-layout-flex wp-block-gallery-is-layout-flex\">\n<figure class=\"wp-block-image size-large\"><img loading=\"lazy\" decoding=\"async\" width=\"1024\" height=\"682\" data-id=\"3035\" src=\"https:\/\/pasahoy.com.ar\/ph\/wp-content\/uploads\/2025\/06\/1000431020-1024x682.jpg\" alt=\"\" class=\"wp-image-3035\" srcset=\"https:\/\/pasahoy.com.ar\/ph\/wp-content\/uploads\/2025\/06\/1000431020-1024x682.jpg 1024w, https:\/\/pasahoy.com.ar\/ph\/wp-content\/uploads\/2025\/06\/1000431020-300x200.jpg 300w, https:\/\/pasahoy.com.ar\/ph\/wp-content\/uploads\/2025\/06\/1000431020-768x512.jpg 768w, https:\/\/pasahoy.com.ar\/ph\/wp-content\/uploads\/2025\/06\/1000431020.jpg 1280w\" sizes=\"auto, (max-width: 1024px) 100vw, 1024px\" \/><\/figure>\n\n\n\n<figure class=\"wp-block-image size-large\"><img loading=\"lazy\" decoding=\"async\" width=\"1024\" height=\"682\" data-id=\"3034\" src=\"https:\/\/pasahoy.com.ar\/ph\/wp-content\/uploads\/2025\/06\/1000431024-1024x682.jpg\" alt=\"\" class=\"wp-image-3034\" srcset=\"https:\/\/pasahoy.com.ar\/ph\/wp-content\/uploads\/2025\/06\/1000431024-1024x682.jpg 1024w, https:\/\/pasahoy.com.ar\/ph\/wp-content\/uploads\/2025\/06\/1000431024-300x200.jpg 300w, https:\/\/pasahoy.com.ar\/ph\/wp-content\/uploads\/2025\/06\/1000431024-768x512.jpg 768w, https:\/\/pasahoy.com.ar\/ph\/wp-content\/uploads\/2025\/06\/1000431024.jpg 1280w\" sizes=\"auto, (max-width: 1024px) 100vw, 1024px\" \/><\/figure>\n<\/figure>\n\n\n\n<p>El pasado viernes se desarroll\u00f3 en Famatina un importante operativo sociosanitario, donde m\u00e1s de 200 personas pudieron acceder a atenciones m\u00e9dicas en distintas especialidades, sin necesidad de trasladarse a otras localidades.<br>La jornada se enmarca en una decisi\u00f3n pol\u00edtica del Gobierno de la Provincia orientada a garantizar un Estado presente y servicios de salud accesibles para toda la comunidad. A trav\u00e9s de un trabajo conjunto entre la Jefatura de Gabinete, el Ministerio de Salud y el Municipio de Famatina, se brindaron controles m\u00e9dicos gratuitos con especial \u00e9nfasis en la prevenci\u00f3n y el cuidado integral de la salud.<br>El ministro de Salud, Juan Carlos Vergara, remarc\u00f3 la importancia de sostener este tipo de pol\u00edticas p\u00fablicas, especialmente en un contexto nacional de ajuste presupuestario. \u201cEstos operativos territoriales son una herramienta concreta para garantizar el acceso a la salud, sobre todo en zonas alejadas de los grandes centros urbanos. Seguiremos recorriendo la provincia con esta estrategia que impulsa nuestro gobernador Ricardo Quintela, convencidos de que la salud debe estar donde est\u00e1 la gente, sin importar la distancia o el contexto econ\u00f3mico\u201d, expres\u00f3.<br>La intendenta Adriana Olima tambi\u00e9n valor\u00f3 la presencia del equipo de salud en el departamento: \u201cSabemos que, debido a la crisis econ\u00f3mica, muchas personas no pueden trasladarse a otros departamentos o a la capital, por eso tener estos controles cerca es muy importante. Desde temprano hubo una gran convocatoria, lo que demuestra que esto es necesario. Hay una clara decisi\u00f3n pol\u00edtica de nuestro gobernador de hacer efectivo el federalismo, y este operativo es una muestra de eso\u00bb, afirm\u00f3.<br><em>Durante la jornada se realizaron:<\/em><br><em>27 mamograf\u00edas<\/em><br><em>26 estudios de Papanicolaou<\/em><br><em>79 atenciones oftalmol\u00f3gicas<\/em><br><em>21 consultas en traumatolog\u00eda<\/em><br><em>28 consultas con diabet\u00f3loga<\/em><br>Tambi\u00e9n participaron del operativo el viceintendente Marcelo Huerta; el jefe de Zona Sanitaria III, Ricardo Gasparovich; el director de Salud Comunitaria, Marcelo Menem; y la directora del Hospital de Famatina, Romina Llerene, entre otras autoridades, quienes recorrieron las instalaciones del hospital y acompa\u00f1aron el desarrollo de las actividades.<\/p>\n","protected":false},"excerpt":{"rendered":"<p>La iniciativa, impulsada por el Gobierno provincial en articulaci\u00f3n con el Municipio de Famatina, ofreci\u00f3 atenciones m\u00e9dicas en distintas especialidades con foco en la prevenci\u00f3n. Se realizaron m\u00e1s de 180 estudios y consultas en una jornada que reafirma la decisi\u00f3n pol\u00edtica de acercar servicios esenciales a comunidades alejadas. El pasado viernes se desarroll\u00f3 en Famatina [&hellip;]<\/p>\n","protected":false},"author":3,"featured_media":3035,"comment_status":"open","ping_status":"open","sticky":false,"template":"","format":"standard","meta":{"_jetpack_memberships_contains_paid_content":false,"footnotes":""},"categories":[1],"tags":[],"class_list":["post-3033","post","type-post","status-publish","format-standard","has-post-thumbnail","hentry","category-local"],"jetpack_featured_media_url":"https:\/\/pasahoy.com.ar\/ph\/wp-content\/uploads\/2025\/06\/1000431020.jpg","jetpack_sharing_enabled":true,"_links":{"self":[{"href":"https:\/\/pasahoy.com.ar\/ph\/wp-json\/wp\/v2\/posts\/3033","targetHints":{"allow":["GET"]}}],"collection":[{"href":"https:\/\/pasahoy.com.ar\/ph\/wp-json\/wp\/v2\/posts"}],"about":[{"href":"https:\/\/pasahoy.com.ar\/ph\/wp-json\/wp\/v2\/types\/post"}],"author":[{"embeddable":true,"href":"https:\/\/pasahoy.com.ar\/ph\/wp-json\/wp\/v2\/users\/3"}],"replies":[{"embeddable":true,"href":"https:\/\/pasahoy.com.ar\/ph\/wp-json\/wp\/v2\/comments?post=3033"}],"version-history":[{"count":1,"href":"https:\/\/pasahoy.com.ar\/ph\/wp-json\/wp\/v2\/posts\/3033\/revisions"}],"predecessor-version":[{"id":3036,"href":"https:\/\/pasahoy.com.ar\/ph\/wp-json\/wp\/v2\/posts\/3033\/revisions\/3036"}],"wp:featuredmedia":[{"embeddable":true,"href":"https:\/\/pasahoy.com.ar\/ph\/wp-json\/wp\/v2\/media\/3035"}],"wp:attachment":[{"href":"https:\/\/pasahoy.com.ar\/ph\/wp-json\/wp\/v2\/media?parent=3033"}],"wp:term":[{"taxonomy":"category","embeddable":true,"href":"https:\/\/pasahoy.com.ar\/ph\/wp-json\/wp\/v2\/categories?post=3033"},{"taxonomy":"post_tag","embeddable":true,"href":"https:\/\/pasahoy.com.ar\/ph\/wp-json\/wp\/v2\/tags?post=3033"}],"curies":[{"name":"wp","href":"https:\/\/api.w.org\/{rel}","templated":true}]}}