{"id":3029,"date":"2025-06-17T18:12:15","date_gmt":"2025-06-17T18:12:15","guid":{"rendered":"https:\/\/pasahoy.com.ar\/ph\/?p=3029"},"modified":"2025-06-17T18:12:29","modified_gmt":"2025-06-17T18:12:29","slug":"en-la-semana-de-la-miopia-realizan-controles-visuales-en-escuelas-para-cuidar-la-salud-ocular-de-la-infancia","status":"publish","type":"post","link":"https:\/\/pasahoy.com.ar\/ph\/en-la-semana-de-la-miopia-realizan-controles-visuales-en-escuelas-para-cuidar-la-salud-ocular-de-la-infancia\/","title":{"rendered":"En la Semana de la Miop\u00eda, realizan controles visuales en escuelas para cuidar la salud ocular de la infancia"},"content":{"rendered":"\n<p>El Ministerio de Salud cerr\u00f3 una semana de actividades preventivas con atenciones oftalmol\u00f3gicas en instituciones educativas primarias. La estrategia busca detectar alteraciones visuales desde edades tempranas y concientizar a las familias.<\/p>\n\n\n\n<p>El Ministerio de Salud de la Provincia llev\u00f3 adelante el cierre de la Semana de Prevenci\u00f3n de la Miop\u00eda con una jornada de control oftalmol\u00f3gico en la Escuela N.\u00ba 412 \u00abPapa Francisco\u00bb, como parte del Programa Provincial Crecer Sanos. La actividad estuvo destinada a ni\u00f1os y ni\u00f1as de nivel primario, con el objetivo de detectar precozmente alteraciones visuales y fortalecer el acceso a la atenci\u00f3n oftalmol\u00f3gica desde la ni\u00f1ez.<br>Durante toda la semana, equipos sanitarios visitaron las escuelas Juan Jos\u00e9 Pazos, Humberto Pereyra, Provincia de Misiones y Ciudad de los Azahares, donde realizaron controles de agudeza visual y promovieron el cuidado de la salud ocular. Ante la detecci\u00f3n de anomal\u00edas, se coordin\u00f3 la continuidad de la atenci\u00f3n junto a la Direcci\u00f3n de Salud Ocular y los Centros de Salud, para garantizar un seguimiento adecuado. Los controles se realizaron desde 1\u00ba hasta 7\u00ba grado.<br>La doctora Julia Gordillo Falzi, referente operativa del programa Crecer Sanos, explic\u00f3 que \u201ctrabajamos la salud visual durante todo el ciclo lectivo, haciendo controles preventivos en las escuelas. Esta semana hicimos foco en la miop\u00eda, una condici\u00f3n cada vez m\u00e1s com\u00fan en ni\u00f1as y ni\u00f1os en edad escolar. Es clave detectarla a tiempo, porque un ni\u00f1o que no ve bien no va a poder aprender con normalidad, por m\u00e1s esfuerzo que haga la escuela. La visi\u00f3n es uno de los sentidos m\u00e1s importantes que tenemos\u201d.<\/p>\n\n\n\n<p>Detecci\u00f3n temprana<\/p>\n\n\n\n<p>La miop\u00eda es un trastorno visual que provoca dificultad para ver con claridad los objetos lejanos. Muchas veces no presenta s\u00edntomas evidentes, por lo que su detecci\u00f3n temprana es esencial. Si no se trata a tiempo, puede afectar el rendimiento escolar, el desarrollo cognitivo y la calidad de vida de los ni\u00f1os y ni\u00f1as.<br>Una de las principales estrategias preventivas que se promueven desde el Ministerio es el uso responsable de pantallas. El exceso de exposici\u00f3n a celulares, tablets y computadoras en edades tempranas puede favorecer la aparici\u00f3n o el avance de la miop\u00eda. Por eso, adem\u00e1s del trabajo en las escuelas, se impulsa la concientizaci\u00f3n en los hogares, para que las familias acompa\u00f1en esta tarea.<br>Judith de la Fuente, directora de la Escuela N.\u00ba 412, valor\u00f3 la iniciativa, destac\u00f3 el rol de las familias y asegur\u00f3 que \u201ces muy importante que esta prevenci\u00f3n visual no solo se haga en el \u00e1mbito escolar, sino que tambi\u00e9n se fortalezca en las casas. Las familias deben acompa\u00f1ar limitando el uso de pantallas, incentivando actividades al aire libre y estando atentas a signos como dolores de cabeza o dificultad para ver la pizarra\u201d.<\/p>\n\n\n\n<figure class=\"wp-block-gallery has-nested-images columns-default is-cropped wp-block-gallery-1 is-layout-flex wp-block-gallery-is-layout-flex\">\n<figure class=\"wp-block-image size-large\"><img loading=\"lazy\" decoding=\"async\" width=\"1024\" height=\"682\" data-id=\"3030\" src=\"https:\/\/pasahoy.com.ar\/ph\/wp-content\/uploads\/2025\/06\/1000431243-1024x682.jpg\" alt=\"\" class=\"wp-image-3030\" srcset=\"https:\/\/pasahoy.com.ar\/ph\/wp-content\/uploads\/2025\/06\/1000431243-1024x682.jpg 1024w, https:\/\/pasahoy.com.ar\/ph\/wp-content\/uploads\/2025\/06\/1000431243-300x200.jpg 300w, https:\/\/pasahoy.com.ar\/ph\/wp-content\/uploads\/2025\/06\/1000431243-768x512.jpg 768w, https:\/\/pasahoy.com.ar\/ph\/wp-content\/uploads\/2025\/06\/1000431243.jpg 1280w\" sizes=\"auto, (max-width: 1024px) 100vw, 1024px\" \/><\/figure>\n\n\n\n<figure class=\"wp-block-image size-large\"><img loading=\"lazy\" decoding=\"async\" width=\"1024\" height=\"682\" data-id=\"3031\" src=\"https:\/\/pasahoy.com.ar\/ph\/wp-content\/uploads\/2025\/06\/1000431244-1024x682.jpg\" alt=\"\" class=\"wp-image-3031\" srcset=\"https:\/\/pasahoy.com.ar\/ph\/wp-content\/uploads\/2025\/06\/1000431244-1024x682.jpg 1024w, https:\/\/pasahoy.com.ar\/ph\/wp-content\/uploads\/2025\/06\/1000431244-300x200.jpg 300w, https:\/\/pasahoy.com.ar\/ph\/wp-content\/uploads\/2025\/06\/1000431244-768x512.jpg 768w, https:\/\/pasahoy.com.ar\/ph\/wp-content\/uploads\/2025\/06\/1000431244.jpg 1280w\" sizes=\"auto, (max-width: 1024px) 100vw, 1024px\" \/><\/figure>\n<\/figure>\n","protected":false},"excerpt":{"rendered":"<p>El Ministerio de Salud cerr\u00f3 una semana de actividades preventivas con atenciones oftalmol\u00f3gicas en instituciones educativas primarias. La estrategia busca detectar alteraciones visuales desde edades tempranas y concientizar a las familias. El Ministerio de Salud de la Provincia llev\u00f3 adelante el cierre de la Semana de Prevenci\u00f3n de la Miop\u00eda con una jornada de control [&hellip;]<\/p>\n","protected":false},"author":3,"featured_media":3030,"comment_status":"open","ping_status":"open","sticky":false,"template":"","format":"standard","meta":{"_jetpack_memberships_contains_paid_content":false,"footnotes":""},"categories":[10],"tags":[],"class_list":["post-3029","post","type-post","status-publish","format-standard","has-post-thumbnail","hentry","category-sociedad"],"jetpack_featured_media_url":"https:\/\/pasahoy.com.ar\/ph\/wp-content\/uploads\/2025\/06\/1000431243.jpg","jetpack_sharing_enabled":true,"_links":{"self":[{"href":"https:\/\/pasahoy.com.ar\/ph\/wp-json\/wp\/v2\/posts\/3029","targetHints":{"allow":["GET"]}}],"collection":[{"href":"https:\/\/pasahoy.com.ar\/ph\/wp-json\/wp\/v2\/posts"}],"about":[{"href":"https:\/\/pasahoy.com.ar\/ph\/wp-json\/wp\/v2\/types\/post"}],"author":[{"embeddable":true,"href":"https:\/\/pasahoy.com.ar\/ph\/wp-json\/wp\/v2\/users\/3"}],"replies":[{"embeddable":true,"href":"https:\/\/pasahoy.com.ar\/ph\/wp-json\/wp\/v2\/comments?post=3029"}],"version-history":[{"count":1,"href":"https:\/\/pasahoy.com.ar\/ph\/wp-json\/wp\/v2\/posts\/3029\/revisions"}],"predecessor-version":[{"id":3032,"href":"https:\/\/pasahoy.com.ar\/ph\/wp-json\/wp\/v2\/posts\/3029\/revisions\/3032"}],"wp:featuredmedia":[{"embeddable":true,"href":"https:\/\/pasahoy.com.ar\/ph\/wp-json\/wp\/v2\/media\/3030"}],"wp:attachment":[{"href":"https:\/\/pasahoy.com.ar\/ph\/wp-json\/wp\/v2\/media?parent=3029"}],"wp:term":[{"taxonomy":"category","embeddable":true,"href":"https:\/\/pasahoy.com.ar\/ph\/wp-json\/wp\/v2\/categories?post=3029"},{"taxonomy":"post_tag","embeddable":true,"href":"https:\/\/pasahoy.com.ar\/ph\/wp-json\/wp\/v2\/tags?post=3029"}],"curies":[{"name":"wp","href":"https:\/\/api.w.org\/{rel}","templated":true}]}}