{"id":3017,"date":"2025-06-17T01:11:57","date_gmt":"2025-06-17T01:11:57","guid":{"rendered":"https:\/\/pasahoy.com.ar\/ph\/?p=3017"},"modified":"2025-06-17T01:12:16","modified_gmt":"2025-06-17T01:12:16","slug":"peru-un-sismo-de-magnitud-61-en-lima-dejo-el-saldo-de-al-menos-un-muerto-y-cinco-heridos","status":"publish","type":"post","link":"https:\/\/pasahoy.com.ar\/ph\/peru-un-sismo-de-magnitud-61-en-lima-dejo-el-saldo-de-al-menos-un-muerto-y-cinco-heridos\/","title":{"rendered":"Per\u00fa: un sismo de magnitud 6,1 en Lima dej\u00f3 el saldo de al menos un muerto y cinco heridos"},"content":{"rendered":"\n<p><br>El fallecido a ra\u00edz del temblor era un \u00abmoto-taxista\u00bb que esperaba a un pasajero en la v\u00eda p\u00fablica y fue aplastado por una estructura. Los videos.<\/p>\n\n\n\n<p>Un<strong>&nbsp;fuerte sismo de magnitud 6.1 en la escala de Richter&nbsp;<\/strong>sacudi\u00f3 a&nbsp;<strong>Lima (Per\u00fa)<\/strong>, este domingo, dejando un saldo de&nbsp;<strong>al menos un muerto y cinco heridos<\/strong>. El epicentro del temblor, que se sinti\u00f3 a las 11:35 hora local, se localiz\u00f3 en la provincia vecina del Callao, a una profundidad de 49 kil\u00f3metros y a unos 30 kil\u00f3metros al suroeste.<\/p>\n\n\n\n<p>El&nbsp;<strong>Centro de Operaciones de Emergencia Nacional (COEN)&nbsp;<\/strong>confirm\u00f3 la tragedia a trav\u00e9s de su cuenta de X, detallando que<strong>&nbsp;la v\u00edctima mortal era un mototaxista de 36 a\u00f1os en el distrito de Independencia<\/strong>.<\/p>\n\n\n\n<p>Seg\u00fan informes policiales citados por Radio Programas del Per\u00fa,&nbsp;<strong>el hombre falleci\u00f3 al ser aplastado por una estructura que se desprendi\u00f3 de un cuarto piso mientras esperaba a un pasajero<\/strong>. Los cinco heridos recibieron atenci\u00f3n m\u00e9dica en distintos hospitales de la capital.<\/p>\n\n\n\n<p>Por supuesto, el terror de la gente fue total al sentir el temblor en la tierra. Muchos acudieron de inmediato a protegerse en sus hogares, mientras otros observaban asombrados lo que suced\u00eda.<\/p>\n\n\n\n<p>Tras el movimiento tel\u00farico, el\u00a0<strong>Centro de Operaciones de Emergencia Regional (COER)<\/strong>\u00a0<strong>de Lima\u00a0<\/strong>activ\u00f3 de inmediato sus\u00a0<strong>protocolos de emergencia<\/strong>. Se estableci\u00f3 comunicaci\u00f3n con los 43 distritos de la capital para evaluar la situaci\u00f3n, report\u00e1ndose deslizamientos moderados en los acantilados de la zona costera.<\/p>\n\n\n\n<p>Adem\u00e1s, el Comit\u00e9 de Operaci\u00f3n Econ\u00f3mica del Ministerio de Energ\u00eda y Minas inform\u00f3 sobre interrupciones en el servicio el\u00e9ctrico en varios distritos, incluyendo Villa El Salvador, Ventanilla, Anc\u00f3n y Pachac\u00e1mac.<\/p>\n\n\n\n<figure class=\"wp-block-gallery has-nested-images columns-default is-cropped wp-block-gallery-1 is-layout-flex wp-block-gallery-is-layout-flex\">\n<figure class=\"wp-block-image size-large\"><img loading=\"lazy\" decoding=\"async\" width=\"1024\" height=\"765\" data-id=\"3018\" src=\"https:\/\/pasahoy.com.ar\/ph\/wp-content\/uploads\/2025\/06\/1000429496-1024x765.png\" alt=\"\" class=\"wp-image-3018\" srcset=\"https:\/\/pasahoy.com.ar\/ph\/wp-content\/uploads\/2025\/06\/1000429496-1024x765.png 1024w, https:\/\/pasahoy.com.ar\/ph\/wp-content\/uploads\/2025\/06\/1000429496-300x224.png 300w, https:\/\/pasahoy.com.ar\/ph\/wp-content\/uploads\/2025\/06\/1000429496-768x573.png 768w, https:\/\/pasahoy.com.ar\/ph\/wp-content\/uploads\/2025\/06\/1000429496.png 1026w\" sizes=\"auto, (max-width: 1024px) 100vw, 1024px\" \/><\/figure>\n<\/figure>\n","protected":false},"excerpt":{"rendered":"<p>El fallecido a ra\u00edz del temblor era un \u00abmoto-taxista\u00bb que esperaba a un pasajero en la v\u00eda p\u00fablica y fue aplastado por una estructura. Los videos. Un&nbsp;fuerte sismo de magnitud 6.1 en la escala de Richter&nbsp;sacudi\u00f3 a&nbsp;Lima (Per\u00fa), este domingo, dejando un saldo de&nbsp;al menos un muerto y cinco heridos. El epicentro del temblor, que [&hellip;]<\/p>\n","protected":false},"author":3,"featured_media":3018,"comment_status":"open","ping_status":"open","sticky":false,"template":"","format":"standard","meta":{"_jetpack_memberships_contains_paid_content":false,"footnotes":""},"categories":[3],"tags":[],"class_list":["post-3017","post","type-post","status-publish","format-standard","has-post-thumbnail","hentry","category-internacional"],"jetpack_featured_media_url":"https:\/\/pasahoy.com.ar\/ph\/wp-content\/uploads\/2025\/06\/1000429496.png","jetpack_sharing_enabled":true,"_links":{"self":[{"href":"https:\/\/pasahoy.com.ar\/ph\/wp-json\/wp\/v2\/posts\/3017","targetHints":{"allow":["GET"]}}],"collection":[{"href":"https:\/\/pasahoy.com.ar\/ph\/wp-json\/wp\/v2\/posts"}],"about":[{"href":"https:\/\/pasahoy.com.ar\/ph\/wp-json\/wp\/v2\/types\/post"}],"author":[{"embeddable":true,"href":"https:\/\/pasahoy.com.ar\/ph\/wp-json\/wp\/v2\/users\/3"}],"replies":[{"embeddable":true,"href":"https:\/\/pasahoy.com.ar\/ph\/wp-json\/wp\/v2\/comments?post=3017"}],"version-history":[{"count":1,"href":"https:\/\/pasahoy.com.ar\/ph\/wp-json\/wp\/v2\/posts\/3017\/revisions"}],"predecessor-version":[{"id":3019,"href":"https:\/\/pasahoy.com.ar\/ph\/wp-json\/wp\/v2\/posts\/3017\/revisions\/3019"}],"wp:featuredmedia":[{"embeddable":true,"href":"https:\/\/pasahoy.com.ar\/ph\/wp-json\/wp\/v2\/media\/3018"}],"wp:attachment":[{"href":"https:\/\/pasahoy.com.ar\/ph\/wp-json\/wp\/v2\/media?parent=3017"}],"wp:term":[{"taxonomy":"category","embeddable":true,"href":"https:\/\/pasahoy.com.ar\/ph\/wp-json\/wp\/v2\/categories?post=3017"},{"taxonomy":"post_tag","embeddable":true,"href":"https:\/\/pasahoy.com.ar\/ph\/wp-json\/wp\/v2\/tags?post=3017"}],"curies":[{"name":"wp","href":"https:\/\/api.w.org\/{rel}","templated":true}]}}