{"id":2992,"date":"2025-06-14T21:30:57","date_gmt":"2025-06-14T21:30:57","guid":{"rendered":"https:\/\/pasahoy.com.ar\/ph\/?p=2992"},"modified":"2025-06-14T21:31:09","modified_gmt":"2025-06-14T21:31:09","slug":"chepes-condenaron-a-10-anos-de-prision-al-conductor-de-una-combi-escolar","status":"publish","type":"post","link":"https:\/\/pasahoy.com.ar\/ph\/chepes-condenaron-a-10-anos-de-prision-al-conductor-de-una-combi-escolar\/","title":{"rendered":"CHEPES: CONDENARON A 10 A\u00d1OS DE PRISI\u00d3N AL CONDUCTOR DE UNA COMBI ESCOLAR"},"content":{"rendered":"\n<p>La C\u00e1mara Civil, Comercial de Minas, Criminal y Correccional con sede en la ciudad de Chepes, en tribunal a cargo de la Presidenta Dra, Rosa Yaryura y los Vocales Dra. Mar\u00eda Alejandra L\u00f3pez y Dr. Ricardo Vera; condenaron a Cesar Pes a 10 a\u00f1os de prisi\u00f3n de cumplimiento efectivo, ordenando la detenci\u00f3n inmediata por encontrarlo penalmente responsable del delito de Abuso sexual gravemente ultrajante con da\u00f1os en la salud de la v\u00edctima seg\u00fan el Art\u00edculo N\u00b0 119 segundo p\u00e1rrafo y 120 del C\u00f3digo Penal Argentino.<\/p>\n\n\n\n<figure class=\"wp-block-gallery has-nested-images columns-default is-cropped wp-block-gallery-1 is-layout-flex wp-block-gallery-is-layout-flex\">\n<figure class=\"wp-block-image size-large\"><img loading=\"lazy\" decoding=\"async\" width=\"856\" height=\"561\" data-id=\"2993\" src=\"https:\/\/pasahoy.com.ar\/ph\/wp-content\/uploads\/2025\/06\/1000424954.jpg\" alt=\"\" class=\"wp-image-2993\" srcset=\"https:\/\/pasahoy.com.ar\/ph\/wp-content\/uploads\/2025\/06\/1000424954.jpg 856w, https:\/\/pasahoy.com.ar\/ph\/wp-content\/uploads\/2025\/06\/1000424954-300x197.jpg 300w, https:\/\/pasahoy.com.ar\/ph\/wp-content\/uploads\/2025\/06\/1000424954-768x503.jpg 768w\" sizes=\"auto, (max-width: 856px) 100vw, 856px\" \/><\/figure>\n<\/figure>\n\n\n\n<p>El Tribunal dict\u00f3 condena contra una persona que se desempe\u00f1aba como transportista escolar en la ciudad de Chepes, a ra\u00edz de un hecho ocurrido entre los meses de octubre y noviembre del a\u00f1o 2009, en perjuicio de una menor que era trasladada diariamente hacia su escuela primaria. Seg\u00fan se prob\u00f3 en el proceso judicial, el imputado aprovech\u00f3 su rol y el contexto del traslado para desviar la ruta habitual y someter a la v\u00edctima a una situaci\u00f3n grave de vulneraci\u00f3n.<\/p>\n\n\n\n<p>El hecho gener\u00f3 profundas consecuencias en la salud emocional y psicol\u00f3gica de la ni\u00f1a, las cuales motivaron a\u00f1os m\u00e1s tarde la intervenci\u00f3n de equipos profesionales especializados. La condena constituye una respuesta institucional ante una conducta de extrema gravedad, reafirmando el compromiso del sistema judicial con la protecci\u00f3n integral de los derechos de la ni\u00f1ez.<\/p>\n","protected":false},"excerpt":{"rendered":"<p>La C\u00e1mara Civil, Comercial de Minas, Criminal y Correccional con sede en la ciudad de Chepes, en tribunal a cargo de la Presidenta Dra, Rosa Yaryura y los Vocales Dra. Mar\u00eda Alejandra L\u00f3pez y Dr. Ricardo Vera; condenaron a Cesar Pes a 10 a\u00f1os de prisi\u00f3n de cumplimiento efectivo, ordenando la detenci\u00f3n inmediata por encontrarlo [&hellip;]<\/p>\n","protected":false},"author":3,"featured_media":2993,"comment_status":"open","ping_status":"open","sticky":false,"template":"","format":"standard","meta":{"_jetpack_memberships_contains_paid_content":false,"footnotes":""},"categories":[12],"tags":[],"class_list":["post-2992","post","type-post","status-publish","format-standard","has-post-thumbnail","hentry","category-judicial"],"jetpack_featured_media_url":"https:\/\/pasahoy.com.ar\/ph\/wp-content\/uploads\/2025\/06\/1000424954.jpg","jetpack_sharing_enabled":true,"_links":{"self":[{"href":"https:\/\/pasahoy.com.ar\/ph\/wp-json\/wp\/v2\/posts\/2992","targetHints":{"allow":["GET"]}}],"collection":[{"href":"https:\/\/pasahoy.com.ar\/ph\/wp-json\/wp\/v2\/posts"}],"about":[{"href":"https:\/\/pasahoy.com.ar\/ph\/wp-json\/wp\/v2\/types\/post"}],"author":[{"embeddable":true,"href":"https:\/\/pasahoy.com.ar\/ph\/wp-json\/wp\/v2\/users\/3"}],"replies":[{"embeddable":true,"href":"https:\/\/pasahoy.com.ar\/ph\/wp-json\/wp\/v2\/comments?post=2992"}],"version-history":[{"count":1,"href":"https:\/\/pasahoy.com.ar\/ph\/wp-json\/wp\/v2\/posts\/2992\/revisions"}],"predecessor-version":[{"id":2994,"href":"https:\/\/pasahoy.com.ar\/ph\/wp-json\/wp\/v2\/posts\/2992\/revisions\/2994"}],"wp:featuredmedia":[{"embeddable":true,"href":"https:\/\/pasahoy.com.ar\/ph\/wp-json\/wp\/v2\/media\/2993"}],"wp:attachment":[{"href":"https:\/\/pasahoy.com.ar\/ph\/wp-json\/wp\/v2\/media?parent=2992"}],"wp:term":[{"taxonomy":"category","embeddable":true,"href":"https:\/\/pasahoy.com.ar\/ph\/wp-json\/wp\/v2\/categories?post=2992"},{"taxonomy":"post_tag","embeddable":true,"href":"https:\/\/pasahoy.com.ar\/ph\/wp-json\/wp\/v2\/tags?post=2992"}],"curies":[{"name":"wp","href":"https:\/\/api.w.org\/{rel}","templated":true}]}}