{"id":2978,"date":"2025-06-14T21:13:38","date_gmt":"2025-06-14T21:13:38","guid":{"rendered":"https:\/\/pasahoy.com.ar\/ph\/?p=2978"},"modified":"2025-06-14T21:13:50","modified_gmt":"2025-06-14T21:13:50","slug":"gran-clasificacion-de-franco-colapinto-largara-11-en-el-gran-premio-de-canada","status":"publish","type":"post","link":"https:\/\/pasahoy.com.ar\/ph\/gran-clasificacion-de-franco-colapinto-largara-11-en-el-gran-premio-de-canada\/","title":{"rendered":"Gran clasificaci\u00f3n de Franco Colapinto: largar\u00e1 11\u00b0 en el Gran Premio de Canad\u00e1"},"content":{"rendered":"\n<p>El argentino mejor\u00f3 claramente su ritmo en relaci\u00f3n a las pruebas libres en el Circuito Gilles-Villeneuve de Montreal y consigui\u00f3 meterse en Q2. Qued\u00f3 12\u00b0, pero largar\u00e1 un puesto m\u00e1s arriba por una sanci\u00f3n a Tsunoda. Pierre Gasly fue eliminado en Q1.<\/p>\n\n\n\n<ul class=\"wp-block-list\">\n<li>Franco Colapinto afront\u00f3 la clasificaci\u00f3n del Gran Premio de Canad\u00e1 y tuvo un gran rendimiento: hizo un tiempo de 1.12.234 y qued\u00f3 12\u00b0.<\/li>\n\n\n\n<li>Por una sanci\u00f3n a Yuki Tsunoda, Colapinto largar\u00e1 en el puesto 11.<\/li>\n\n\n\n<li>El argentino tuvo un gran rendimiento este s\u00e1bado y mejor\u00f3 considerablemente su andar del viernes.<\/li>\n\n\n\n<li>El domingo se disputar\u00e1 la carrera desde las 15:00. <\/li>\n\n\n\n<li>Se termin\u00f3 la clasificaci\u00f3n en el Gran Premio de Canad\u00e1 y se vivi\u00f3 un momento de adrenalina pura.Sobre el final de la Q3, todo se defini\u00f3 con lo justo. <\/li>\n\n\n\n<li><\/li>\n<\/ul>\n\n\n\n<figure class=\"wp-block-gallery has-nested-images columns-default is-cropped wp-block-gallery-1 is-layout-flex wp-block-gallery-is-layout-flex\">\n<figure class=\"wp-block-image size-large\"><img loading=\"lazy\" decoding=\"async\" width=\"1024\" height=\"578\" data-id=\"2979\" src=\"https:\/\/pasahoy.com.ar\/ph\/wp-content\/uploads\/2025\/06\/1000424915-1024x578.png\" alt=\"\" class=\"wp-image-2979\" srcset=\"https:\/\/pasahoy.com.ar\/ph\/wp-content\/uploads\/2025\/06\/1000424915-1024x578.png 1024w, https:\/\/pasahoy.com.ar\/ph\/wp-content\/uploads\/2025\/06\/1000424915-300x169.png 300w, https:\/\/pasahoy.com.ar\/ph\/wp-content\/uploads\/2025\/06\/1000424915-768x434.png 768w, https:\/\/pasahoy.com.ar\/ph\/wp-content\/uploads\/2025\/06\/1000424915.png 1080w\" sizes=\"auto, (max-width: 1024px) 100vw, 1024px\" \/><\/figure>\n<\/figure>\n\n\n<div class=\"wp-block-jetpack-contact-form\"><a href=\"https:\/\/pasahoy.com.ar\/ph\/gran-clasificacion-de-franco-colapinto-largara-11-en-el-gran-premio-de-canada\/\" target=\"_blank\" rel=\"noopener noreferrer\">Env\u00eda un formulario.<\/a><\/div>","protected":false},"excerpt":{"rendered":"<p>El argentino mejor\u00f3 claramente su ritmo en relaci\u00f3n a las pruebas libres en el Circuito Gilles-Villeneuve de Montreal y consigui\u00f3 meterse en Q2. Qued\u00f3 12\u00b0, pero largar\u00e1 un puesto m\u00e1s arriba por una sanci\u00f3n a Tsunoda. Pierre Gasly fue eliminado en Q1.<\/p>\n","protected":false},"author":3,"featured_media":2979,"comment_status":"open","ping_status":"open","sticky":false,"template":"","format":"standard","meta":{"_jetpack_memberships_contains_paid_content":false,"footnotes":""},"categories":[4],"tags":[],"class_list":["post-2978","post","type-post","status-publish","format-standard","has-post-thumbnail","hentry","category-deporte"],"jetpack_featured_media_url":"https:\/\/pasahoy.com.ar\/ph\/wp-content\/uploads\/2025\/06\/1000424915.png","jetpack_sharing_enabled":true,"_links":{"self":[{"href":"https:\/\/pasahoy.com.ar\/ph\/wp-json\/wp\/v2\/posts\/2978","targetHints":{"allow":["GET"]}}],"collection":[{"href":"https:\/\/pasahoy.com.ar\/ph\/wp-json\/wp\/v2\/posts"}],"about":[{"href":"https:\/\/pasahoy.com.ar\/ph\/wp-json\/wp\/v2\/types\/post"}],"author":[{"embeddable":true,"href":"https:\/\/pasahoy.com.ar\/ph\/wp-json\/wp\/v2\/users\/3"}],"replies":[{"embeddable":true,"href":"https:\/\/pasahoy.com.ar\/ph\/wp-json\/wp\/v2\/comments?post=2978"}],"version-history":[{"count":1,"href":"https:\/\/pasahoy.com.ar\/ph\/wp-json\/wp\/v2\/posts\/2978\/revisions"}],"predecessor-version":[{"id":2980,"href":"https:\/\/pasahoy.com.ar\/ph\/wp-json\/wp\/v2\/posts\/2978\/revisions\/2980"}],"wp:featuredmedia":[{"embeddable":true,"href":"https:\/\/pasahoy.com.ar\/ph\/wp-json\/wp\/v2\/media\/2979"}],"wp:attachment":[{"href":"https:\/\/pasahoy.com.ar\/ph\/wp-json\/wp\/v2\/media?parent=2978"}],"wp:term":[{"taxonomy":"category","embeddable":true,"href":"https:\/\/pasahoy.com.ar\/ph\/wp-json\/wp\/v2\/categories?post=2978"},{"taxonomy":"post_tag","embeddable":true,"href":"https:\/\/pasahoy.com.ar\/ph\/wp-json\/wp\/v2\/tags?post=2978"}],"curies":[{"name":"wp","href":"https:\/\/api.w.org\/{rel}","templated":true}]}}