{"id":2972,"date":"2025-06-14T21:03:15","date_gmt":"2025-06-14T21:03:15","guid":{"rendered":"https:\/\/pasahoy.com.ar\/ph\/?p=2972"},"modified":"2025-06-14T21:03:26","modified_gmt":"2025-06-14T21:03:26","slug":"la-justicia-evitaria-citar-a-cristina-kirchner-a-comodoro-py-en-persona","status":"publish","type":"post","link":"https:\/\/pasahoy.com.ar\/ph\/la-justicia-evitaria-citar-a-cristina-kirchner-a-comodoro-py-en-persona\/","title":{"rendered":"La Justicia evitar\u00eda citar a Cristina Kirchner a Comodoro Py en persona"},"content":{"rendered":"\n<p>Avanza la resoluci\u00f3n del arresto domiciliario para la presidenta del PJ y si se la otorgan antes del mi\u00e9rcoles, no habr\u00eda necesidad de que se presente en los tribunales de Retiro.<\/p>\n\n\n\n<p>En las \u00faltimas horas, se supo que la situaci\u00f3n judicial que enfrenta\u00a0<strong>Cristina Kirchner podr\u00eda dar un giro y transformar el panorama pol\u00edtico de la semana pr\u00f3xima<\/strong>. Es que la expresidenta confirm\u00f3 que el pr\u00f3ximo mi\u00e9rcoles ir\u00e1 a Comodoro Py para presentarse y quedar detenida.<\/p>\n\n\n\n<p>A ra\u00edz de esto, el Partido Justicialista est\u00e1 terminando de organizar una marcha para acompa\u00f1arla. Aunque todo esto podr\u00eda suspenderse, ya que se podr\u00edan tomar algunas decisiones que modifique lo pactado.<\/p>\n\n\n\n<p>Hasta el momento, seg\u00fan informaron fuentes judiciales, el tribunal eval\u00faa que la presencia de&nbsp;<strong>Cristina en Comodoro Py no sea necesario<\/strong>, en caso de que el pedido que hizo su defensa para cumplir la pena en su casa se resuelve a su favor y antes del mi\u00e9rcoles.<\/p>\n\n\n\n<p>Cabe aclarar, que esto no est\u00e1 confirmado y es solo posiblidad. Hasta el momento, todo sigue en manos del fiscal Diego Luciani y se puede llegar a conocer la decisi\u00f3n antes del martes.<\/p>\n\n\n\n<figure class=\"wp-block-gallery has-nested-images columns-default is-cropped wp-block-gallery-1 is-layout-flex wp-block-gallery-is-layout-flex\">\n<figure class=\"wp-block-image size-large\"><img loading=\"lazy\" decoding=\"async\" width=\"1024\" height=\"602\" data-id=\"2973\" src=\"https:\/\/pasahoy.com.ar\/ph\/wp-content\/uploads\/2025\/06\/1000424875-1024x602.png\" alt=\"\" class=\"wp-image-2973\" srcset=\"https:\/\/pasahoy.com.ar\/ph\/wp-content\/uploads\/2025\/06\/1000424875-1024x602.png 1024w, https:\/\/pasahoy.com.ar\/ph\/wp-content\/uploads\/2025\/06\/1000424875-300x176.png 300w, https:\/\/pasahoy.com.ar\/ph\/wp-content\/uploads\/2025\/06\/1000424875-768x451.png 768w, https:\/\/pasahoy.com.ar\/ph\/wp-content\/uploads\/2025\/06\/1000424875.png 1026w\" sizes=\"auto, (max-width: 1024px) 100vw, 1024px\" \/><\/figure>\n<\/figure>\n","protected":false},"excerpt":{"rendered":"<p>Avanza la resoluci\u00f3n del arresto domiciliario para la presidenta del PJ y si se la otorgan antes del mi\u00e9rcoles, no habr\u00eda necesidad de que se presente en los tribunales de Retiro. En las \u00faltimas horas, se supo que la situaci\u00f3n judicial que enfrenta\u00a0Cristina Kirchner podr\u00eda dar un giro y transformar el panorama pol\u00edtico de la [&hellip;]<\/p>\n","protected":false},"author":3,"featured_media":2973,"comment_status":"open","ping_status":"open","sticky":false,"template":"","format":"standard","meta":{"_jetpack_memberships_contains_paid_content":false,"footnotes":""},"categories":[2],"tags":[],"class_list":["post-2972","post","type-post","status-publish","format-standard","has-post-thumbnail","hentry","category-nacional"],"jetpack_featured_media_url":"https:\/\/pasahoy.com.ar\/ph\/wp-content\/uploads\/2025\/06\/1000424875.png","jetpack_sharing_enabled":true,"_links":{"self":[{"href":"https:\/\/pasahoy.com.ar\/ph\/wp-json\/wp\/v2\/posts\/2972","targetHints":{"allow":["GET"]}}],"collection":[{"href":"https:\/\/pasahoy.com.ar\/ph\/wp-json\/wp\/v2\/posts"}],"about":[{"href":"https:\/\/pasahoy.com.ar\/ph\/wp-json\/wp\/v2\/types\/post"}],"author":[{"embeddable":true,"href":"https:\/\/pasahoy.com.ar\/ph\/wp-json\/wp\/v2\/users\/3"}],"replies":[{"embeddable":true,"href":"https:\/\/pasahoy.com.ar\/ph\/wp-json\/wp\/v2\/comments?post=2972"}],"version-history":[{"count":1,"href":"https:\/\/pasahoy.com.ar\/ph\/wp-json\/wp\/v2\/posts\/2972\/revisions"}],"predecessor-version":[{"id":2974,"href":"https:\/\/pasahoy.com.ar\/ph\/wp-json\/wp\/v2\/posts\/2972\/revisions\/2974"}],"wp:featuredmedia":[{"embeddable":true,"href":"https:\/\/pasahoy.com.ar\/ph\/wp-json\/wp\/v2\/media\/2973"}],"wp:attachment":[{"href":"https:\/\/pasahoy.com.ar\/ph\/wp-json\/wp\/v2\/media?parent=2972"}],"wp:term":[{"taxonomy":"category","embeddable":true,"href":"https:\/\/pasahoy.com.ar\/ph\/wp-json\/wp\/v2\/categories?post=2972"},{"taxonomy":"post_tag","embeddable":true,"href":"https:\/\/pasahoy.com.ar\/ph\/wp-json\/wp\/v2\/tags?post=2972"}],"curies":[{"name":"wp","href":"https:\/\/api.w.org\/{rel}","templated":true}]}}