{"id":2959,"date":"2025-06-13T18:11:57","date_gmt":"2025-06-13T18:11:57","guid":{"rendered":"https:\/\/pasahoy.com.ar\/ph\/?p=2959"},"modified":"2025-06-13T18:12:11","modified_gmt":"2025-06-13T18:12:11","slug":"cristina-kirchner-confirmo-que-el-miercoles-se-presenta-en-comodoro-py-y-dio-sus-motivos-para-la-prision-domiciliaria","status":"publish","type":"post","link":"https:\/\/pasahoy.com.ar\/ph\/cristina-kirchner-confirmo-que-el-miercoles-se-presenta-en-comodoro-py-y-dio-sus-motivos-para-la-prision-domiciliaria\/","title":{"rendered":"Cristina Kirchner confirm\u00f3 que el mi\u00e9rcoles se presenta en Comodoro Py y dio sus motivos para la prisi\u00f3n domiciliaria"},"content":{"rendered":"\n<p>La expresidenta public\u00f3 un descargo luego de que la Corte ratificara su condena por corrupci\u00f3n en la causa Vialidad; \u201cTriunvirato t\u00edtere\u201d, les dijo a los magistrados<\/p>\n\n\n\n<p>La expresidenta\u00a0<a href=\"https:\/\/www.lanacion.com.ar\/politica\/la-justicia-ya-tiene-la-lista-de-lugares-en-los-que-cristina-kirchner-podria-quedar-detenida-nid12062025\/\"><strong>Cristina Kirchner<\/strong><\/a>\u00a0escribi\u00f3 este viernes un descargo tras ser condenada en la\u00a0<strong>causa Vialidad<\/strong>\u00a0por la\u00a0<strong>Corte Suprema de Justicia<\/strong>\u00a0en el que -entre cr\u00edticas al m\u00e1ximo tribunal- confirm\u00f3 que\u00a0<strong>se presentar\u00e1 para notificarse en Comodoro Py el pr\u00f3ximo mi\u00e9rcoles 18 de junio.<\/strong>\u00a0Adem\u00e1s, dio los\u00a0<strong>motivos\u00a0<\/strong>por los que pidi\u00f3 la<strong>\u00a0prisi\u00f3n domiciliaria<\/strong>\u00a0en su casa de Monserrat. <\/p>\n\n\n\n<p>Su abogado,&nbsp;<strong>Carlos Beraldi<\/strong>, ya solicit\u00f3 que la expresidenta quede recluida en ese domicilio porte\u00f1o, luego de que la Corte firmara una&nbsp;<strong>sentencia definitiva<\/strong>&nbsp;en su contra de<strong>&nbsp;seis a\u00f1os de prisi\u00f3n&nbsp;<\/strong>e&nbsp;<strong>inhabilitaci\u00f3n perpetua para ejercer cargos p\u00fablicos<\/strong>. Esto por el manejo de la&nbsp;<strong>obra p\u00fablica en Santa Cruz<\/strong>&nbsp;cuando estuvo en la Casa Rosada. El fallo fue firmado por&nbsp;<strong>Horacio Rosatti, Carlos Rosenkrantz y Ricardo Lorenzetti.<\/strong><\/p>\n\n\n\n<p>\u201cEl martes, cuando el<strong>&nbsp;triunvirato t\u00edtere que funge como ficci\u00f3n de Corte Suprema de Justicia&nbsp;<\/strong>cumpli\u00f3 la orden de&nbsp;<strong>proscripci\u00f3n&nbsp;<\/strong>del poder econ\u00f3mico contra mi persona, poni\u00e9ndole un cepo al voto popular, mis abogados presentaron ante el Tribunal Oral N\u00b02 solicitud de&nbsp;<strong>detenci\u00f3n domiciliaria<\/strong>&nbsp;en mi casa, en el barrio de&nbsp;<strong>Monserrat<\/strong>.<strong>&nbsp;No se trata de un privilegio. Por el contrario, obedece a estrictas razones de seguridad personal<\/strong>\u201c, indic\u00f3 la expresidenta, en medio de las cr\u00edticas de la oposici\u00f3n y de sus detractores, que le achacan querer mejores condiciones que otros detenidos.<\/p>\n\n\n\n<p>Entonces, Cristina Kirchner primero habl\u00f3 de<strong>\u00a0\u201cmotivos institucionales\u201d<\/strong>\u00a0para estar detenida en ese departamento, donde ahora hay vigilias de militantes y que tiene un balc\u00f3n por el que la jefa del Partido Justicialista (<strong>PJ<\/strong>) sale a saludar cada tanto durante el d\u00eda. <\/p>\n\n\n\n<p>Su abogado,&nbsp;<strong>Carlos Beraldi<\/strong>, ya solicit\u00f3 que la expresidenta quede recluida en ese domicilio porte\u00f1o, luego de que la Corte firmara una&nbsp;<strong>sentencia definitiva<\/strong>&nbsp;en su contra de<strong>&nbsp;seis a\u00f1os de prisi\u00f3n&nbsp;<\/strong>e&nbsp;<strong>inhabilitaci\u00f3n perpetua para ejercer cargos p\u00fablicos<\/strong>. Esto por el manejo de la&nbsp;<strong>obra p\u00fablica en Santa Cruz<\/strong>&nbsp;cuando estuvo en la Casa Rosada. El fallo fue firmado por&nbsp;<strong>Horacio Rosatti, Carlos Rosenkrantz y Ricardo Lorenzetti.<\/strong><\/p>\n\n\n\n<p>\u201cEl martes, cuando el<strong>&nbsp;triunvirato t\u00edtere que funge como ficci\u00f3n de Corte Suprema de Justicia&nbsp;<\/strong>cumpli\u00f3 la orden de&nbsp;<strong>proscripci\u00f3n&nbsp;<\/strong>del poder econ\u00f3mico contra mi persona, poni\u00e9ndole un cepo al voto popular, mis abogados presentaron ante el Tribunal Oral N\u00b02 solicitud de&nbsp;<strong>detenci\u00f3n domiciliaria<\/strong>&nbsp;en mi casa, en el barrio de&nbsp;<strong>Monserrat<\/strong>.<strong>&nbsp;No se trata de un privilegio. Por el contrario, obedece a estrictas razones de seguridad personal<\/strong>\u201c, indic\u00f3 la expresidenta, en medio de las cr\u00edticas de la oposici\u00f3n y de sus detractores, que le achacan querer mejores condiciones que otros detenidos.<\/p>\n\n\n\n<p>Entonces, Cristina Kirchner primero habl\u00f3 de<strong>&nbsp;\u201cmotivos institucionales\u201d<\/strong>&nbsp;para estar detenida en ese departamento, donde ahora hay vigilias de militantes y que tiene un balc\u00f3n por el que la jefa del Partido Justicialista (<strong>PJ<\/strong>) sale a saludar cada tanto durante el d\u00eda.<\/p>\n\n\n\n<p>Fui presidenta durante dos per\u00edodos consecutivos y, de acuerdo a la normativa vigente, debo contar con&nbsp;<strong>custodia de por vida.<\/strong>&nbsp;Es obligatoria y no puedo sustraerme voluntariamente de ella. Dicha custodia obedece a los riesgos a los que se ven expuestos quienes han desempe\u00f1ado la primera magistratura\u00bb, marc\u00f3.<\/p>\n\n\n\n<p>Despu\u00e9s, dijo que a esta cuesti\u00f3n se suma otro motivo&nbsp;<strong>\u201cverdaderamente m\u00e1s grave\u201d y \u201cdefinitorio\u201d&nbsp;<\/strong>para la resoluci\u00f3n que debe tomar el tribunal. \u201cEl 1 de septiembre de 2022, cuando desempe\u00f1aba la vicepresidencia de la Naci\u00f3n, fui objeto de un<strong>&nbsp;intento de magnicidio&nbsp;<\/strong>durante la sustanciaci\u00f3n de la etapa final del&nbsp;<strong>engendro pol\u00edtico-electoral&nbsp;<\/strong>conocido como<strong>&nbsp;Vialidad<\/strong>, que culmin\u00f3 este martes con \u2018el fallo que s\u00ed sali\u00f3\u2019\u201c, indic\u00f3 sobre aquel d\u00eda en que&nbsp;<strong>Fernando Sabag Montiel&nbsp;<\/strong>(detenido) gatill\u00f3 un arma en su cabeza camuflado entre seguidores K que iban a alentarla por su situaci\u00f3n judicial a otro de sus domicilios, este en&nbsp;<strong>Recoleta<\/strong>.<\/p>\n\n\n\n<figure class=\"wp-block-gallery has-nested-images columns-default is-cropped wp-block-gallery-1 is-layout-flex wp-block-gallery-is-layout-flex\">\n<figure class=\"wp-block-image size-large\"><img loading=\"lazy\" decoding=\"async\" width=\"1024\" height=\"632\" data-id=\"2960\" src=\"https:\/\/pasahoy.com.ar\/ph\/wp-content\/uploads\/2025\/06\/1000421308-1024x632.png\" alt=\"\" class=\"wp-image-2960\" srcset=\"https:\/\/pasahoy.com.ar\/ph\/wp-content\/uploads\/2025\/06\/1000421308-1024x632.png 1024w, https:\/\/pasahoy.com.ar\/ph\/wp-content\/uploads\/2025\/06\/1000421308-300x185.png 300w, https:\/\/pasahoy.com.ar\/ph\/wp-content\/uploads\/2025\/06\/1000421308-768x474.png 768w, https:\/\/pasahoy.com.ar\/ph\/wp-content\/uploads\/2025\/06\/1000421308.png 1080w\" sizes=\"auto, (max-width: 1024px) 100vw, 1024px\" \/><\/figure>\n<\/figure>\n","protected":false},"excerpt":{"rendered":"<p>La expresidenta public\u00f3 un descargo luego de que la Corte ratificara su condena por corrupci\u00f3n en la causa Vialidad; \u201cTriunvirato t\u00edtere\u201d, les dijo a los magistrados La expresidenta\u00a0Cristina Kirchner\u00a0escribi\u00f3 este viernes un descargo tras ser condenada en la\u00a0causa Vialidad\u00a0por la\u00a0Corte Suprema de Justicia\u00a0en el que -entre cr\u00edticas al m\u00e1ximo tribunal- confirm\u00f3 que\u00a0se presentar\u00e1 para notificarse [&hellip;]<\/p>\n","protected":false},"author":3,"featured_media":2960,"comment_status":"open","ping_status":"open","sticky":false,"template":"","format":"standard","meta":{"_jetpack_memberships_contains_paid_content":false,"footnotes":""},"categories":[2],"tags":[],"class_list":["post-2959","post","type-post","status-publish","format-standard","has-post-thumbnail","hentry","category-nacional"],"jetpack_featured_media_url":"https:\/\/pasahoy.com.ar\/ph\/wp-content\/uploads\/2025\/06\/1000421308.png","jetpack_sharing_enabled":true,"_links":{"self":[{"href":"https:\/\/pasahoy.com.ar\/ph\/wp-json\/wp\/v2\/posts\/2959","targetHints":{"allow":["GET"]}}],"collection":[{"href":"https:\/\/pasahoy.com.ar\/ph\/wp-json\/wp\/v2\/posts"}],"about":[{"href":"https:\/\/pasahoy.com.ar\/ph\/wp-json\/wp\/v2\/types\/post"}],"author":[{"embeddable":true,"href":"https:\/\/pasahoy.com.ar\/ph\/wp-json\/wp\/v2\/users\/3"}],"replies":[{"embeddable":true,"href":"https:\/\/pasahoy.com.ar\/ph\/wp-json\/wp\/v2\/comments?post=2959"}],"version-history":[{"count":1,"href":"https:\/\/pasahoy.com.ar\/ph\/wp-json\/wp\/v2\/posts\/2959\/revisions"}],"predecessor-version":[{"id":2961,"href":"https:\/\/pasahoy.com.ar\/ph\/wp-json\/wp\/v2\/posts\/2959\/revisions\/2961"}],"wp:featuredmedia":[{"embeddable":true,"href":"https:\/\/pasahoy.com.ar\/ph\/wp-json\/wp\/v2\/media\/2960"}],"wp:attachment":[{"href":"https:\/\/pasahoy.com.ar\/ph\/wp-json\/wp\/v2\/media?parent=2959"}],"wp:term":[{"taxonomy":"category","embeddable":true,"href":"https:\/\/pasahoy.com.ar\/ph\/wp-json\/wp\/v2\/categories?post=2959"},{"taxonomy":"post_tag","embeddable":true,"href":"https:\/\/pasahoy.com.ar\/ph\/wp-json\/wp\/v2\/tags?post=2959"}],"curies":[{"name":"wp","href":"https:\/\/api.w.org\/{rel}","templated":true}]}}