{"id":2953,"date":"2025-06-13T17:49:30","date_gmt":"2025-06-13T17:49:30","guid":{"rendered":"https:\/\/pasahoy.com.ar\/ph\/?p=2953"},"modified":"2025-06-13T17:49:43","modified_gmt":"2025-06-13T17:49:43","slug":"no-hay-limites-en-la-respuesta-a-este-crimen","status":"publish","type":"post","link":"https:\/\/pasahoy.com.ar\/ph\/no-hay-limites-en-la-respuesta-a-este-crimen\/","title":{"rendered":"\u201cNO HAY L\u00cdMITES EN LA RESPUESTA A ESTE CRIMEN\u201d"},"content":{"rendered":"\n<p>Las Fuerzas de Defensa de Israel informaron que este viernes interceptaron al menos 100 drones lanzados por Ir\u00e1n en respuesta al ataque contra objetivos militares y nucleares. Hasta el momento, seg\u00fan las autoridades israel\u00edes, ninguno lleg\u00f3 al pa\u00eds.<\/p>\n\n\n\n<p>\u201cEl ej\u00e9rcito ha comenzado a interceptar veh\u00edculos a\u00e9reos no tripulados (UAV) disparados desde Ir\u00e1n, fuera del territorio israel\u00ed\u201d, indic\u00f3 un funcionario en un comunicado difundido por las Fuerzas de Defensa de Israel.<\/p>\n\n\n\n<p>El ataque con drones fue la primera reacci\u00f3n de Ir\u00e1n, luego de que una operaci\u00f3n de Israel con 200 aviones cazas afectara distintas \u00e1reas militares y nucleares.<\/p>\n\n\n\n<p>Adem\u00e1s de causar la muerte de al menos dos funcionarios de alto rango, Mohammad Bagheri, jefe del Estado Mayor de las Fuerzas Armadas, y Hossein Salami, comandante de la Guardia Revolucionaria, tambi\u00e9n se report\u00f3 la de al menos seis cient\u00edficos vinculados con distintos programas de energ\u00eda nuclear.<\/p>\n\n\n\n<p>El Estado Mayor del Ej\u00e9rcito de Ir\u00e1n emiti\u00f3 un comunicado en el que se\u00f1al\u00f3 que \u00abno tendr\u00e1 l\u00edmites\u00bb en su respuesta ante el ataque de Israel. \u00abAhora que el r\u00e9gimen terrorista que ocupa Al Quds (Jerusal\u00e9n) ha cruzado todas las l\u00edneas rojas, no hay l\u00edmites en la respuesta a este crimen\u00bb, asegur\u00f3 el Ej\u00e9rcito de Ir\u00e1n.<\/p>\n\n\n\n<p>Segu\u00ed todas las noticias en cronica.com.ar<\/p>\n\n\n\n<h1 class=\"wp-block-heading\"><\/h1>\n\n\n\n<figure class=\"wp-block-gallery has-nested-images columns-default is-cropped wp-block-gallery-1 is-layout-flex wp-block-gallery-is-layout-flex\">\n<figure class=\"wp-block-image size-full\"><img loading=\"lazy\" decoding=\"async\" width=\"924\" height=\"779\" data-id=\"2954\" src=\"https:\/\/pasahoy.com.ar\/ph\/wp-content\/uploads\/2025\/06\/1000421251.png\" alt=\"\" class=\"wp-image-2954\" srcset=\"https:\/\/pasahoy.com.ar\/ph\/wp-content\/uploads\/2025\/06\/1000421251.png 924w, https:\/\/pasahoy.com.ar\/ph\/wp-content\/uploads\/2025\/06\/1000421251-300x253.png 300w, https:\/\/pasahoy.com.ar\/ph\/wp-content\/uploads\/2025\/06\/1000421251-768x647.png 768w\" sizes=\"auto, (max-width: 924px) 100vw, 924px\" \/><\/figure>\n<\/figure>\n","protected":false},"excerpt":{"rendered":"<p>Las Fuerzas de Defensa de Israel informaron que este viernes interceptaron al menos 100 drones lanzados por Ir\u00e1n en respuesta al ataque contra objetivos militares y nucleares. Hasta el momento, seg\u00fan las autoridades israel\u00edes, ninguno lleg\u00f3 al pa\u00eds. \u201cEl ej\u00e9rcito ha comenzado a interceptar veh\u00edculos a\u00e9reos no tripulados (UAV) disparados desde Ir\u00e1n, fuera del territorio [&hellip;]<\/p>\n","protected":false},"author":3,"featured_media":2954,"comment_status":"open","ping_status":"open","sticky":false,"template":"","format":"standard","meta":{"_jetpack_memberships_contains_paid_content":false,"footnotes":""},"categories":[3],"tags":[],"class_list":["post-2953","post","type-post","status-publish","format-standard","has-post-thumbnail","hentry","category-internacional"],"jetpack_featured_media_url":"https:\/\/pasahoy.com.ar\/ph\/wp-content\/uploads\/2025\/06\/1000421251.png","jetpack_sharing_enabled":true,"_links":{"self":[{"href":"https:\/\/pasahoy.com.ar\/ph\/wp-json\/wp\/v2\/posts\/2953","targetHints":{"allow":["GET"]}}],"collection":[{"href":"https:\/\/pasahoy.com.ar\/ph\/wp-json\/wp\/v2\/posts"}],"about":[{"href":"https:\/\/pasahoy.com.ar\/ph\/wp-json\/wp\/v2\/types\/post"}],"author":[{"embeddable":true,"href":"https:\/\/pasahoy.com.ar\/ph\/wp-json\/wp\/v2\/users\/3"}],"replies":[{"embeddable":true,"href":"https:\/\/pasahoy.com.ar\/ph\/wp-json\/wp\/v2\/comments?post=2953"}],"version-history":[{"count":1,"href":"https:\/\/pasahoy.com.ar\/ph\/wp-json\/wp\/v2\/posts\/2953\/revisions"}],"predecessor-version":[{"id":2955,"href":"https:\/\/pasahoy.com.ar\/ph\/wp-json\/wp\/v2\/posts\/2953\/revisions\/2955"}],"wp:featuredmedia":[{"embeddable":true,"href":"https:\/\/pasahoy.com.ar\/ph\/wp-json\/wp\/v2\/media\/2954"}],"wp:attachment":[{"href":"https:\/\/pasahoy.com.ar\/ph\/wp-json\/wp\/v2\/media?parent=2953"}],"wp:term":[{"taxonomy":"category","embeddable":true,"href":"https:\/\/pasahoy.com.ar\/ph\/wp-json\/wp\/v2\/categories?post=2953"},{"taxonomy":"post_tag","embeddable":true,"href":"https:\/\/pasahoy.com.ar\/ph\/wp-json\/wp\/v2\/tags?post=2953"}],"curies":[{"name":"wp","href":"https:\/\/api.w.org\/{rel}","templated":true}]}}