{"id":2948,"date":"2025-06-13T17:47:44","date_gmt":"2025-06-13T17:47:44","guid":{"rendered":"https:\/\/pasahoy.com.ar\/ph\/?p=2948"},"modified":"2025-06-13T17:47:54","modified_gmt":"2025-06-13T17:47:54","slug":"contra-el-olvido-historias-de-resistencia-estreno-su-tercer-capitulo-en-espacio-73","status":"publish","type":"post","link":"https:\/\/pasahoy.com.ar\/ph\/contra-el-olvido-historias-de-resistencia-estreno-su-tercer-capitulo-en-espacio-73\/","title":{"rendered":"\u201cContra el Olvido: historias de resistencia\u201d estren\u00f3 su tercer cap\u00edtulo en Espacio 73"},"content":{"rendered":"\n<p><em>La segunda temporada est\u00e1 compuesta por nueve episodios que recuperan memorias individuales y colectivas, mostrando que recordar tambi\u00e9n es resistir. Este viernes se podr\u00e1 ver en la pantalla de Canal 9.<\/em><\/p>\n\n\n\n<figure class=\"wp-block-gallery has-nested-images columns-default is-cropped wp-block-gallery-1 is-layout-flex wp-block-gallery-is-layout-flex\">\n<figure class=\"wp-block-image size-large\"><img loading=\"lazy\" decoding=\"async\" width=\"1024\" height=\"768\" data-id=\"2949\" src=\"https:\/\/pasahoy.com.ar\/ph\/wp-content\/uploads\/2025\/06\/1000421248-1024x768.jpg\" alt=\"\" class=\"wp-image-2949\" srcset=\"https:\/\/pasahoy.com.ar\/ph\/wp-content\/uploads\/2025\/06\/1000421248-1024x768.jpg 1024w, https:\/\/pasahoy.com.ar\/ph\/wp-content\/uploads\/2025\/06\/1000421248-300x225.jpg 300w, https:\/\/pasahoy.com.ar\/ph\/wp-content\/uploads\/2025\/06\/1000421248-768x576.jpg 768w, https:\/\/pasahoy.com.ar\/ph\/wp-content\/uploads\/2025\/06\/1000421248.jpg 1280w\" sizes=\"auto, (max-width: 1024px) 100vw, 1024px\" \/><\/figure>\n\n\n\n<figure class=\"wp-block-image size-large\"><img loading=\"lazy\" decoding=\"async\" width=\"1024\" height=\"662\" data-id=\"2951\" src=\"https:\/\/pasahoy.com.ar\/ph\/wp-content\/uploads\/2025\/06\/1000421249-1024x662.jpg\" alt=\"\" class=\"wp-image-2951\" srcset=\"https:\/\/pasahoy.com.ar\/ph\/wp-content\/uploads\/2025\/06\/1000421249-1024x662.jpg 1024w, https:\/\/pasahoy.com.ar\/ph\/wp-content\/uploads\/2025\/06\/1000421249-300x194.jpg 300w, https:\/\/pasahoy.com.ar\/ph\/wp-content\/uploads\/2025\/06\/1000421249-768x496.jpg 768w, https:\/\/pasahoy.com.ar\/ph\/wp-content\/uploads\/2025\/06\/1000421249.jpg 1280w\" sizes=\"auto, (max-width: 1024px) 100vw, 1024px\" \/><\/figure>\n\n\n\n<figure class=\"wp-block-image size-large\"><img loading=\"lazy\" decoding=\"async\" width=\"1024\" height=\"670\" data-id=\"2950\" src=\"https:\/\/pasahoy.com.ar\/ph\/wp-content\/uploads\/2025\/06\/1000421250-1024x670.jpg\" alt=\"\" class=\"wp-image-2950\" srcset=\"https:\/\/pasahoy.com.ar\/ph\/wp-content\/uploads\/2025\/06\/1000421250-1024x670.jpg 1024w, https:\/\/pasahoy.com.ar\/ph\/wp-content\/uploads\/2025\/06\/1000421250-300x196.jpg 300w, https:\/\/pasahoy.com.ar\/ph\/wp-content\/uploads\/2025\/06\/1000421250-768x503.jpg 768w, https:\/\/pasahoy.com.ar\/ph\/wp-content\/uploads\/2025\/06\/1000421250.jpg 1280w\" sizes=\"auto, (max-width: 1024px) 100vw, 1024px\" \/><\/figure>\n<\/figure>\n\n\n\n<p>La segunda temporada de la serie documental riojana \u00abContra el Olvido\u00bb contin\u00faa su recorrido. Este mi\u00e9rcoles se proyect\u00f3 el tercer episodio en la sala de Espacio 73, con gran acompa\u00f1amiento del p\u00fablico. La producci\u00f3n, \u00edntegramente local, cuenta con la conducci\u00f3n de Pano Navazo, la direcci\u00f3n de Ismael Fuentes Navarro, la producci\u00f3n de Emilia Tapia y la coproducci\u00f3n de la plataforma Late Play.<br>En esta entrega, la protagonista fue Diana Quir\u00f3s, quien, en los a\u00f1os &#8217;70, participaba activamente de los grupos juveniles impulsados por la pastoral de Monse\u00f1or Angelelli. Su compromiso la llev\u00f3 a asumir una opci\u00f3n pol\u00edtica transformadora, lo que marc\u00f3 su destino: fue detenida a los 17 a\u00f1os y pas\u00f3 7 a\u00f1os presa en La Rioja y en Devoto. Con la llegada de la democracia, Diana continu\u00f3 su lucha como querellante y testigo en juicios por cr\u00edmenes de lesa humanidad.<br>El cap\u00edtulo tambi\u00e9n cont\u00f3 con la participaci\u00f3n art\u00edstica de Emilia Nieto, actriz de teatro local, reafirmando el compromiso de la serie con las expresiones culturales de la Provincia.<\/p>\n\n\n\n<p><em>Recordar, resistir<\/em><br>\u00abContra el Olvido\u00bb teje los relatos de quienes vivieron el terrorismo de Estado en carne propia. Esta segunda temporada estar\u00e1 compuesta por nueve episodios que recuperan memorias individuales y colectivas, mostrando que recordar tambi\u00e9n es resistir.<br>Los cap\u00edtulos se pueden ver todos los mi\u00e9rcoles a las 20 horas en Espacio 73, los viernes a las 22 por Canal 9 y est\u00e1n disponibles en la plataforma lateplay.larioja.gob.ar, donde tambi\u00e9n se encuentra la primera temporada completa junto a otras producciones riojanas.<br>Este proyecto cuenta con el apoyo del Gobierno de La Rioja y del gobernador Ricardo Quintela; la Secretar\u00eda de Derechos Humanos, encabezada por Delfor Brizuela, y la Secretar\u00eda de Comunicaci\u00f3n y Planificaci\u00f3n P\u00fablica, a cargo de Luz Sant\u00e1ngelo Carrizo.<\/p>\n","protected":false},"excerpt":{"rendered":"<p>La segunda temporada est\u00e1 compuesta por nueve episodios que recuperan memorias individuales y colectivas, mostrando que recordar tambi\u00e9n es resistir. Este viernes se podr\u00e1 ver en la pantalla de Canal 9. La segunda temporada de la serie documental riojana \u00abContra el Olvido\u00bb contin\u00faa su recorrido. Este mi\u00e9rcoles se proyect\u00f3 el tercer episodio en la sala [&hellip;]<\/p>\n","protected":false},"author":3,"featured_media":2949,"comment_status":"open","ping_status":"open","sticky":false,"template":"","format":"standard","meta":{"_jetpack_memberships_contains_paid_content":false,"footnotes":""},"categories":[5],"tags":[],"class_list":["post-2948","post","type-post","status-publish","format-standard","has-post-thumbnail","hentry","category-espectaculo"],"jetpack_featured_media_url":"https:\/\/pasahoy.com.ar\/ph\/wp-content\/uploads\/2025\/06\/1000421248.jpg","jetpack_sharing_enabled":true,"_links":{"self":[{"href":"https:\/\/pasahoy.com.ar\/ph\/wp-json\/wp\/v2\/posts\/2948","targetHints":{"allow":["GET"]}}],"collection":[{"href":"https:\/\/pasahoy.com.ar\/ph\/wp-json\/wp\/v2\/posts"}],"about":[{"href":"https:\/\/pasahoy.com.ar\/ph\/wp-json\/wp\/v2\/types\/post"}],"author":[{"embeddable":true,"href":"https:\/\/pasahoy.com.ar\/ph\/wp-json\/wp\/v2\/users\/3"}],"replies":[{"embeddable":true,"href":"https:\/\/pasahoy.com.ar\/ph\/wp-json\/wp\/v2\/comments?post=2948"}],"version-history":[{"count":1,"href":"https:\/\/pasahoy.com.ar\/ph\/wp-json\/wp\/v2\/posts\/2948\/revisions"}],"predecessor-version":[{"id":2952,"href":"https:\/\/pasahoy.com.ar\/ph\/wp-json\/wp\/v2\/posts\/2948\/revisions\/2952"}],"wp:featuredmedia":[{"embeddable":true,"href":"https:\/\/pasahoy.com.ar\/ph\/wp-json\/wp\/v2\/media\/2949"}],"wp:attachment":[{"href":"https:\/\/pasahoy.com.ar\/ph\/wp-json\/wp\/v2\/media?parent=2948"}],"wp:term":[{"taxonomy":"category","embeddable":true,"href":"https:\/\/pasahoy.com.ar\/ph\/wp-json\/wp\/v2\/categories?post=2948"},{"taxonomy":"post_tag","embeddable":true,"href":"https:\/\/pasahoy.com.ar\/ph\/wp-json\/wp\/v2\/tags?post=2948"}],"curies":[{"name":"wp","href":"https:\/\/api.w.org\/{rel}","templated":true}]}}