{"id":2933,"date":"2025-06-13T17:27:16","date_gmt":"2025-06-13T17:27:16","guid":{"rendered":"https:\/\/pasahoy.com.ar\/ph\/?p=2933"},"modified":"2025-06-13T17:27:56","modified_gmt":"2025-06-13T17:27:56","slug":"fuerte-siniestro-vial-en-bulnes-y-pellegrini-una-mujer-rescatada-y-dos-menores-asistidas","status":"publish","type":"post","link":"https:\/\/pasahoy.com.ar\/ph\/fuerte-siniestro-vial-en-bulnes-y-pellegrini-una-mujer-rescatada-y-dos-menores-asistidas\/","title":{"rendered":"FUERTE SINIESTRO VIAL EN BULNES Y PELLEGRINI: UNA MUJER RESCATADA Y DOS MENORES ASISTIDAS"},"content":{"rendered":"\n<p>Esta ma\u00f1ana, un violento choque ocurri\u00f3 en la esquina de Bulnes y Pellegrini, donde colisionaron un Renault 9 blanco y un Fiat Punto gris.<\/p>\n\n\n\n<p>La conductora del Renault 9 qued\u00f3 atrapada entre los hierros. Tras casi una hora de trabajo con herramientas de corte, fue rescatada por personal de la Polic\u00eda, el Servicio de Emergencias 107, Bomberos de la Polic\u00eda y Voluntarios.<\/p>\n\n\n\n<p> La mujer, que inicialmente estaba inconsciente, fue estabilizada y trasladada al Hospital Dr. Enrique Vera Barros.<\/p>\n\n\n\n<p> En el auto viajaban tambi\u00e9n dos menores, de 6 y 9 a\u00f1os, que sufrieron contusiones. Fueron asistidas y derivadas al Hospital de la Madre y el Ni\u00f1o, sin lesiones de gravedad.<\/p>\n\n\n\n<p> Los test de alcoholemia a los conductores dieron negativos.<br>.<br><\/p>\n\n\n\n<figure class=\"wp-block-gallery has-nested-images columns-default is-cropped wp-block-gallery-1 is-layout-flex wp-block-gallery-is-layout-flex\">\n<figure class=\"wp-block-image size-large\"><img loading=\"lazy\" decoding=\"async\" width=\"1024\" height=\"723\" data-id=\"2935\" src=\"https:\/\/pasahoy.com.ar\/ph\/wp-content\/uploads\/2025\/06\/1000421161-1-1024x723.png\" alt=\"\" class=\"wp-image-2935\" srcset=\"https:\/\/pasahoy.com.ar\/ph\/wp-content\/uploads\/2025\/06\/1000421161-1-1024x723.png 1024w, https:\/\/pasahoy.com.ar\/ph\/wp-content\/uploads\/2025\/06\/1000421161-1-300x212.png 300w, https:\/\/pasahoy.com.ar\/ph\/wp-content\/uploads\/2025\/06\/1000421161-1-768x542.png 768w, https:\/\/pasahoy.com.ar\/ph\/wp-content\/uploads\/2025\/06\/1000421161-1.png 1069w\" sizes=\"auto, (max-width: 1024px) 100vw, 1024px\" \/><\/figure>\n<\/figure>\n","protected":false},"excerpt":{"rendered":"<p>Esta ma\u00f1ana, un violento choque ocurri\u00f3 en la esquina de Bulnes y Pellegrini, donde colisionaron un Renault 9 blanco y un Fiat Punto gris. La conductora del Renault 9 qued\u00f3 atrapada entre los hierros. Tras casi una hora de trabajo con herramientas de corte, fue rescatada por personal de la Polic\u00eda, el Servicio de Emergencias [&hellip;]<\/p>\n","protected":false},"author":3,"featured_media":2935,"comment_status":"open","ping_status":"open","sticky":false,"template":"","format":"standard","meta":{"_jetpack_memberships_contains_paid_content":false,"footnotes":""},"categories":[9],"tags":[],"class_list":["post-2933","post","type-post","status-publish","format-standard","has-post-thumbnail","hentry","category-policial"],"jetpack_featured_media_url":"https:\/\/pasahoy.com.ar\/ph\/wp-content\/uploads\/2025\/06\/1000421161-1.png","jetpack_sharing_enabled":true,"_links":{"self":[{"href":"https:\/\/pasahoy.com.ar\/ph\/wp-json\/wp\/v2\/posts\/2933","targetHints":{"allow":["GET"]}}],"collection":[{"href":"https:\/\/pasahoy.com.ar\/ph\/wp-json\/wp\/v2\/posts"}],"about":[{"href":"https:\/\/pasahoy.com.ar\/ph\/wp-json\/wp\/v2\/types\/post"}],"author":[{"embeddable":true,"href":"https:\/\/pasahoy.com.ar\/ph\/wp-json\/wp\/v2\/users\/3"}],"replies":[{"embeddable":true,"href":"https:\/\/pasahoy.com.ar\/ph\/wp-json\/wp\/v2\/comments?post=2933"}],"version-history":[{"count":2,"href":"https:\/\/pasahoy.com.ar\/ph\/wp-json\/wp\/v2\/posts\/2933\/revisions"}],"predecessor-version":[{"id":2936,"href":"https:\/\/pasahoy.com.ar\/ph\/wp-json\/wp\/v2\/posts\/2933\/revisions\/2936"}],"wp:featuredmedia":[{"embeddable":true,"href":"https:\/\/pasahoy.com.ar\/ph\/wp-json\/wp\/v2\/media\/2935"}],"wp:attachment":[{"href":"https:\/\/pasahoy.com.ar\/ph\/wp-json\/wp\/v2\/media?parent=2933"}],"wp:term":[{"taxonomy":"category","embeddable":true,"href":"https:\/\/pasahoy.com.ar\/ph\/wp-json\/wp\/v2\/categories?post=2933"},{"taxonomy":"post_tag","embeddable":true,"href":"https:\/\/pasahoy.com.ar\/ph\/wp-json\/wp\/v2\/tags?post=2933"}],"curies":[{"name":"wp","href":"https:\/\/api.w.org\/{rel}","templated":true}]}}